{"id":8932,"date":"2026-04-26T12:52:36","date_gmt":"2026-04-26T18:52:36","guid":{"rendered":"https:\/\/stacatarina.mx\/consejos\/podria-el-calentamiento-de-los-mares-traer-de-regreso-a-los-grandes-tiburones-blancos-al-norte\/"},"modified":"2026-04-26T12:52:41","modified_gmt":"2026-04-26T18:52:41","slug":"podria-el-calentamiento-de-los-mares-traer-de-regreso-a-los-grandes-tiburones-blancos-al-norte","status":"publish","type":"post","link":"https:\/\/stacatarina.mx\/consejos\/podria-el-calentamiento-de-los-mares-traer-de-regreso-a-los-grandes-tiburones-blancos-al-norte\/","title":{"rendered":"\u00bfPodr\u00eda el calentamiento de los mares traer de regreso a los grandes tiburones blancos al Norte&#8230;?"},"content":{"rendered":"<div class=\"entry-content\">\n<p>A medida que la Tierra cambia hacia climas que no se ve\u00edan desde hace varios cientos de miles de a\u00f1os, es posible que necesitemos observar entornos antiguos en busca de pistas sobre lo que podr\u00eda suceder a continuaci\u00f3n.<\/p>\n<p>Nuestro nuevo estudio de dos f\u00f3siles de ballenas, con fragmentos conservados de dientes de tibur\u00f3n, sugiere que los descendientes modernos de estos animales podr\u00edan volver a vagar por la regi\u00f3n sur del Mar del Norte, entre el Reino Unido, B\u00e9lgica y Dinamarca. El cambio clim\u00e1tico puede recrear las condiciones que permitieron a los ancestros de los grandes tiburones blancos cazar en estas aguas.<\/p>\n<p>Si desea informaci\u00f3n sobre c\u00f3mo los animales y otros organismos podr\u00edan responder al tipo de cambios clim\u00e1ticos que nuestro planeta est\u00e1 experimentando en este momento, necesita evidencia de respuestas anteriores a tales cambios.<\/p>\n<p>La paleoecolog\u00eda, el estudio de las interacciones entre organismos en el pasado lejano, se ha puesto al servicio de las ciencias de la conservaci\u00f3n desde hace algunos a\u00f1os.<\/p>\n<p>Un ejemplo de paisaje marino del pasado que puede brindarnos informaci\u00f3n importante es el de la parte sur del Mar del Norte, que estuvo ocupada hace unos millones de a\u00f1os por grandes animales marinos. En los tiempos modernos, el \u00e1rea ha tenido una diversidad relativamente baja de vida silvestre.<\/p>\n<p>Pero hace unos 4 o 5 millones de a\u00f1os, el Mar del Norte albergaba varias especies de tiburones grandes, incluido el ahora extinto tibur\u00f3n de seis branquias y un pariente del gran tibur\u00f3n blanco moderno. En esta regi\u00f3n vivi\u00f3 el tibur\u00f3n de Groenlandia, as\u00ed como peque\u00f1as ballenas francas, un pariente de la ballena beluga, y rorcuales con barbas. Tambi\u00e9n fue el hogar de delfines extintos, como <em>Pliodelphis doelensis<\/em> que era aproximadamente del tama\u00f1o de un delf\u00edn com\u00fan, adem\u00e1s de marsopas y varias especies de focas. Muchos de estos animales, como todos los cet\u00e1ceos y focas, y algunos tiburones, est\u00e1n ahora extintos. Otros, incluidos muchos otros tiburones, se han trasladado desde entonces a oc\u00e9anos distantes.<\/p>\n<p>Parece que hubo un recambio a gran escala de especies de cet\u00e1ceos en el sur del Mar del Norte durante la edad de hielo del Plioceno-Pleistoceno, con la extinci\u00f3n de la mayor\u00eda de las peque\u00f1as ballenas barbadas y la partida de otras familias de cet\u00e1ceos (como la de la ballena beluga). Esta rotaci\u00f3n bien pudo haber sido responsable de la desaparici\u00f3n de los grandes tiburones, incluidos los grandes parientes blancos y los tiburones de seis branquias, que se alimentaban de las ballenas m\u00e1s peque\u00f1as, del Mar del Norte.<\/p>\n<p>En ocasiones, el registro f\u00f3sil ofrece una visi\u00f3n de las relaciones pasadas entre especies. Esto puede ayudar a los cient\u00edficos a comprender mejor estas redes alimentarias y c\u00f3mo funcionaban los ecosistemas antiguos.<\/p>\n<p>Las marcas de mordeduras de tibur\u00f3n en huesos f\u00f3siles de mam\u00edferos marinos son relativamente comunes y revelan intervalos de tiempo en los que dos animales interactuaron. Sin embargo, a menudo resulta dif\u00edcil identificar las especies de depredadores. Mucho m\u00e1s raramente, las marcas de mordeduras vienen acompa\u00f1adas de fragmentos de dientes fosilizados. Esto es lo que encontramos en dos cr\u00e1neos de cet\u00e1ceos del Plioceno Inferior (hace aproximadamente 5-4 millones de a\u00f1os) del Mar del Norte.<\/p>\n<figure class=\"wp-block-image\"><\/figure>\n<p>El primero de estos dos cr\u00e1neos pertenec\u00eda a una diminuta ballena franca extinta que fue encontrada por padre e hijo entusiastas de los f\u00f3siles (Robert y John Stewart, coautores de este art\u00edculo) a mediados de la d\u00e9cada de 1980 en los muelles de Amberes, B\u00e9lgica. Unos cuarenta a\u00f1os m\u00e1s tarde, el cr\u00e1neo fue donado al Instituto de Ciencias Naturales de Bruselas, donde uno de nosotros (Olivier Lambert) lo identific\u00f3 como uno de los dos \u00fanicos espec\u00edmenes f\u00f3siles de <em>Balaenella brachyrhynus<\/em>una peque\u00f1a especie de ballena franca que s\u00f3lo se conoce en el Mar del Norte.<\/p>\n<p>Un examen m\u00e1s detenido revel\u00f3 marcas de mordeduras en la parte superior del cr\u00e1neo y en una de esas marcas hab\u00eda un fragmento de diente de tibur\u00f3n. En nuestro estudio, con la ayuda del especialista en tiburones Frederik Mollen, se identific\u00f3 mediante escaneo microCT que la punta del diente pertenec\u00eda a parte de un diente inferior de un tibur\u00f3n de seis branquias. <em>Hexanchus griseus<\/em>que hoy es com\u00fan en el mar Mediterr\u00e1neo. La posici\u00f3n de las mordeduras hace probable que la ballena fuera carro\u00f1ada mientras yac\u00eda a la deriva boca arriba.<\/p>\n<p>El segundo cr\u00e1neo, de un pariente cercano de la extinta ballena beluga. <em>Casatia term\u00f3fila<\/em> Fue descubierto a principios de los a\u00f1os 1980. Fue encontrado durante la excavaci\u00f3n de un nuevo muelle en el puerto de Amberes por otro equipo de padre e hijo: Paul Gigase, pat\u00f3logo de profesi\u00f3n, y su hijo Pierre.<\/p>\n<p>En este caso, la ballena, que tambi\u00e9n ten\u00eda marcas de mordida con la punta de un diente de tibur\u00f3n incrustada, pudo haber sido atacada por un tibur\u00f3n mako extinto, un pariente del gran tibur\u00f3n blanco actual. Parece que el tibur\u00f3n intentaba separar la cabeza de la ballena del resto del cuerpo y centrarse en el mel\u00f3n rico en grasa, una masa de tejido implicada en la ecolocalizaci\u00f3n en la parte superior de la cabeza del animal.<\/p>\n<figure class=\"wp-block-image\"><img decoding=\"async\" src=\"https:\/\/images.theconversation.com\/files\/731603\/original\/file-20260422-57-f8i7fx.png?ixlib=rb-4.1.0&amp;q=45&amp;auto=format&amp;w=754&amp;fit=clip\" alt=\"Imagen de cr\u00e1neo f\u00f3sil\"><\/figure>\n<p>Estos f\u00f3siles representan evidencia directa de que los parientes de los tiburones hoy se alimentan de estas ballenas. Incluso si la evidencia f\u00f3sil se limita a dos parejas de animales, son ejemplos tangibles de tal comportamiento.<\/p>\n<p>La actual crisis de biodiversidad est\u00e1 directamente relacionada con el cambio clim\u00e1tico y tiene (o tendr\u00e1) un impacto en la distribuci\u00f3n de los mam\u00edferos marinos. Es probable que el calentamiento global afecte especialmente a los mares poco profundos. La parte sur del Mar del Norte no es lo suficientemente grande ni profunda para las ballenas barbadas modernas, que son m\u00e1s grandes que sus antepasados \u200b\u200by viven en el Atl\u00e1ntico Norte, como la ballena franca moderna, la ballena jorobada y la ballena de aleta. Pero el calentamiento de los mares podr\u00eda atraer a delfines y focas y, a su vez, a grandes tiburones blancos u otros grandes depredadores marinos.<\/p>\n<p>En el Mar del Norte, los cient\u00edficos ya han observado cambios a corto plazo en la distribuci\u00f3n de marsopas y focas. Se han establecido nuevas colonias de focas a lo largo de la costa del sur del Mar del Norte y ha habido fluctuaciones abruptas en el n\u00famero de marsopas varadas anualmente en las playas belgas.<\/p>\n<p>El comportamiento fosilizado de las ballenas y los tiburones desaparecidos pone de relieve que todo es un cambio en la ecolog\u00eda del Mar del Norte.<\/p>\n<hr class=\"wp-block-separator has-alpha-channel-opacity\">\n<p>John Stewart, profesor de Paleoecolog\u00eda Evolutiva, <em>Universidad de Bournemouth<\/em> y Olivier Lambert, investigador en paleontolog\u00eda de vertebrados, <em>Real Instituto Belga de Ciencias Naturales<\/em><\/p>\n<p>Foto de Gerald Sch\u00f6mbs en Unsplash<\/p>\n<\/p><\/div>\n","protected":false},"excerpt":{"rendered":"<p>A medida que la Tierra cambia hacia climas que no se ve\u00edan desde hace varios cientos de miles de a\u00f1os, es posible que necesitemos observar<\/p>\n","protected":false},"author":1,"featured_media":8933,"comment_status":"closed","ping_status":"","sticky":false,"template":"","format":"standard","meta":{"footnotes":""},"categories":[68],"tags":[8593,2178,31,62,1682,871,125,730,280,5452],"class_list":["post-8932","post","type-post","status-publish","format-standard","has-post-thumbnail","hentry","category-fauna-y-flora","tag-blancos","tag-calentamiento","tag-grandes","tag-los","tag-mares","tag-norte","tag-podria","tag-regreso","tag-tiburones","tag-traer","generate-columns","tablet-grid-50","mobile-grid-100","grid-parent","grid-50"],"yoast_head":"<!-- This site is optimized with the Yoast SEO plugin v23.4 - https:\/\/yoast.com\/wordpress\/plugins\/seo\/ -->\n<title>\u00bfPodr\u00eda el calentamiento de los mares traer de regreso a los grandes tiburones blancos al Norte...? - Consejos - Santa Catarina<\/title>\n<meta name=\"robots\" content=\"index, follow, max-snippet:-1, max-image-preview:large, max-video-preview:-1\" \/>\n<link rel=\"canonical\" href=\"https:\/\/stacatarina.mx\/consejos\/podria-el-calentamiento-de-los-mares-traer-de-regreso-a-los-grandes-tiburones-blancos-al-norte\/\" \/>\n<meta property=\"og:locale\" content=\"es_MX\" \/>\n<meta property=\"og:type\" content=\"article\" \/>\n<meta property=\"og:title\" content=\"\u00bfPodr\u00eda el calentamiento de los mares traer de regreso a los grandes tiburones blancos al Norte...? - Consejos - Santa Catarina\" \/>\n<meta property=\"og:description\" content=\"A medida que la Tierra cambia hacia climas que no se ve\u00edan desde hace varios cientos de miles de a\u00f1os, es posible que necesitemos observar\" \/>\n<meta property=\"og:url\" content=\"https:\/\/stacatarina.mx\/consejos\/podria-el-calentamiento-de-los-mares-traer-de-regreso-a-los-grandes-tiburones-blancos-al-norte\/\" \/>\n<meta property=\"og:site_name\" content=\"Santa Catarina\" \/>\n<meta property=\"article:publisher\" content=\"https:\/\/www.facebook.com\/stacatarinagob\/\" \/>\n<meta property=\"article:published_time\" content=\"2026-04-26T18:52:36+00:00\" \/>\n<meta property=\"article:modified_time\" content=\"2026-04-26T18:52:41+00:00\" \/>\n<meta property=\"og:image\" content=\"https:\/\/stacatarina.mx\/consejos\/wp-content\/uploads\/2026\/04\/\u00bfPodria-el-calentamiento-de-los-mares-traer-de-regreso-a.jpeg\" \/>\n\t<meta property=\"og:image:width\" content=\"900\" \/>\n\t<meta property=\"og:image:height\" content=\"600\" \/>\n\t<meta property=\"og:image:type\" content=\"image\/jpeg\" \/>\n<meta name=\"author\" content=\"Pedro Mart\u00ednez\" \/>\n<meta name=\"twitter:card\" content=\"summary_large_image\" \/>\n<meta name=\"twitter:creator\" content=\"@stacatarinagob\" \/>\n<meta name=\"twitter:site\" content=\"@stacatarinagob\" \/>\n<meta name=\"twitter:label1\" content=\"Escrito por\" \/>\n\t<meta name=\"twitter:data1\" content=\"Pedro Mart\u00ednez\" \/>\n\t<meta name=\"twitter:label2\" content=\"Tiempo de lectura\" \/>\n\t<meta name=\"twitter:data2\" content=\"6 minutos\" \/>\n<script type=\"application\/ld+json\" class=\"yoast-schema-graph\">{\"@context\":\"https:\/\/schema.org\",\"@graph\":[{\"@type\":\"Article\",\"@id\":\"https:\/\/stacatarina.mx\/consejos\/podria-el-calentamiento-de-los-mares-traer-de-regreso-a-los-grandes-tiburones-blancos-al-norte\/#article\",\"isPartOf\":{\"@id\":\"https:\/\/stacatarina.mx\/consejos\/podria-el-calentamiento-de-los-mares-traer-de-regreso-a-los-grandes-tiburones-blancos-al-norte\/\"},\"author\":{\"name\":\"Pedro Mart\u00ednez\",\"@id\":\"https:\/\/stacatarina.mx\/consejos\/#\/schema\/person\/0be60adffa8e4c4d0828fdf021450e8a\"},\"headline\":\"\u00bfPodr\u00eda el calentamiento de los mares traer de regreso a los grandes tiburones blancos al Norte&#8230;?\",\"datePublished\":\"2026-04-26T18:52:36+00:00\",\"dateModified\":\"2026-04-26T18:52:41+00:00\",\"mainEntityOfPage\":{\"@id\":\"https:\/\/stacatarina.mx\/consejos\/podria-el-calentamiento-de-los-mares-traer-de-regreso-a-los-grandes-tiburones-blancos-al-norte\/\"},\"wordCount\":1206,\"publisher\":{\"@id\":\"https:\/\/stacatarina.mx\/consejos\/#organization\"},\"image\":{\"@id\":\"https:\/\/stacatarina.mx\/consejos\/podria-el-calentamiento-de-los-mares-traer-de-regreso-a-los-grandes-tiburones-blancos-al-norte\/#primaryimage\"},\"thumbnailUrl\":\"https:\/\/stacatarina.mx\/consejos\/wp-content\/uploads\/2026\/04\/\u00bfPodria-el-calentamiento-de-los-mares-traer-de-regreso-a.jpeg\",\"keywords\":[\"blancos\",\"calentamiento\",\"grandes\",\"los\",\"mares\",\"Norte\",\"podr\u00eda\",\"regreso\",\"tiburones\",\"traer\"],\"articleSection\":[\"Fauna y Flora\"],\"inLanguage\":\"es\"},{\"@type\":\"WebPage\",\"@id\":\"https:\/\/stacatarina.mx\/consejos\/podria-el-calentamiento-de-los-mares-traer-de-regreso-a-los-grandes-tiburones-blancos-al-norte\/\",\"url\":\"https:\/\/stacatarina.mx\/consejos\/podria-el-calentamiento-de-los-mares-traer-de-regreso-a-los-grandes-tiburones-blancos-al-norte\/\",\"name\":\"\u00bfPodr\u00eda el calentamiento de los mares traer de regreso a los grandes tiburones blancos al Norte...? - Consejos - Santa Catarina\",\"isPartOf\":{\"@id\":\"https:\/\/stacatarina.mx\/consejos\/#website\"},\"primaryImageOfPage\":{\"@id\":\"https:\/\/stacatarina.mx\/consejos\/podria-el-calentamiento-de-los-mares-traer-de-regreso-a-los-grandes-tiburones-blancos-al-norte\/#primaryimage\"},\"image\":{\"@id\":\"https:\/\/stacatarina.mx\/consejos\/podria-el-calentamiento-de-los-mares-traer-de-regreso-a-los-grandes-tiburones-blancos-al-norte\/#primaryimage\"},\"thumbnailUrl\":\"https:\/\/stacatarina.mx\/consejos\/wp-content\/uploads\/2026\/04\/\u00bfPodria-el-calentamiento-de-los-mares-traer-de-regreso-a.jpeg\",\"datePublished\":\"2026-04-26T18:52:36+00:00\",\"dateModified\":\"2026-04-26T18:52:41+00:00\",\"breadcrumb\":{\"@id\":\"https:\/\/stacatarina.mx\/consejos\/podria-el-calentamiento-de-los-mares-traer-de-regreso-a-los-grandes-tiburones-blancos-al-norte\/#breadcrumb\"},\"inLanguage\":\"es\",\"potentialAction\":[{\"@type\":\"ReadAction\",\"target\":[\"https:\/\/stacatarina.mx\/consejos\/podria-el-calentamiento-de-los-mares-traer-de-regreso-a-los-grandes-tiburones-blancos-al-norte\/\"]}]},{\"@type\":\"ImageObject\",\"inLanguage\":\"es\",\"@id\":\"https:\/\/stacatarina.mx\/consejos\/podria-el-calentamiento-de-los-mares-traer-de-regreso-a-los-grandes-tiburones-blancos-al-norte\/#primaryimage\",\"url\":\"https:\/\/stacatarina.mx\/consejos\/wp-content\/uploads\/2026\/04\/\u00bfPodria-el-calentamiento-de-los-mares-traer-de-regreso-a.jpeg\",\"contentUrl\":\"https:\/\/stacatarina.mx\/consejos\/wp-content\/uploads\/2026\/04\/\u00bfPodria-el-calentamiento-de-los-mares-traer-de-regreso-a.jpeg\",\"width\":900,\"height\":600,\"caption\":\"Could warming seas bring great white sharks back to the North Sea? A 5\u2011million\u2011year\u2011old shark tooth may provide\u00a0clues\"},{\"@type\":\"BreadcrumbList\",\"@id\":\"https:\/\/stacatarina.mx\/consejos\/podria-el-calentamiento-de-los-mares-traer-de-regreso-a-los-grandes-tiburones-blancos-al-norte\/#breadcrumb\",\"itemListElement\":[{\"@type\":\"ListItem\",\"position\":1,\"name\":\"Inicio\",\"item\":\"https:\/\/stacatarina.mx\/consejos\/\"},{\"@type\":\"ListItem\",\"position\":2,\"name\":\"\u00bfPodr\u00eda el calentamiento de los mares traer de regreso a los grandes tiburones blancos al Norte&#8230;?\"}]},{\"@type\":\"WebSite\",\"@id\":\"https:\/\/stacatarina.mx\/consejos\/#website\",\"url\":\"https:\/\/stacatarina.mx\/consejos\/\",\"name\":\"Santa Catarina\",\"description\":\"\",\"publisher\":{\"@id\":\"https:\/\/stacatarina.mx\/consejos\/#organization\"},\"potentialAction\":[{\"@type\":\"SearchAction\",\"target\":{\"@type\":\"EntryPoint\",\"urlTemplate\":\"https:\/\/stacatarina.mx\/consejos\/?s={search_term_string}\"},\"query-input\":{\"@type\":\"PropertyValueSpecification\",\"valueRequired\":true,\"valueName\":\"search_term_string\"}}],\"inLanguage\":\"es\"},{\"@type\":\"Organization\",\"@id\":\"https:\/\/stacatarina.mx\/consejos\/#organization\",\"name\":\"Santa Catarina\",\"url\":\"https:\/\/stacatarina.mx\/consejos\/\",\"logo\":{\"@type\":\"ImageObject\",\"inLanguage\":\"es\",\"@id\":\"https:\/\/stacatarina.mx\/consejos\/#\/schema\/logo\/image\/\",\"url\":\"https:\/\/stacatarina.mx\/consejos\/wp-content\/uploads\/2024\/09\/cropped-favicon-1-1.png\",\"contentUrl\":\"https:\/\/stacatarina.mx\/consejos\/wp-content\/uploads\/2024\/09\/cropped-favicon-1-1.png\",\"width\":512,\"height\":512,\"caption\":\"Santa Catarina\"},\"image\":{\"@id\":\"https:\/\/stacatarina.mx\/consejos\/#\/schema\/logo\/image\/\"},\"sameAs\":[\"https:\/\/www.facebook.com\/stacatarinagob\/\",\"https:\/\/x.com\/stacatarinagob\",\"https:\/\/www.instagram.com\/stacatarinagob\/\",\"https:\/\/www.youtube.com\/channel\/UCK-6cQJL_904665N1_nLTWw\"]},{\"@type\":\"Person\",\"@id\":\"https:\/\/stacatarina.mx\/consejos\/#\/schema\/person\/0be60adffa8e4c4d0828fdf021450e8a\",\"name\":\"Pedro Mart\u00ednez\",\"image\":{\"@type\":\"ImageObject\",\"inLanguage\":\"es\",\"@id\":\"https:\/\/stacatarina.mx\/consejos\/#\/schema\/person\/image\/\",\"url\":\"https:\/\/stacatarina.mx\/consejos\/wp-content\/uploads\/2024\/09\/stacatarina.jpg\",\"contentUrl\":\"https:\/\/stacatarina.mx\/consejos\/wp-content\/uploads\/2024\/09\/stacatarina.jpg\",\"caption\":\"Pedro Mart\u00ednez\"},\"description\":\"Hola, soy Pedro Mart\u00ednez, redactor jefe del sitio oficial del ayuntamiento de Santa Catarina, en M\u00e9xico. Con m\u00e1s de diez a\u00f1os de experiencia en el periodismo local, tengo una pasi\u00f3n por la investigaci\u00f3n y la difusi\u00f3n de informaci\u00f3n que valoriza nuestra hermosa comunidad. Mi compromiso es hacer de Santa Catarina una referencia en materia de transparencia y comunicaci\u00f3n municipal.\",\"sameAs\":[\"https:\/\/stacatarina.mx\/\"]}]}<\/script>\n<!-- \/ Yoast SEO plugin. -->","yoast_head_json":{"title":"\u00bfPodr\u00eda el calentamiento de los mares traer de regreso a los grandes tiburones blancos al Norte...? - Consejos - Santa Catarina","robots":{"index":"index","follow":"follow","max-snippet":"max-snippet:-1","max-image-preview":"max-image-preview:large","max-video-preview":"max-video-preview:-1"},"canonical":"https:\/\/stacatarina.mx\/consejos\/podria-el-calentamiento-de-los-mares-traer-de-regreso-a-los-grandes-tiburones-blancos-al-norte\/","og_locale":"es_MX","og_type":"article","og_title":"\u00bfPodr\u00eda el calentamiento de los mares traer de regreso a los grandes tiburones blancos al Norte...? - Consejos - Santa Catarina","og_description":"A medida que la Tierra cambia hacia climas que no se ve\u00edan desde hace varios cientos de miles de a\u00f1os, es posible que necesitemos observar","og_url":"https:\/\/stacatarina.mx\/consejos\/podria-el-calentamiento-de-los-mares-traer-de-regreso-a-los-grandes-tiburones-blancos-al-norte\/","og_site_name":"Santa Catarina","article_publisher":"https:\/\/www.facebook.com\/stacatarinagob\/","article_published_time":"2026-04-26T18:52:36+00:00","article_modified_time":"2026-04-26T18:52:41+00:00","og_image":[{"width":900,"height":600,"url":"https:\/\/stacatarina.mx\/consejos\/wp-content\/uploads\/2026\/04\/\u00bfPodria-el-calentamiento-de-los-mares-traer-de-regreso-a.jpeg","type":"image\/jpeg"}],"author":"Pedro Mart\u00ednez","twitter_card":"summary_large_image","twitter_creator":"@stacatarinagob","twitter_site":"@stacatarinagob","twitter_misc":{"Escrito por":"Pedro Mart\u00ednez","Tiempo de lectura":"6 minutos"},"schema":{"@context":"https:\/\/schema.org","@graph":[{"@type":"Article","@id":"https:\/\/stacatarina.mx\/consejos\/podria-el-calentamiento-de-los-mares-traer-de-regreso-a-los-grandes-tiburones-blancos-al-norte\/#article","isPartOf":{"@id":"https:\/\/stacatarina.mx\/consejos\/podria-el-calentamiento-de-los-mares-traer-de-regreso-a-los-grandes-tiburones-blancos-al-norte\/"},"author":{"name":"Pedro Mart\u00ednez","@id":"https:\/\/stacatarina.mx\/consejos\/#\/schema\/person\/0be60adffa8e4c4d0828fdf021450e8a"},"headline":"\u00bfPodr\u00eda el calentamiento de los mares traer de regreso a los grandes tiburones blancos al Norte&#8230;?","datePublished":"2026-04-26T18:52:36+00:00","dateModified":"2026-04-26T18:52:41+00:00","mainEntityOfPage":{"@id":"https:\/\/stacatarina.mx\/consejos\/podria-el-calentamiento-de-los-mares-traer-de-regreso-a-los-grandes-tiburones-blancos-al-norte\/"},"wordCount":1206,"publisher":{"@id":"https:\/\/stacatarina.mx\/consejos\/#organization"},"image":{"@id":"https:\/\/stacatarina.mx\/consejos\/podria-el-calentamiento-de-los-mares-traer-de-regreso-a-los-grandes-tiburones-blancos-al-norte\/#primaryimage"},"thumbnailUrl":"https:\/\/stacatarina.mx\/consejos\/wp-content\/uploads\/2026\/04\/\u00bfPodria-el-calentamiento-de-los-mares-traer-de-regreso-a.jpeg","keywords":["blancos","calentamiento","grandes","los","mares","Norte","podr\u00eda","regreso","tiburones","traer"],"articleSection":["Fauna y Flora"],"inLanguage":"es"},{"@type":"WebPage","@id":"https:\/\/stacatarina.mx\/consejos\/podria-el-calentamiento-de-los-mares-traer-de-regreso-a-los-grandes-tiburones-blancos-al-norte\/","url":"https:\/\/stacatarina.mx\/consejos\/podria-el-calentamiento-de-los-mares-traer-de-regreso-a-los-grandes-tiburones-blancos-al-norte\/","name":"\u00bfPodr\u00eda el calentamiento de los mares traer de regreso a los grandes tiburones blancos al Norte...? - Consejos - Santa Catarina","isPartOf":{"@id":"https:\/\/stacatarina.mx\/consejos\/#website"},"primaryImageOfPage":{"@id":"https:\/\/stacatarina.mx\/consejos\/podria-el-calentamiento-de-los-mares-traer-de-regreso-a-los-grandes-tiburones-blancos-al-norte\/#primaryimage"},"image":{"@id":"https:\/\/stacatarina.mx\/consejos\/podria-el-calentamiento-de-los-mares-traer-de-regreso-a-los-grandes-tiburones-blancos-al-norte\/#primaryimage"},"thumbnailUrl":"https:\/\/stacatarina.mx\/consejos\/wp-content\/uploads\/2026\/04\/\u00bfPodria-el-calentamiento-de-los-mares-traer-de-regreso-a.jpeg","datePublished":"2026-04-26T18:52:36+00:00","dateModified":"2026-04-26T18:52:41+00:00","breadcrumb":{"@id":"https:\/\/stacatarina.mx\/consejos\/podria-el-calentamiento-de-los-mares-traer-de-regreso-a-los-grandes-tiburones-blancos-al-norte\/#breadcrumb"},"inLanguage":"es","potentialAction":[{"@type":"ReadAction","target":["https:\/\/stacatarina.mx\/consejos\/podria-el-calentamiento-de-los-mares-traer-de-regreso-a-los-grandes-tiburones-blancos-al-norte\/"]}]},{"@type":"ImageObject","inLanguage":"es","@id":"https:\/\/stacatarina.mx\/consejos\/podria-el-calentamiento-de-los-mares-traer-de-regreso-a-los-grandes-tiburones-blancos-al-norte\/#primaryimage","url":"https:\/\/stacatarina.mx\/consejos\/wp-content\/uploads\/2026\/04\/\u00bfPodria-el-calentamiento-de-los-mares-traer-de-regreso-a.jpeg","contentUrl":"https:\/\/stacatarina.mx\/consejos\/wp-content\/uploads\/2026\/04\/\u00bfPodria-el-calentamiento-de-los-mares-traer-de-regreso-a.jpeg","width":900,"height":600,"caption":"Could warming seas bring great white sharks back to the North Sea? A 5\u2011million\u2011year\u2011old shark tooth may provide\u00a0clues"},{"@type":"BreadcrumbList","@id":"https:\/\/stacatarina.mx\/consejos\/podria-el-calentamiento-de-los-mares-traer-de-regreso-a-los-grandes-tiburones-blancos-al-norte\/#breadcrumb","itemListElement":[{"@type":"ListItem","position":1,"name":"Inicio","item":"https:\/\/stacatarina.mx\/consejos\/"},{"@type":"ListItem","position":2,"name":"\u00bfPodr\u00eda el calentamiento de los mares traer de regreso a los grandes tiburones blancos al Norte&#8230;?"}]},{"@type":"WebSite","@id":"https:\/\/stacatarina.mx\/consejos\/#website","url":"https:\/\/stacatarina.mx\/consejos\/","name":"Santa Catarina","description":"","publisher":{"@id":"https:\/\/stacatarina.mx\/consejos\/#organization"},"potentialAction":[{"@type":"SearchAction","target":{"@type":"EntryPoint","urlTemplate":"https:\/\/stacatarina.mx\/consejos\/?s={search_term_string}"},"query-input":{"@type":"PropertyValueSpecification","valueRequired":true,"valueName":"search_term_string"}}],"inLanguage":"es"},{"@type":"Organization","@id":"https:\/\/stacatarina.mx\/consejos\/#organization","name":"Santa Catarina","url":"https:\/\/stacatarina.mx\/consejos\/","logo":{"@type":"ImageObject","inLanguage":"es","@id":"https:\/\/stacatarina.mx\/consejos\/#\/schema\/logo\/image\/","url":"https:\/\/stacatarina.mx\/consejos\/wp-content\/uploads\/2024\/09\/cropped-favicon-1-1.png","contentUrl":"https:\/\/stacatarina.mx\/consejos\/wp-content\/uploads\/2024\/09\/cropped-favicon-1-1.png","width":512,"height":512,"caption":"Santa Catarina"},"image":{"@id":"https:\/\/stacatarina.mx\/consejos\/#\/schema\/logo\/image\/"},"sameAs":["https:\/\/www.facebook.com\/stacatarinagob\/","https:\/\/x.com\/stacatarinagob","https:\/\/www.instagram.com\/stacatarinagob\/","https:\/\/www.youtube.com\/channel\/UCK-6cQJL_904665N1_nLTWw"]},{"@type":"Person","@id":"https:\/\/stacatarina.mx\/consejos\/#\/schema\/person\/0be60adffa8e4c4d0828fdf021450e8a","name":"Pedro Mart\u00ednez","image":{"@type":"ImageObject","inLanguage":"es","@id":"https:\/\/stacatarina.mx\/consejos\/#\/schema\/person\/image\/","url":"https:\/\/stacatarina.mx\/consejos\/wp-content\/uploads\/2024\/09\/stacatarina.jpg","contentUrl":"https:\/\/stacatarina.mx\/consejos\/wp-content\/uploads\/2024\/09\/stacatarina.jpg","caption":"Pedro Mart\u00ednez"},"description":"Hola, soy Pedro Mart\u00ednez, redactor jefe del sitio oficial del ayuntamiento de Santa Catarina, en M\u00e9xico. Con m\u00e1s de diez a\u00f1os de experiencia en el periodismo local, tengo una pasi\u00f3n por la investigaci\u00f3n y la difusi\u00f3n de informaci\u00f3n que valoriza nuestra hermosa comunidad. Mi compromiso es hacer de Santa Catarina una referencia en materia de transparencia y comunicaci\u00f3n municipal.","sameAs":["https:\/\/stacatarina.mx\/"]}]}},"_links":{"self":[{"href":"https:\/\/stacatarina.mx\/consejos\/wp-json\/wp\/v2\/posts\/8932"}],"collection":[{"href":"https:\/\/stacatarina.mx\/consejos\/wp-json\/wp\/v2\/posts"}],"about":[{"href":"https:\/\/stacatarina.mx\/consejos\/wp-json\/wp\/v2\/types\/post"}],"author":[{"embeddable":true,"href":"https:\/\/stacatarina.mx\/consejos\/wp-json\/wp\/v2\/users\/1"}],"replies":[{"embeddable":true,"href":"https:\/\/stacatarina.mx\/consejos\/wp-json\/wp\/v2\/comments?post=8932"}],"version-history":[{"count":1,"href":"https:\/\/stacatarina.mx\/consejos\/wp-json\/wp\/v2\/posts\/8932\/revisions"}],"predecessor-version":[{"id":8934,"href":"https:\/\/stacatarina.mx\/consejos\/wp-json\/wp\/v2\/posts\/8932\/revisions\/8934"}],"wp:featuredmedia":[{"embeddable":true,"href":"https:\/\/stacatarina.mx\/consejos\/wp-json\/wp\/v2\/media\/8933"}],"wp:attachment":[{"href":"https:\/\/stacatarina.mx\/consejos\/wp-json\/wp\/v2\/media?parent=8932"}],"wp:term":[{"taxonomy":"category","embeddable":true,"href":"https:\/\/stacatarina.mx\/consejos\/wp-json\/wp\/v2\/categories?post=8932"},{"taxonomy":"post_tag","embeddable":true,"href":"https:\/\/stacatarina.mx\/consejos\/wp-json\/wp\/v2\/tags?post=8932"}],"curies":[{"name":"wp","href":"https:\/\/api.w.org\/{rel}","templated":true}]}}