{"id":8953,"date":"2026-04-27T20:52:31","date_gmt":"2026-04-28T02:52:31","guid":{"rendered":"https:\/\/stacatarina.mx\/consejos\/nutricion-metabolica-por-donde-empezar-para-reactivar-el-metabolismo-de-forma-natural\/"},"modified":"2026-04-27T20:52:33","modified_gmt":"2026-04-28T02:52:33","slug":"nutricion-metabolica-por-donde-empezar-para-reactivar-el-metabolismo-de-forma-natural","status":"publish","type":"post","link":"https:\/\/stacatarina.mx\/consejos\/nutricion-metabolica-por-donde-empezar-para-reactivar-el-metabolismo-de-forma-natural\/","title":{"rendered":"Nutrici\u00f3n metab\u00f3lica: por d\u00f3nde empezar para reactivar el metabolismo de forma natural"},"content":{"rendered":"<p><\/p>\n<p>En este panorama se ha abierto paso un enfoque alternativo y m\u00e1s amplio: la Nutrici\u00f3n Metab\u00f3lica, un sistema alimentario que tiene como objetivo reequilibrar el metabolismo a trav\u00e9s de la calidad de los alimentos, la estabilidad de los niveles de az\u00facar en sangre y la reducci\u00f3n de la inflamaci\u00f3n cr\u00f3nica. No una dieta a seguir en el tiempo, sino un marco de principios que puede convertirse en un estilo de vida sostenible, m\u00e1s atento al cuerpo, a los ingredientes que llevamos a la mesa y tambi\u00e9n a su origen.<\/p>\n<h2>Del conteo de calor\u00edas a la calidad de los alimentos<\/h2>\n<p>La diferencia entre una dieta tradicional y un enfoque metab\u00f3lico es conceptual, no cuantitativa. El primero act\u00faa restando: reduce porciones, limita, recorta. El segundo funciona por construcci\u00f3n: elige los ingredientes, combina los nutrientes, protege el equilibrio de las comidas.<\/p>\n<p>El objetivo no es comer menos, sino ense\u00f1ar al cuerpo a utilizar la grasa como principal fuente de energ\u00eda. Este paso, que la literatura cient\u00edfica define <em>interruptor metab\u00f3lico<\/em> \u2014 ocurre cuando el metabolismo deja de depender constantemente de los az\u00facares y recupera la capacidad de recurrir a las grasas de reserva. El resultado, una vez establecido, es una mayor estabilidad energ\u00e9tica durante el d\u00eda, una reducci\u00f3n de los antojos compulsivos y una relaci\u00f3n m\u00e1s pac\u00edfica con la comida.<\/p>\n<p>A esto se suma un aspecto que aprecia el p\u00fablico m\u00e1s atento a la salud y a la sostenibilidad: mejorar la calidad de los alimentos (pescado capturado, verduras de temporada, frutos secos sin tratar, aceites v\u00edrgenes extra sin refinar) no es s\u00f3lo una opci\u00f3n nutricional, sino tambi\u00e9n medioambiental. Comer mejor y de forma m\u00e1s consciente significa reducir los alimentos ultraprocesados \u200b\u200by recompensar las cadenas de suministro m\u00e1s cortas y transparentes.<\/p>\n<h2>Los signos que indican un metabolismo que necesita reequilibrarse<\/h2>\n<p>Antes de realizar cualquier cambio, es \u00fatil observar c\u00f3mo funciona el cuerpo en la vida cotidiana. Algunos signos recurrentes indican un metabolismo lento o desregulado:<\/p>\n<p>Considerados individualmente, estos s\u00edntomas pueden tener diferentes causas. Pero cuando aparecen juntos, a menudo indican un desequilibrio metab\u00f3lico subyacente que puede abordarse con opciones concretas.<\/p>\n<h2>Los principios pr\u00e1cticos de la nutrici\u00f3n metab\u00f3lica.<\/h2>\n<p>Una vez identificado el punto de partida, los principios pr\u00e1cticos sobre los que construir una dieta metab\u00f3lica son pocos pero coherentes entre s\u00ed.<\/p>\n<p>Reduce los alimentos que bloquean tu metabolismo. Los az\u00facares refinados, las harinas industriales, el exceso de caf\u00e9, el alcohol y los alimentos ultraprocesados \u200b\u200bson los principales obst\u00e1culos para el reequilibrio. No se trata de eliminarlo todo de la noche a la ma\u00f1ana, sino de reducir progresivamente su frecuencia.<\/p>\n<p>Construye comidas completas y coloridas. Prote\u00ednas de calidad, grasas saludables (ghee &#8211; mantequilla clarificada, aceite de oliva virgen extra, aguacate, huevos de gallinas camperas, pescado azul, frutos secos) y verduras de temporada en cada comida. Esta combinaci\u00f3n estabiliza el az\u00facar en sangre y reduce los picos de insulina.<\/p>\n<p>No te saltes el desayuno. Una primera comida nutritiva, a base de prote\u00ednas y grasas buenas, marca el tono metab\u00f3lico de todo el d\u00eda. Comenzar con un solo caf\u00e9 o saltarse el desayuno mantiene al cuerpo en modo de alarma que luego se compensa en t\u00e9rminos de hambre y bajas de energ\u00eda.<\/p>\n<p>Limite el n\u00famero de comidas. Dos o tres comidas bien elaboradas suelen ser m\u00e1s efectivas que cinco o seis peque\u00f1as tomas repartidas a lo largo del d\u00eda. Comer continuamente mantiene la insulina siempre activa y dificulta el uso de las grasas como fuente de energ\u00eda.<\/p>\n<p>Integrar alimentos antiinflamatorios. El pescado rico en omega-3 (salm\u00f3n, caballa, sardinas), verduras cruc\u00edferas, bayas, c\u00farcuma, jengibre, t\u00e9 verde y aceite de oliva virgen extra ayudan a reducir la carga inflamatoria general. Favorecer el pescado azul peque\u00f1o tambi\u00e9n es una opci\u00f3n m\u00e1s sostenible que los grandes depredadores.<\/p>\n<p>Apoyar los nutrientes clave. Las vitaminas B, la vitamina D, el magnesio, los omega-3 y una microbiota intestinal equilibrada son factores decisivos en la producci\u00f3n de energ\u00eda celular. Una dieta variada y rica en vegetales cubre la mayor\u00eda de las necesidades; en algunos casos puede ser \u00fatil una evaluaci\u00f3n individual con un profesional.<\/p>\n<h2>Los errores m\u00e1s comunes al principio<\/h2>\n<p>Quienes adoptan este enfoque tienden a cometer algunos errores recurrentes, con el riesgo de hacer pasar lo que en realidad es simplemente impaciencia o exceso de celo como fracaso.<\/p>\n<p>La primera es cambiar todo el mismo d\u00eda. Cambiar al mismo tiempo los h\u00e1bitos de desayuno, almuerzo, cena, suplementaci\u00f3n y sue\u00f1o produce estr\u00e9s y des\u00e1nimo. Es mejor introducir un cambio a la vez y consolidarlo antes de pasar al siguiente.<\/p>\n<p>El segundo error es confiar en la escala. Los primeros signos de un metabolismo reactivado no provienen del peso, sino de la energ\u00eda, la calidad del sue\u00f1o, la reducci\u00f3n de los antojos y el bienestar general. El peso cambia m\u00e1s tarde, cuando el cuerpo ha comenzado a reorganizarse desde dentro.<\/p>\n<p>El tercero es buscar un protocolo que sea igual para todos. La nutrici\u00f3n metab\u00f3lica no funciona como una dieta estandarizada: se adapta a las se\u00f1ales individuales, las necesidades del estilo de vida y los objetivos espec\u00edficos. Es un aspecto que el m\u00e9todo Saut\u00f3n siempre ha subrayado: no existe una f\u00f3rmula id\u00e9ntica para todos, sino principios que deben calibrarse seg\u00fan cada persona y su contexto.<\/p>\n<h2>Un cambio gradual, no una revoluci\u00f3n<\/h2>\n<p>Abordar la nutrici\u00f3n metab\u00f3lica significa aceptar que los resultados duraderos toman tiempo. Las primeras dos o tres semanas son para que el cuerpo se adapte a una fuente de energ\u00eda diferente. Los cambios visibles en la composici\u00f3n corporal generalmente llegan entre la cuarta y sexta semana. El equilibrio m\u00e1s profundo -el que permanece incluso cuando se afloja la estructura- requiere unos meses de coherencia.<\/p>\n<p>El objetivo final no es una dieta que tarde o temprano termine, sino una forma de comer que se vuelva sostenible en el tiempo, para el cuerpo y tambi\u00e9n para el planeta que nos nutre. Y es precisamente esto, m\u00e1s que cualquier resultado r\u00e1pido, lo que hace que un enfoque nutricional sea realmente \u00fatil a largo plazo.<\/p>\n","protected":false},"excerpt":{"rendered":"<p>En este panorama se ha abierto paso un enfoque alternativo y m\u00e1s amplio: la Nutrici\u00f3n Metab\u00f3lica, un sistema alimentario que tiene como objetivo reequilibrar el<\/p>\n","protected":false},"author":1,"featured_media":8954,"comment_status":"closed","ping_status":"","sticky":false,"template":"","format":"standard","meta":{"footnotes":""},"categories":[762],"tags":[287,1871,1942,8603,3911,593,3595,29,112,8604],"class_list":["post-8953","post","type-post","status-publish","format-standard","has-post-thumbnail","hentry","category-salud","tag-donde","tag-empezar","tag-forma","tag-metabolica","tag-metabolismo","tag-natural","tag-nutricion","tag-para","tag-por","tag-reactivar","generate-columns","tablet-grid-50","mobile-grid-100","grid-parent","grid-50"],"yoast_head":"<!-- This site is optimized with the Yoast SEO plugin v23.4 - https:\/\/yoast.com\/wordpress\/plugins\/seo\/ -->\n<title>Nutrici\u00f3n metab\u00f3lica: por d\u00f3nde empezar para reactivar el metabolismo de forma natural - Consejos - Santa Catarina<\/title>\n<meta name=\"robots\" content=\"index, follow, max-snippet:-1, max-image-preview:large, max-video-preview:-1\" \/>\n<link rel=\"canonical\" href=\"https:\/\/stacatarina.mx\/consejos\/nutricion-metabolica-por-donde-empezar-para-reactivar-el-metabolismo-de-forma-natural\/\" \/>\n<meta property=\"og:locale\" content=\"es_MX\" \/>\n<meta property=\"og:type\" content=\"article\" \/>\n<meta property=\"og:title\" content=\"Nutrici\u00f3n metab\u00f3lica: por d\u00f3nde empezar para reactivar el metabolismo de forma natural - Consejos - Santa Catarina\" \/>\n<meta property=\"og:description\" content=\"En este panorama se ha abierto paso un enfoque alternativo y m\u00e1s amplio: la Nutrici\u00f3n Metab\u00f3lica, un sistema alimentario que tiene como objetivo reequilibrar el\" \/>\n<meta property=\"og:url\" content=\"https:\/\/stacatarina.mx\/consejos\/nutricion-metabolica-por-donde-empezar-para-reactivar-el-metabolismo-de-forma-natural\/\" \/>\n<meta property=\"og:site_name\" content=\"Santa Catarina\" \/>\n<meta property=\"article:publisher\" content=\"https:\/\/www.facebook.com\/stacatarinagob\/\" \/>\n<meta property=\"article:published_time\" content=\"2026-04-28T02:52:31+00:00\" \/>\n<meta property=\"article:modified_time\" content=\"2026-04-28T02:52:33+00:00\" \/>\n<meta property=\"og:image\" content=\"https:\/\/stacatarina.mx\/consejos\/wp-content\/uploads\/2026\/04\/Nutricion-metabolica-por-donde-empezar-para-reactivar-el-metabolismo-de.jpg\" \/>\n\t<meta property=\"og:image:width\" content=\"1500\" \/>\n\t<meta property=\"og:image:height\" content=\"1000\" \/>\n\t<meta property=\"og:image:type\" content=\"image\/jpeg\" \/>\n<meta name=\"author\" content=\"Pedro Mart\u00ednez\" \/>\n<meta name=\"twitter:card\" content=\"summary_large_image\" \/>\n<meta name=\"twitter:creator\" content=\"@stacatarinagob\" \/>\n<meta name=\"twitter:site\" content=\"@stacatarinagob\" \/>\n<meta name=\"twitter:label1\" content=\"Escrito por\" \/>\n\t<meta name=\"twitter:data1\" content=\"Pedro Mart\u00ednez\" \/>\n\t<meta name=\"twitter:label2\" content=\"Tiempo de lectura\" \/>\n\t<meta name=\"twitter:data2\" content=\"5 minutos\" \/>\n<script type=\"application\/ld+json\" class=\"yoast-schema-graph\">{\"@context\":\"https:\/\/schema.org\",\"@graph\":[{\"@type\":\"Article\",\"@id\":\"https:\/\/stacatarina.mx\/consejos\/nutricion-metabolica-por-donde-empezar-para-reactivar-el-metabolismo-de-forma-natural\/#article\",\"isPartOf\":{\"@id\":\"https:\/\/stacatarina.mx\/consejos\/nutricion-metabolica-por-donde-empezar-para-reactivar-el-metabolismo-de-forma-natural\/\"},\"author\":{\"name\":\"Pedro Mart\u00ednez\",\"@id\":\"https:\/\/stacatarina.mx\/consejos\/#\/schema\/person\/0be60adffa8e4c4d0828fdf021450e8a\"},\"headline\":\"Nutrici\u00f3n metab\u00f3lica: por d\u00f3nde empezar para reactivar el metabolismo de forma natural\",\"datePublished\":\"2026-04-28T02:52:31+00:00\",\"dateModified\":\"2026-04-28T02:52:33+00:00\",\"mainEntityOfPage\":{\"@id\":\"https:\/\/stacatarina.mx\/consejos\/nutricion-metabolica-por-donde-empezar-para-reactivar-el-metabolismo-de-forma-natural\/\"},\"wordCount\":1094,\"publisher\":{\"@id\":\"https:\/\/stacatarina.mx\/consejos\/#organization\"},\"image\":{\"@id\":\"https:\/\/stacatarina.mx\/consejos\/nutricion-metabolica-por-donde-empezar-para-reactivar-el-metabolismo-de-forma-natural\/#primaryimage\"},\"thumbnailUrl\":\"https:\/\/stacatarina.mx\/consejos\/wp-content\/uploads\/2026\/04\/Nutricion-metabolica-por-donde-empezar-para-reactivar-el-metabolismo-de.jpg\",\"keywords\":[\"D\u00f3nde\",\"empezar\",\"forma\",\"metab\u00f3lica\",\"metabolismo\",\"Natural\",\"nutrici\u00f3n\",\"para\",\"por\",\"reactivar\"],\"articleSection\":[\"Salud\"],\"inLanguage\":\"es\"},{\"@type\":\"WebPage\",\"@id\":\"https:\/\/stacatarina.mx\/consejos\/nutricion-metabolica-por-donde-empezar-para-reactivar-el-metabolismo-de-forma-natural\/\",\"url\":\"https:\/\/stacatarina.mx\/consejos\/nutricion-metabolica-por-donde-empezar-para-reactivar-el-metabolismo-de-forma-natural\/\",\"name\":\"Nutrici\u00f3n metab\u00f3lica: por d\u00f3nde empezar para reactivar el metabolismo de forma natural - Consejos - Santa Catarina\",\"isPartOf\":{\"@id\":\"https:\/\/stacatarina.mx\/consejos\/#website\"},\"primaryImageOfPage\":{\"@id\":\"https:\/\/stacatarina.mx\/consejos\/nutricion-metabolica-por-donde-empezar-para-reactivar-el-metabolismo-de-forma-natural\/#primaryimage\"},\"image\":{\"@id\":\"https:\/\/stacatarina.mx\/consejos\/nutricion-metabolica-por-donde-empezar-para-reactivar-el-metabolismo-de-forma-natural\/#primaryimage\"},\"thumbnailUrl\":\"https:\/\/stacatarina.mx\/consejos\/wp-content\/uploads\/2026\/04\/Nutricion-metabolica-por-donde-empezar-para-reactivar-el-metabolismo-de.jpg\",\"datePublished\":\"2026-04-28T02:52:31+00:00\",\"dateModified\":\"2026-04-28T02:52:33+00:00\",\"breadcrumb\":{\"@id\":\"https:\/\/stacatarina.mx\/consejos\/nutricion-metabolica-por-donde-empezar-para-reactivar-el-metabolismo-de-forma-natural\/#breadcrumb\"},\"inLanguage\":\"es\",\"potentialAction\":[{\"@type\":\"ReadAction\",\"target\":[\"https:\/\/stacatarina.mx\/consejos\/nutricion-metabolica-por-donde-empezar-para-reactivar-el-metabolismo-de-forma-natural\/\"]}]},{\"@type\":\"ImageObject\",\"inLanguage\":\"es\",\"@id\":\"https:\/\/stacatarina.mx\/consejos\/nutricion-metabolica-por-donde-empezar-para-reactivar-el-metabolismo-de-forma-natural\/#primaryimage\",\"url\":\"https:\/\/stacatarina.mx\/consejos\/wp-content\/uploads\/2026\/04\/Nutricion-metabolica-por-donde-empezar-para-reactivar-el-metabolismo-de.jpg\",\"contentUrl\":\"https:\/\/stacatarina.mx\/consejos\/wp-content\/uploads\/2026\/04\/Nutricion-metabolica-por-donde-empezar-para-reactivar-el-metabolismo-de.jpg\",\"width\":1500,\"height\":1000,\"caption\":\"nutrizione metabolica\"},{\"@type\":\"BreadcrumbList\",\"@id\":\"https:\/\/stacatarina.mx\/consejos\/nutricion-metabolica-por-donde-empezar-para-reactivar-el-metabolismo-de-forma-natural\/#breadcrumb\",\"itemListElement\":[{\"@type\":\"ListItem\",\"position\":1,\"name\":\"Inicio\",\"item\":\"https:\/\/stacatarina.mx\/consejos\/\"},{\"@type\":\"ListItem\",\"position\":2,\"name\":\"Nutrici\u00f3n metab\u00f3lica: por d\u00f3nde empezar para reactivar el metabolismo de forma natural\"}]},{\"@type\":\"WebSite\",\"@id\":\"https:\/\/stacatarina.mx\/consejos\/#website\",\"url\":\"https:\/\/stacatarina.mx\/consejos\/\",\"name\":\"Santa Catarina\",\"description\":\"\",\"publisher\":{\"@id\":\"https:\/\/stacatarina.mx\/consejos\/#organization\"},\"potentialAction\":[{\"@type\":\"SearchAction\",\"target\":{\"@type\":\"EntryPoint\",\"urlTemplate\":\"https:\/\/stacatarina.mx\/consejos\/?s={search_term_string}\"},\"query-input\":{\"@type\":\"PropertyValueSpecification\",\"valueRequired\":true,\"valueName\":\"search_term_string\"}}],\"inLanguage\":\"es\"},{\"@type\":\"Organization\",\"@id\":\"https:\/\/stacatarina.mx\/consejos\/#organization\",\"name\":\"Santa Catarina\",\"url\":\"https:\/\/stacatarina.mx\/consejos\/\",\"logo\":{\"@type\":\"ImageObject\",\"inLanguage\":\"es\",\"@id\":\"https:\/\/stacatarina.mx\/consejos\/#\/schema\/logo\/image\/\",\"url\":\"https:\/\/stacatarina.mx\/consejos\/wp-content\/uploads\/2024\/09\/cropped-favicon-1-1.png\",\"contentUrl\":\"https:\/\/stacatarina.mx\/consejos\/wp-content\/uploads\/2024\/09\/cropped-favicon-1-1.png\",\"width\":512,\"height\":512,\"caption\":\"Santa Catarina\"},\"image\":{\"@id\":\"https:\/\/stacatarina.mx\/consejos\/#\/schema\/logo\/image\/\"},\"sameAs\":[\"https:\/\/www.facebook.com\/stacatarinagob\/\",\"https:\/\/x.com\/stacatarinagob\",\"https:\/\/www.instagram.com\/stacatarinagob\/\",\"https:\/\/www.youtube.com\/channel\/UCK-6cQJL_904665N1_nLTWw\"]},{\"@type\":\"Person\",\"@id\":\"https:\/\/stacatarina.mx\/consejos\/#\/schema\/person\/0be60adffa8e4c4d0828fdf021450e8a\",\"name\":\"Pedro Mart\u00ednez\",\"image\":{\"@type\":\"ImageObject\",\"inLanguage\":\"es\",\"@id\":\"https:\/\/stacatarina.mx\/consejos\/#\/schema\/person\/image\/\",\"url\":\"https:\/\/stacatarina.mx\/consejos\/wp-content\/uploads\/2024\/09\/stacatarina.jpg\",\"contentUrl\":\"https:\/\/stacatarina.mx\/consejos\/wp-content\/uploads\/2024\/09\/stacatarina.jpg\",\"caption\":\"Pedro Mart\u00ednez\"},\"description\":\"Hola, soy Pedro Mart\u00ednez, redactor jefe del sitio oficial del ayuntamiento de Santa Catarina, en M\u00e9xico. Con m\u00e1s de diez a\u00f1os de experiencia en el periodismo local, tengo una pasi\u00f3n por la investigaci\u00f3n y la difusi\u00f3n de informaci\u00f3n que valoriza nuestra hermosa comunidad. Mi compromiso es hacer de Santa Catarina una referencia en materia de transparencia y comunicaci\u00f3n municipal.\",\"sameAs\":[\"https:\/\/stacatarina.mx\/\"]}]}<\/script>\n<!-- \/ Yoast SEO plugin. -->","yoast_head_json":{"title":"Nutrici\u00f3n metab\u00f3lica: por d\u00f3nde empezar para reactivar el metabolismo de forma natural - Consejos - Santa Catarina","robots":{"index":"index","follow":"follow","max-snippet":"max-snippet:-1","max-image-preview":"max-image-preview:large","max-video-preview":"max-video-preview:-1"},"canonical":"https:\/\/stacatarina.mx\/consejos\/nutricion-metabolica-por-donde-empezar-para-reactivar-el-metabolismo-de-forma-natural\/","og_locale":"es_MX","og_type":"article","og_title":"Nutrici\u00f3n metab\u00f3lica: por d\u00f3nde empezar para reactivar el metabolismo de forma natural - Consejos - Santa Catarina","og_description":"En este panorama se ha abierto paso un enfoque alternativo y m\u00e1s amplio: la Nutrici\u00f3n Metab\u00f3lica, un sistema alimentario que tiene como objetivo reequilibrar el","og_url":"https:\/\/stacatarina.mx\/consejos\/nutricion-metabolica-por-donde-empezar-para-reactivar-el-metabolismo-de-forma-natural\/","og_site_name":"Santa Catarina","article_publisher":"https:\/\/www.facebook.com\/stacatarinagob\/","article_published_time":"2026-04-28T02:52:31+00:00","article_modified_time":"2026-04-28T02:52:33+00:00","og_image":[{"width":1500,"height":1000,"url":"https:\/\/stacatarina.mx\/consejos\/wp-content\/uploads\/2026\/04\/Nutricion-metabolica-por-donde-empezar-para-reactivar-el-metabolismo-de.jpg","type":"image\/jpeg"}],"author":"Pedro Mart\u00ednez","twitter_card":"summary_large_image","twitter_creator":"@stacatarinagob","twitter_site":"@stacatarinagob","twitter_misc":{"Escrito por":"Pedro Mart\u00ednez","Tiempo de lectura":"5 minutos"},"schema":{"@context":"https:\/\/schema.org","@graph":[{"@type":"Article","@id":"https:\/\/stacatarina.mx\/consejos\/nutricion-metabolica-por-donde-empezar-para-reactivar-el-metabolismo-de-forma-natural\/#article","isPartOf":{"@id":"https:\/\/stacatarina.mx\/consejos\/nutricion-metabolica-por-donde-empezar-para-reactivar-el-metabolismo-de-forma-natural\/"},"author":{"name":"Pedro Mart\u00ednez","@id":"https:\/\/stacatarina.mx\/consejos\/#\/schema\/person\/0be60adffa8e4c4d0828fdf021450e8a"},"headline":"Nutrici\u00f3n metab\u00f3lica: por d\u00f3nde empezar para reactivar el metabolismo de forma natural","datePublished":"2026-04-28T02:52:31+00:00","dateModified":"2026-04-28T02:52:33+00:00","mainEntityOfPage":{"@id":"https:\/\/stacatarina.mx\/consejos\/nutricion-metabolica-por-donde-empezar-para-reactivar-el-metabolismo-de-forma-natural\/"},"wordCount":1094,"publisher":{"@id":"https:\/\/stacatarina.mx\/consejos\/#organization"},"image":{"@id":"https:\/\/stacatarina.mx\/consejos\/nutricion-metabolica-por-donde-empezar-para-reactivar-el-metabolismo-de-forma-natural\/#primaryimage"},"thumbnailUrl":"https:\/\/stacatarina.mx\/consejos\/wp-content\/uploads\/2026\/04\/Nutricion-metabolica-por-donde-empezar-para-reactivar-el-metabolismo-de.jpg","keywords":["D\u00f3nde","empezar","forma","metab\u00f3lica","metabolismo","Natural","nutrici\u00f3n","para","por","reactivar"],"articleSection":["Salud"],"inLanguage":"es"},{"@type":"WebPage","@id":"https:\/\/stacatarina.mx\/consejos\/nutricion-metabolica-por-donde-empezar-para-reactivar-el-metabolismo-de-forma-natural\/","url":"https:\/\/stacatarina.mx\/consejos\/nutricion-metabolica-por-donde-empezar-para-reactivar-el-metabolismo-de-forma-natural\/","name":"Nutrici\u00f3n metab\u00f3lica: por d\u00f3nde empezar para reactivar el metabolismo de forma natural - Consejos - Santa Catarina","isPartOf":{"@id":"https:\/\/stacatarina.mx\/consejos\/#website"},"primaryImageOfPage":{"@id":"https:\/\/stacatarina.mx\/consejos\/nutricion-metabolica-por-donde-empezar-para-reactivar-el-metabolismo-de-forma-natural\/#primaryimage"},"image":{"@id":"https:\/\/stacatarina.mx\/consejos\/nutricion-metabolica-por-donde-empezar-para-reactivar-el-metabolismo-de-forma-natural\/#primaryimage"},"thumbnailUrl":"https:\/\/stacatarina.mx\/consejos\/wp-content\/uploads\/2026\/04\/Nutricion-metabolica-por-donde-empezar-para-reactivar-el-metabolismo-de.jpg","datePublished":"2026-04-28T02:52:31+00:00","dateModified":"2026-04-28T02:52:33+00:00","breadcrumb":{"@id":"https:\/\/stacatarina.mx\/consejos\/nutricion-metabolica-por-donde-empezar-para-reactivar-el-metabolismo-de-forma-natural\/#breadcrumb"},"inLanguage":"es","potentialAction":[{"@type":"ReadAction","target":["https:\/\/stacatarina.mx\/consejos\/nutricion-metabolica-por-donde-empezar-para-reactivar-el-metabolismo-de-forma-natural\/"]}]},{"@type":"ImageObject","inLanguage":"es","@id":"https:\/\/stacatarina.mx\/consejos\/nutricion-metabolica-por-donde-empezar-para-reactivar-el-metabolismo-de-forma-natural\/#primaryimage","url":"https:\/\/stacatarina.mx\/consejos\/wp-content\/uploads\/2026\/04\/Nutricion-metabolica-por-donde-empezar-para-reactivar-el-metabolismo-de.jpg","contentUrl":"https:\/\/stacatarina.mx\/consejos\/wp-content\/uploads\/2026\/04\/Nutricion-metabolica-por-donde-empezar-para-reactivar-el-metabolismo-de.jpg","width":1500,"height":1000,"caption":"nutrizione metabolica"},{"@type":"BreadcrumbList","@id":"https:\/\/stacatarina.mx\/consejos\/nutricion-metabolica-por-donde-empezar-para-reactivar-el-metabolismo-de-forma-natural\/#breadcrumb","itemListElement":[{"@type":"ListItem","position":1,"name":"Inicio","item":"https:\/\/stacatarina.mx\/consejos\/"},{"@type":"ListItem","position":2,"name":"Nutrici\u00f3n metab\u00f3lica: por d\u00f3nde empezar para reactivar el metabolismo de forma natural"}]},{"@type":"WebSite","@id":"https:\/\/stacatarina.mx\/consejos\/#website","url":"https:\/\/stacatarina.mx\/consejos\/","name":"Santa Catarina","description":"","publisher":{"@id":"https:\/\/stacatarina.mx\/consejos\/#organization"},"potentialAction":[{"@type":"SearchAction","target":{"@type":"EntryPoint","urlTemplate":"https:\/\/stacatarina.mx\/consejos\/?s={search_term_string}"},"query-input":{"@type":"PropertyValueSpecification","valueRequired":true,"valueName":"search_term_string"}}],"inLanguage":"es"},{"@type":"Organization","@id":"https:\/\/stacatarina.mx\/consejos\/#organization","name":"Santa Catarina","url":"https:\/\/stacatarina.mx\/consejos\/","logo":{"@type":"ImageObject","inLanguage":"es","@id":"https:\/\/stacatarina.mx\/consejos\/#\/schema\/logo\/image\/","url":"https:\/\/stacatarina.mx\/consejos\/wp-content\/uploads\/2024\/09\/cropped-favicon-1-1.png","contentUrl":"https:\/\/stacatarina.mx\/consejos\/wp-content\/uploads\/2024\/09\/cropped-favicon-1-1.png","width":512,"height":512,"caption":"Santa Catarina"},"image":{"@id":"https:\/\/stacatarina.mx\/consejos\/#\/schema\/logo\/image\/"},"sameAs":["https:\/\/www.facebook.com\/stacatarinagob\/","https:\/\/x.com\/stacatarinagob","https:\/\/www.instagram.com\/stacatarinagob\/","https:\/\/www.youtube.com\/channel\/UCK-6cQJL_904665N1_nLTWw"]},{"@type":"Person","@id":"https:\/\/stacatarina.mx\/consejos\/#\/schema\/person\/0be60adffa8e4c4d0828fdf021450e8a","name":"Pedro Mart\u00ednez","image":{"@type":"ImageObject","inLanguage":"es","@id":"https:\/\/stacatarina.mx\/consejos\/#\/schema\/person\/image\/","url":"https:\/\/stacatarina.mx\/consejos\/wp-content\/uploads\/2024\/09\/stacatarina.jpg","contentUrl":"https:\/\/stacatarina.mx\/consejos\/wp-content\/uploads\/2024\/09\/stacatarina.jpg","caption":"Pedro Mart\u00ednez"},"description":"Hola, soy Pedro Mart\u00ednez, redactor jefe del sitio oficial del ayuntamiento de Santa Catarina, en M\u00e9xico. Con m\u00e1s de diez a\u00f1os de experiencia en el periodismo local, tengo una pasi\u00f3n por la investigaci\u00f3n y la difusi\u00f3n de informaci\u00f3n que valoriza nuestra hermosa comunidad. Mi compromiso es hacer de Santa Catarina una referencia en materia de transparencia y comunicaci\u00f3n municipal.","sameAs":["https:\/\/stacatarina.mx\/"]}]}},"_links":{"self":[{"href":"https:\/\/stacatarina.mx\/consejos\/wp-json\/wp\/v2\/posts\/8953"}],"collection":[{"href":"https:\/\/stacatarina.mx\/consejos\/wp-json\/wp\/v2\/posts"}],"about":[{"href":"https:\/\/stacatarina.mx\/consejos\/wp-json\/wp\/v2\/types\/post"}],"author":[{"embeddable":true,"href":"https:\/\/stacatarina.mx\/consejos\/wp-json\/wp\/v2\/users\/1"}],"replies":[{"embeddable":true,"href":"https:\/\/stacatarina.mx\/consejos\/wp-json\/wp\/v2\/comments?post=8953"}],"version-history":[{"count":1,"href":"https:\/\/stacatarina.mx\/consejos\/wp-json\/wp\/v2\/posts\/8953\/revisions"}],"predecessor-version":[{"id":8955,"href":"https:\/\/stacatarina.mx\/consejos\/wp-json\/wp\/v2\/posts\/8953\/revisions\/8955"}],"wp:featuredmedia":[{"embeddable":true,"href":"https:\/\/stacatarina.mx\/consejos\/wp-json\/wp\/v2\/media\/8954"}],"wp:attachment":[{"href":"https:\/\/stacatarina.mx\/consejos\/wp-json\/wp\/v2\/media?parent=8953"}],"wp:term":[{"taxonomy":"category","embeddable":true,"href":"https:\/\/stacatarina.mx\/consejos\/wp-json\/wp\/v2\/categories?post=8953"},{"taxonomy":"post_tag","embeddable":true,"href":"https:\/\/stacatarina.mx\/consejos\/wp-json\/wp\/v2\/tags?post=8953"}],"curies":[{"name":"wp","href":"https:\/\/api.w.org\/{rel}","templated":true}]}}