{"id":8956,"date":"2026-04-28T01:53:32","date_gmt":"2026-04-28T07:53:32","guid":{"rendered":"https:\/\/stacatarina.mx\/consejos\/el-amianto-sigue-cobrando-7-000-victimas-cada-ano-una-emergencia-interminable-en-italia-estas-son-las-regiones-mas-expuestas-a-la-fibra-mortal\/"},"modified":"2026-04-28T01:53:34","modified_gmt":"2026-04-28T07:53:34","slug":"el-amianto-sigue-cobrando-7-000-victimas-cada-ano-una-emergencia-interminable-en-italia-estas-son-las-regiones-mas-expuestas-a-la-fibra-mortal","status":"publish","type":"post","link":"https:\/\/stacatarina.mx\/consejos\/el-amianto-sigue-cobrando-7-000-victimas-cada-ano-una-emergencia-interminable-en-italia-estas-son-las-regiones-mas-expuestas-a-la-fibra-mortal\/","title":{"rendered":"El amianto sigue cobrando 7.000 v\u00edctimas cada a\u00f1o, una emergencia interminable en Italia: estas son las regiones m\u00e1s expuestas a la fibra mortal"},"content":{"rendered":"<p>El 28 de abril se celebra el D\u00eda Mundial de las V\u00edctimas del Amianto, un momento de reflexi\u00f3n lanzado por el Observatorio Nacional del Amianto (ONA) para volver a centrar la atenci\u00f3n en un fen\u00f3meno que, lamentablemente, no se limita al pasado. A pesar de las regulaciones y de una mayor concienciaci\u00f3n, el amianto sigue representando una de las emergencias sanitarias y medioambientales m\u00e1s graves y silenciosas en Italia y en el mundo.<\/p>\n<h2>Las cifras de la emergencia del amianto en Italia<\/h2>\n<p>Los datos que facilita la ONA son dram\u00e1ticos y, a\u00f1o tras a\u00f1o, se mantienen casi inalterados. En nuestro pa\u00eds se producen aproximadamente 10.000 nuevos casos de enfermedades relacionadas con el amianto y 7.000 muertes cada a\u00f1o. Estas cifras ponen de relieve una curva estable que preocupa y confirma la persistencia del problema.<\/p>\n<p>Las principales patolog\u00edas relacionadas con la exposici\u00f3n al amianto incluyen el mesotelioma (unas 2.000 muertes al a\u00f1o), el c\u00e1ncer de pulm\u00f3n (m\u00e1s de 3.800) y la asbestosis (unas 500), adem\u00e1s de otras formas de c\u00e1ncer que afectan al tracto gastrointestinal y a los ovarios. N\u00fameros que nos recuerdan c\u00f3mo la amenaza no se ha agotado, sino que contin\u00faa insinu\u00e1ndose en el tejido social y ambiental.<\/p>\n<h2>El enemigo invisible: d\u00f3nde acecha hoy el amianto<\/h2>\n<p>El amianto no es un recuerdo borroso, sino una presencia concreta y omnipresente. Todav\u00eda lo encontramos en miles de hogares, escuelas, hospitales, bibliotecas e instalaciones deportivas. Incluso las tuber\u00edas de agua y numerosos emplazamientos industriales y contextos operativos, incluidas las Fuerzas Armadas (Armada, Ej\u00e9rcito, Fuerza A\u00e9rea), todav\u00eda esconden este material. Millones de ciudadanos est\u00e1n expuestos diariamente a un riesgo invisible pero real, que a menudo se manifiesta d\u00e9cadas despu\u00e9s de la exposici\u00f3n.<\/p>\n<p>A nivel territorial, las regiones m\u00e1s industrializadas siguen pagando el precio m\u00e1s alto. Lombard\u00eda, por ejemplo, registra m\u00e1s de 2.000 muertes al a\u00f1o, seguida de Piamonte (unas 1.000), Emilia-Roma\u00f1a (unas 650), Liguria (m\u00e1s de 600) y Lacio (unas 500).<\/p>\n<h2>La remediaci\u00f3n es demasiado lenta: un futuro de incertidumbre<\/h2>\n<p>Aunque se han puesto en marcha planes regionales e intervenciones de limpieza, la velocidad y el ritmo generales de las evacuaciones siguen siendo insuficientes. Aunque realidades como Lombard\u00eda, que ha eliminado el 33,2% del total nacional de amianto, y Friuli Venecia Julia, considerada un modelo virtuoso, est\u00e1n contribuyendo, el panorama general no es nada tranquilizador.<\/p>\n<p>A continuaci\u00f3n se muestra un mapa con el estado de remediaci\u00f3n de sitios contaminados por amianto para 2024:<\/p>\n<div id=\"attachment_1389245\" style=\"width: 1046px\" class=\"wp-caption alignnone\">\n<p id=\"caption-attachment-1389245\" class=\"wp-caption-text\">@Ministerio de Medio Ambiente<\/p>\n<\/div>\n<p>Como subraya el abogado Ezio Bonanni, presidente del Observatorio Nacional del Amianto: &#8220;La estabilidad de las cifras demuestra que no estamos ante un problema resuelto, sino ante una crisis sanitaria en curso. El amianto sigue presente en los lugares de la vida cotidiana y sigue provocando enfermedades y muertes. Necesitamos un plan de eliminaci\u00f3n extraordinario, generalizado y estructurado, que involucre todo el territorio nacional y ponga en el centro la protecci\u00f3n de la salud p\u00fablica&#8221;.<\/p>\n<p>Sin una aceleraci\u00f3n decisiva y concreta de la recuperaci\u00f3n, la emergencia del amianto seguir\u00e1 cobr\u00e1ndose v\u00edctimas durante d\u00e9cadas, perpetuando una tragedia que podr\u00eda haberse evitado. No basta recordar a las v\u00edctimas del pasado; Es fundamental actuar con urgencia en el presente para proteger a las generaciones futuras.<\/p>\n<h2>Act\u00fae ahora para un futuro libre de amianto<\/h2>\n<p>El D\u00eda Mundial de las V\u00edctimas del Asbesto no debe ser s\u00f3lo un momento de conmemoraci\u00f3n, sino un fuerte llamado a la acci\u00f3n.<\/p>\n<p>La ONA sigue ofreciendo apoyo concreto a las v\u00edctimas y sus familias a trav\u00e9s de un servicio gratuito de asesoramiento jur\u00eddico y m\u00e9dico, al que se puede contactar llamando al n\u00famero gratuito 800 034 294 o visitando el sitio web www.associazioneamianto.it. En 2025, el Observatorio implement\u00f3 la actividad de mapeo de sitios contaminados en Italia a trav\u00e9s de la aplicaci\u00f3n ONA, una herramienta fundamental para la prevenci\u00f3n primaria que permite a los ciudadanos informar la presencia de amianto. La aplicaci\u00f3n est\u00e1 dise\u00f1ada para monitorear el \u00e1rea y facilitar la limpieza, protegiendo la salud p\u00fablica.<\/p>\n<div class=\"facebook responsive-container\">\n<div id=\"fb-root\"><\/div>\n<\/p>\n<div class=\"fb-post\" data-href=\"https:\/\/www.facebook.com\/ona.amianto\/posts\/pfbid0AvrjHaN7QNP4NKeHmSGL9Z7coeGr2nok3CFzSFntpwSGgSTHxN3ViybcnLEc9Gyvl\" data-width=\"500\"><\/div>\n<\/div>\n<p>S\u00f3lo con un compromiso colectivo y acciones espec\u00edficas podemos esperar un futuro en el que el amianto se convierta realmente en un problema del pasado.<\/p>\n<div id=\"fb-root\"><\/div>\n<p><script async defer src=\"https:\/\/connect.facebook.net\/en_US\/sdk.js#xfbml=1&#038;version=v3.2\"><\/script><\/p>\n","protected":false},"excerpt":{"rendered":"<p>El 28 de abril se celebra el D\u00eda Mundial de las V\u00edctimas del Amianto, un momento de reflexi\u00f3n lanzado por el Observatorio Nacional del Amianto<\/p>\n","protected":false},"author":1,"featured_media":8957,"comment_status":"closed","ping_status":"","sticky":false,"template":"","format":"standard","meta":{"footnotes":""},"categories":[762],"tags":[2472,421,739,7511,5105,220,7971,4272,8605,1062,34,137,8262,7517,5851,369,37,2603],"class_list":["post-8956","post","type-post","status-publish","format-standard","has-post-thumbnail","hentry","category-salud","tag-amianto","tag-ano","tag-cada","tag-cobrando","tag-emergencia","tag-estas","tag-expuestas","tag-fibra","tag-interminable","tag-italia","tag-las","tag-mas","tag-mortal","tag-regiones","tag-sigue","tag-son","tag-una","tag-victimas","generate-columns","tablet-grid-50","mobile-grid-100","grid-parent","grid-50"],"yoast_head":"<!-- This site is optimized with the Yoast SEO plugin v23.4 - https:\/\/yoast.com\/wordpress\/plugins\/seo\/ -->\n<title>El amianto sigue cobrando 7.000 v\u00edctimas cada a\u00f1o, una emergencia interminable en Italia: estas son las regiones m\u00e1s expuestas a la fibra mortal - Consejos - Santa Catarina<\/title>\n<meta name=\"robots\" content=\"index, follow, max-snippet:-1, max-image-preview:large, max-video-preview:-1\" \/>\n<link rel=\"canonical\" href=\"https:\/\/stacatarina.mx\/consejos\/el-amianto-sigue-cobrando-7-000-victimas-cada-ano-una-emergencia-interminable-en-italia-estas-son-las-regiones-mas-expuestas-a-la-fibra-mortal\/\" \/>\n<meta property=\"og:locale\" content=\"es_MX\" \/>\n<meta property=\"og:type\" content=\"article\" \/>\n<meta property=\"og:title\" content=\"El amianto sigue cobrando 7.000 v\u00edctimas cada a\u00f1o, una emergencia interminable en Italia: estas son las regiones m\u00e1s expuestas a la fibra mortal - Consejos - Santa Catarina\" \/>\n<meta property=\"og:description\" content=\"El 28 de abril se celebra el D\u00eda Mundial de las V\u00edctimas del Amianto, un momento de reflexi\u00f3n lanzado por el Observatorio Nacional del Amianto\" \/>\n<meta property=\"og:url\" content=\"https:\/\/stacatarina.mx\/consejos\/el-amianto-sigue-cobrando-7-000-victimas-cada-ano-una-emergencia-interminable-en-italia-estas-son-las-regiones-mas-expuestas-a-la-fibra-mortal\/\" \/>\n<meta property=\"og:site_name\" content=\"Santa Catarina\" \/>\n<meta property=\"article:publisher\" content=\"https:\/\/www.facebook.com\/stacatarinagob\/\" \/>\n<meta property=\"article:published_time\" content=\"2026-04-28T07:53:32+00:00\" \/>\n<meta property=\"article:modified_time\" content=\"2026-04-28T07:53:34+00:00\" \/>\n<meta property=\"og:image\" content=\"https:\/\/stacatarina.mx\/consejos\/wp-content\/uploads\/2026\/04\/El-amianto-sigue-cobrando-7000-victimas-cada-ano-una-emergencia.jpg\" \/>\n\t<meta property=\"og:image:width\" content=\"1500\" \/>\n\t<meta property=\"og:image:height\" content=\"1000\" \/>\n\t<meta property=\"og:image:type\" content=\"image\/jpeg\" \/>\n<meta name=\"author\" content=\"Pedro Mart\u00ednez\" \/>\n<meta name=\"twitter:card\" content=\"summary_large_image\" \/>\n<meta name=\"twitter:creator\" content=\"@stacatarinagob\" \/>\n<meta name=\"twitter:site\" content=\"@stacatarinagob\" \/>\n<meta name=\"twitter:label1\" content=\"Escrito por\" \/>\n\t<meta name=\"twitter:data1\" content=\"Pedro Mart\u00ednez\" \/>\n\t<meta name=\"twitter:label2\" content=\"Tiempo de lectura\" \/>\n\t<meta name=\"twitter:data2\" content=\"4 minutos\" \/>\n<script type=\"application\/ld+json\" class=\"yoast-schema-graph\">{\"@context\":\"https:\/\/schema.org\",\"@graph\":[{\"@type\":\"Article\",\"@id\":\"https:\/\/stacatarina.mx\/consejos\/el-amianto-sigue-cobrando-7-000-victimas-cada-ano-una-emergencia-interminable-en-italia-estas-son-las-regiones-mas-expuestas-a-la-fibra-mortal\/#article\",\"isPartOf\":{\"@id\":\"https:\/\/stacatarina.mx\/consejos\/el-amianto-sigue-cobrando-7-000-victimas-cada-ano-una-emergencia-interminable-en-italia-estas-son-las-regiones-mas-expuestas-a-la-fibra-mortal\/\"},\"author\":{\"name\":\"Pedro Mart\u00ednez\",\"@id\":\"https:\/\/stacatarina.mx\/consejos\/#\/schema\/person\/0be60adffa8e4c4d0828fdf021450e8a\"},\"headline\":\"El amianto sigue cobrando 7.000 v\u00edctimas cada a\u00f1o, una emergencia interminable en Italia: estas son las regiones m\u00e1s expuestas a la fibra mortal\",\"datePublished\":\"2026-04-28T07:53:32+00:00\",\"dateModified\":\"2026-04-28T07:53:34+00:00\",\"mainEntityOfPage\":{\"@id\":\"https:\/\/stacatarina.mx\/consejos\/el-amianto-sigue-cobrando-7-000-victimas-cada-ano-una-emergencia-interminable-en-italia-estas-son-las-regiones-mas-expuestas-a-la-fibra-mortal\/\"},\"wordCount\":761,\"publisher\":{\"@id\":\"https:\/\/stacatarina.mx\/consejos\/#organization\"},\"image\":{\"@id\":\"https:\/\/stacatarina.mx\/consejos\/el-amianto-sigue-cobrando-7-000-victimas-cada-ano-una-emergencia-interminable-en-italia-estas-son-las-regiones-mas-expuestas-a-la-fibra-mortal\/#primaryimage\"},\"thumbnailUrl\":\"https:\/\/stacatarina.mx\/consejos\/wp-content\/uploads\/2026\/04\/El-amianto-sigue-cobrando-7000-victimas-cada-ano-una-emergencia.jpg\",\"keywords\":[\"Amianto\",\"a\u00f1o\",\"cada\",\"cobrando\",\"emergencia\",\"Est\u00e1s\",\"expuestas\",\"fibra\",\"interminable\",\"Italia\",\"Las\",\"m\u00e1s\",\"mortal\",\"Regiones\",\"sigue\",\"son\",\"una\",\"v\u00edctimas\"],\"articleSection\":[\"Salud\"],\"inLanguage\":\"es\"},{\"@type\":\"WebPage\",\"@id\":\"https:\/\/stacatarina.mx\/consejos\/el-amianto-sigue-cobrando-7-000-victimas-cada-ano-una-emergencia-interminable-en-italia-estas-son-las-regiones-mas-expuestas-a-la-fibra-mortal\/\",\"url\":\"https:\/\/stacatarina.mx\/consejos\/el-amianto-sigue-cobrando-7-000-victimas-cada-ano-una-emergencia-interminable-en-italia-estas-son-las-regiones-mas-expuestas-a-la-fibra-mortal\/\",\"name\":\"El amianto sigue cobrando 7.000 v\u00edctimas cada a\u00f1o, una emergencia interminable en Italia: estas son las regiones m\u00e1s expuestas a la fibra mortal - Consejos - Santa Catarina\",\"isPartOf\":{\"@id\":\"https:\/\/stacatarina.mx\/consejos\/#website\"},\"primaryImageOfPage\":{\"@id\":\"https:\/\/stacatarina.mx\/consejos\/el-amianto-sigue-cobrando-7-000-victimas-cada-ano-una-emergencia-interminable-en-italia-estas-son-las-regiones-mas-expuestas-a-la-fibra-mortal\/#primaryimage\"},\"image\":{\"@id\":\"https:\/\/stacatarina.mx\/consejos\/el-amianto-sigue-cobrando-7-000-victimas-cada-ano-una-emergencia-interminable-en-italia-estas-son-las-regiones-mas-expuestas-a-la-fibra-mortal\/#primaryimage\"},\"thumbnailUrl\":\"https:\/\/stacatarina.mx\/consejos\/wp-content\/uploads\/2026\/04\/El-amianto-sigue-cobrando-7000-victimas-cada-ano-una-emergencia.jpg\",\"datePublished\":\"2026-04-28T07:53:32+00:00\",\"dateModified\":\"2026-04-28T07:53:34+00:00\",\"breadcrumb\":{\"@id\":\"https:\/\/stacatarina.mx\/consejos\/el-amianto-sigue-cobrando-7-000-victimas-cada-ano-una-emergencia-interminable-en-italia-estas-son-las-regiones-mas-expuestas-a-la-fibra-mortal\/#breadcrumb\"},\"inLanguage\":\"es\",\"potentialAction\":[{\"@type\":\"ReadAction\",\"target\":[\"https:\/\/stacatarina.mx\/consejos\/el-amianto-sigue-cobrando-7-000-victimas-cada-ano-una-emergencia-interminable-en-italia-estas-son-las-regiones-mas-expuestas-a-la-fibra-mortal\/\"]}]},{\"@type\":\"ImageObject\",\"inLanguage\":\"es\",\"@id\":\"https:\/\/stacatarina.mx\/consejos\/el-amianto-sigue-cobrando-7-000-victimas-cada-ano-una-emergencia-interminable-en-italia-estas-son-las-regiones-mas-expuestas-a-la-fibra-mortal\/#primaryimage\",\"url\":\"https:\/\/stacatarina.mx\/consejos\/wp-content\/uploads\/2026\/04\/El-amianto-sigue-cobrando-7000-victimas-cada-ano-una-emergencia.jpg\",\"contentUrl\":\"https:\/\/stacatarina.mx\/consejos\/wp-content\/uploads\/2026\/04\/El-amianto-sigue-cobrando-7000-victimas-cada-ano-una-emergencia.jpg\",\"width\":1500,\"height\":1000,\"caption\":\"amianto\"},{\"@type\":\"BreadcrumbList\",\"@id\":\"https:\/\/stacatarina.mx\/consejos\/el-amianto-sigue-cobrando-7-000-victimas-cada-ano-una-emergencia-interminable-en-italia-estas-son-las-regiones-mas-expuestas-a-la-fibra-mortal\/#breadcrumb\",\"itemListElement\":[{\"@type\":\"ListItem\",\"position\":1,\"name\":\"Inicio\",\"item\":\"https:\/\/stacatarina.mx\/consejos\/\"},{\"@type\":\"ListItem\",\"position\":2,\"name\":\"El amianto sigue cobrando 7.000 v\u00edctimas cada a\u00f1o, una emergencia interminable en Italia: estas son las regiones m\u00e1s expuestas a la fibra mortal\"}]},{\"@type\":\"WebSite\",\"@id\":\"https:\/\/stacatarina.mx\/consejos\/#website\",\"url\":\"https:\/\/stacatarina.mx\/consejos\/\",\"name\":\"Santa Catarina\",\"description\":\"\",\"publisher\":{\"@id\":\"https:\/\/stacatarina.mx\/consejos\/#organization\"},\"potentialAction\":[{\"@type\":\"SearchAction\",\"target\":{\"@type\":\"EntryPoint\",\"urlTemplate\":\"https:\/\/stacatarina.mx\/consejos\/?s={search_term_string}\"},\"query-input\":{\"@type\":\"PropertyValueSpecification\",\"valueRequired\":true,\"valueName\":\"search_term_string\"}}],\"inLanguage\":\"es\"},{\"@type\":\"Organization\",\"@id\":\"https:\/\/stacatarina.mx\/consejos\/#organization\",\"name\":\"Santa Catarina\",\"url\":\"https:\/\/stacatarina.mx\/consejos\/\",\"logo\":{\"@type\":\"ImageObject\",\"inLanguage\":\"es\",\"@id\":\"https:\/\/stacatarina.mx\/consejos\/#\/schema\/logo\/image\/\",\"url\":\"https:\/\/stacatarina.mx\/consejos\/wp-content\/uploads\/2024\/09\/cropped-favicon-1-1.png\",\"contentUrl\":\"https:\/\/stacatarina.mx\/consejos\/wp-content\/uploads\/2024\/09\/cropped-favicon-1-1.png\",\"width\":512,\"height\":512,\"caption\":\"Santa Catarina\"},\"image\":{\"@id\":\"https:\/\/stacatarina.mx\/consejos\/#\/schema\/logo\/image\/\"},\"sameAs\":[\"https:\/\/www.facebook.com\/stacatarinagob\/\",\"https:\/\/x.com\/stacatarinagob\",\"https:\/\/www.instagram.com\/stacatarinagob\/\",\"https:\/\/www.youtube.com\/channel\/UCK-6cQJL_904665N1_nLTWw\"]},{\"@type\":\"Person\",\"@id\":\"https:\/\/stacatarina.mx\/consejos\/#\/schema\/person\/0be60adffa8e4c4d0828fdf021450e8a\",\"name\":\"Pedro Mart\u00ednez\",\"image\":{\"@type\":\"ImageObject\",\"inLanguage\":\"es\",\"@id\":\"https:\/\/stacatarina.mx\/consejos\/#\/schema\/person\/image\/\",\"url\":\"https:\/\/stacatarina.mx\/consejos\/wp-content\/uploads\/2024\/09\/stacatarina.jpg\",\"contentUrl\":\"https:\/\/stacatarina.mx\/consejos\/wp-content\/uploads\/2024\/09\/stacatarina.jpg\",\"caption\":\"Pedro Mart\u00ednez\"},\"description\":\"Hola, soy Pedro Mart\u00ednez, redactor jefe del sitio oficial del ayuntamiento de Santa Catarina, en M\u00e9xico. Con m\u00e1s de diez a\u00f1os de experiencia en el periodismo local, tengo una pasi\u00f3n por la investigaci\u00f3n y la difusi\u00f3n de informaci\u00f3n que valoriza nuestra hermosa comunidad. Mi compromiso es hacer de Santa Catarina una referencia en materia de transparencia y comunicaci\u00f3n municipal.\",\"sameAs\":[\"https:\/\/stacatarina.mx\/\"]}]}<\/script>\n<!-- \/ Yoast SEO plugin. -->","yoast_head_json":{"title":"El amianto sigue cobrando 7.000 v\u00edctimas cada a\u00f1o, una emergencia interminable en Italia: estas son las regiones m\u00e1s expuestas a la fibra mortal - Consejos - Santa Catarina","robots":{"index":"index","follow":"follow","max-snippet":"max-snippet:-1","max-image-preview":"max-image-preview:large","max-video-preview":"max-video-preview:-1"},"canonical":"https:\/\/stacatarina.mx\/consejos\/el-amianto-sigue-cobrando-7-000-victimas-cada-ano-una-emergencia-interminable-en-italia-estas-son-las-regiones-mas-expuestas-a-la-fibra-mortal\/","og_locale":"es_MX","og_type":"article","og_title":"El amianto sigue cobrando 7.000 v\u00edctimas cada a\u00f1o, una emergencia interminable en Italia: estas son las regiones m\u00e1s expuestas a la fibra mortal - Consejos - Santa Catarina","og_description":"El 28 de abril se celebra el D\u00eda Mundial de las V\u00edctimas del Amianto, un momento de reflexi\u00f3n lanzado por el Observatorio Nacional del Amianto","og_url":"https:\/\/stacatarina.mx\/consejos\/el-amianto-sigue-cobrando-7-000-victimas-cada-ano-una-emergencia-interminable-en-italia-estas-son-las-regiones-mas-expuestas-a-la-fibra-mortal\/","og_site_name":"Santa Catarina","article_publisher":"https:\/\/www.facebook.com\/stacatarinagob\/","article_published_time":"2026-04-28T07:53:32+00:00","article_modified_time":"2026-04-28T07:53:34+00:00","og_image":[{"width":1500,"height":1000,"url":"https:\/\/stacatarina.mx\/consejos\/wp-content\/uploads\/2026\/04\/El-amianto-sigue-cobrando-7000-victimas-cada-ano-una-emergencia.jpg","type":"image\/jpeg"}],"author":"Pedro Mart\u00ednez","twitter_card":"summary_large_image","twitter_creator":"@stacatarinagob","twitter_site":"@stacatarinagob","twitter_misc":{"Escrito por":"Pedro Mart\u00ednez","Tiempo de lectura":"4 minutos"},"schema":{"@context":"https:\/\/schema.org","@graph":[{"@type":"Article","@id":"https:\/\/stacatarina.mx\/consejos\/el-amianto-sigue-cobrando-7-000-victimas-cada-ano-una-emergencia-interminable-en-italia-estas-son-las-regiones-mas-expuestas-a-la-fibra-mortal\/#article","isPartOf":{"@id":"https:\/\/stacatarina.mx\/consejos\/el-amianto-sigue-cobrando-7-000-victimas-cada-ano-una-emergencia-interminable-en-italia-estas-son-las-regiones-mas-expuestas-a-la-fibra-mortal\/"},"author":{"name":"Pedro Mart\u00ednez","@id":"https:\/\/stacatarina.mx\/consejos\/#\/schema\/person\/0be60adffa8e4c4d0828fdf021450e8a"},"headline":"El amianto sigue cobrando 7.000 v\u00edctimas cada a\u00f1o, una emergencia interminable en Italia: estas son las regiones m\u00e1s expuestas a la fibra mortal","datePublished":"2026-04-28T07:53:32+00:00","dateModified":"2026-04-28T07:53:34+00:00","mainEntityOfPage":{"@id":"https:\/\/stacatarina.mx\/consejos\/el-amianto-sigue-cobrando-7-000-victimas-cada-ano-una-emergencia-interminable-en-italia-estas-son-las-regiones-mas-expuestas-a-la-fibra-mortal\/"},"wordCount":761,"publisher":{"@id":"https:\/\/stacatarina.mx\/consejos\/#organization"},"image":{"@id":"https:\/\/stacatarina.mx\/consejos\/el-amianto-sigue-cobrando-7-000-victimas-cada-ano-una-emergencia-interminable-en-italia-estas-son-las-regiones-mas-expuestas-a-la-fibra-mortal\/#primaryimage"},"thumbnailUrl":"https:\/\/stacatarina.mx\/consejos\/wp-content\/uploads\/2026\/04\/El-amianto-sigue-cobrando-7000-victimas-cada-ano-una-emergencia.jpg","keywords":["Amianto","a\u00f1o","cada","cobrando","emergencia","Est\u00e1s","expuestas","fibra","interminable","Italia","Las","m\u00e1s","mortal","Regiones","sigue","son","una","v\u00edctimas"],"articleSection":["Salud"],"inLanguage":"es"},{"@type":"WebPage","@id":"https:\/\/stacatarina.mx\/consejos\/el-amianto-sigue-cobrando-7-000-victimas-cada-ano-una-emergencia-interminable-en-italia-estas-son-las-regiones-mas-expuestas-a-la-fibra-mortal\/","url":"https:\/\/stacatarina.mx\/consejos\/el-amianto-sigue-cobrando-7-000-victimas-cada-ano-una-emergencia-interminable-en-italia-estas-son-las-regiones-mas-expuestas-a-la-fibra-mortal\/","name":"El amianto sigue cobrando 7.000 v\u00edctimas cada a\u00f1o, una emergencia interminable en Italia: estas son las regiones m\u00e1s expuestas a la fibra mortal - Consejos - Santa Catarina","isPartOf":{"@id":"https:\/\/stacatarina.mx\/consejos\/#website"},"primaryImageOfPage":{"@id":"https:\/\/stacatarina.mx\/consejos\/el-amianto-sigue-cobrando-7-000-victimas-cada-ano-una-emergencia-interminable-en-italia-estas-son-las-regiones-mas-expuestas-a-la-fibra-mortal\/#primaryimage"},"image":{"@id":"https:\/\/stacatarina.mx\/consejos\/el-amianto-sigue-cobrando-7-000-victimas-cada-ano-una-emergencia-interminable-en-italia-estas-son-las-regiones-mas-expuestas-a-la-fibra-mortal\/#primaryimage"},"thumbnailUrl":"https:\/\/stacatarina.mx\/consejos\/wp-content\/uploads\/2026\/04\/El-amianto-sigue-cobrando-7000-victimas-cada-ano-una-emergencia.jpg","datePublished":"2026-04-28T07:53:32+00:00","dateModified":"2026-04-28T07:53:34+00:00","breadcrumb":{"@id":"https:\/\/stacatarina.mx\/consejos\/el-amianto-sigue-cobrando-7-000-victimas-cada-ano-una-emergencia-interminable-en-italia-estas-son-las-regiones-mas-expuestas-a-la-fibra-mortal\/#breadcrumb"},"inLanguage":"es","potentialAction":[{"@type":"ReadAction","target":["https:\/\/stacatarina.mx\/consejos\/el-amianto-sigue-cobrando-7-000-victimas-cada-ano-una-emergencia-interminable-en-italia-estas-son-las-regiones-mas-expuestas-a-la-fibra-mortal\/"]}]},{"@type":"ImageObject","inLanguage":"es","@id":"https:\/\/stacatarina.mx\/consejos\/el-amianto-sigue-cobrando-7-000-victimas-cada-ano-una-emergencia-interminable-en-italia-estas-son-las-regiones-mas-expuestas-a-la-fibra-mortal\/#primaryimage","url":"https:\/\/stacatarina.mx\/consejos\/wp-content\/uploads\/2026\/04\/El-amianto-sigue-cobrando-7000-victimas-cada-ano-una-emergencia.jpg","contentUrl":"https:\/\/stacatarina.mx\/consejos\/wp-content\/uploads\/2026\/04\/El-amianto-sigue-cobrando-7000-victimas-cada-ano-una-emergencia.jpg","width":1500,"height":1000,"caption":"amianto"},{"@type":"BreadcrumbList","@id":"https:\/\/stacatarina.mx\/consejos\/el-amianto-sigue-cobrando-7-000-victimas-cada-ano-una-emergencia-interminable-en-italia-estas-son-las-regiones-mas-expuestas-a-la-fibra-mortal\/#breadcrumb","itemListElement":[{"@type":"ListItem","position":1,"name":"Inicio","item":"https:\/\/stacatarina.mx\/consejos\/"},{"@type":"ListItem","position":2,"name":"El amianto sigue cobrando 7.000 v\u00edctimas cada a\u00f1o, una emergencia interminable en Italia: estas son las regiones m\u00e1s expuestas a la fibra mortal"}]},{"@type":"WebSite","@id":"https:\/\/stacatarina.mx\/consejos\/#website","url":"https:\/\/stacatarina.mx\/consejos\/","name":"Santa Catarina","description":"","publisher":{"@id":"https:\/\/stacatarina.mx\/consejos\/#organization"},"potentialAction":[{"@type":"SearchAction","target":{"@type":"EntryPoint","urlTemplate":"https:\/\/stacatarina.mx\/consejos\/?s={search_term_string}"},"query-input":{"@type":"PropertyValueSpecification","valueRequired":true,"valueName":"search_term_string"}}],"inLanguage":"es"},{"@type":"Organization","@id":"https:\/\/stacatarina.mx\/consejos\/#organization","name":"Santa Catarina","url":"https:\/\/stacatarina.mx\/consejos\/","logo":{"@type":"ImageObject","inLanguage":"es","@id":"https:\/\/stacatarina.mx\/consejos\/#\/schema\/logo\/image\/","url":"https:\/\/stacatarina.mx\/consejos\/wp-content\/uploads\/2024\/09\/cropped-favicon-1-1.png","contentUrl":"https:\/\/stacatarina.mx\/consejos\/wp-content\/uploads\/2024\/09\/cropped-favicon-1-1.png","width":512,"height":512,"caption":"Santa Catarina"},"image":{"@id":"https:\/\/stacatarina.mx\/consejos\/#\/schema\/logo\/image\/"},"sameAs":["https:\/\/www.facebook.com\/stacatarinagob\/","https:\/\/x.com\/stacatarinagob","https:\/\/www.instagram.com\/stacatarinagob\/","https:\/\/www.youtube.com\/channel\/UCK-6cQJL_904665N1_nLTWw"]},{"@type":"Person","@id":"https:\/\/stacatarina.mx\/consejos\/#\/schema\/person\/0be60adffa8e4c4d0828fdf021450e8a","name":"Pedro Mart\u00ednez","image":{"@type":"ImageObject","inLanguage":"es","@id":"https:\/\/stacatarina.mx\/consejos\/#\/schema\/person\/image\/","url":"https:\/\/stacatarina.mx\/consejos\/wp-content\/uploads\/2024\/09\/stacatarina.jpg","contentUrl":"https:\/\/stacatarina.mx\/consejos\/wp-content\/uploads\/2024\/09\/stacatarina.jpg","caption":"Pedro Mart\u00ednez"},"description":"Hola, soy Pedro Mart\u00ednez, redactor jefe del sitio oficial del ayuntamiento de Santa Catarina, en M\u00e9xico. Con m\u00e1s de diez a\u00f1os de experiencia en el periodismo local, tengo una pasi\u00f3n por la investigaci\u00f3n y la difusi\u00f3n de informaci\u00f3n que valoriza nuestra hermosa comunidad. Mi compromiso es hacer de Santa Catarina una referencia en materia de transparencia y comunicaci\u00f3n municipal.","sameAs":["https:\/\/stacatarina.mx\/"]}]}},"_links":{"self":[{"href":"https:\/\/stacatarina.mx\/consejos\/wp-json\/wp\/v2\/posts\/8956"}],"collection":[{"href":"https:\/\/stacatarina.mx\/consejos\/wp-json\/wp\/v2\/posts"}],"about":[{"href":"https:\/\/stacatarina.mx\/consejos\/wp-json\/wp\/v2\/types\/post"}],"author":[{"embeddable":true,"href":"https:\/\/stacatarina.mx\/consejos\/wp-json\/wp\/v2\/users\/1"}],"replies":[{"embeddable":true,"href":"https:\/\/stacatarina.mx\/consejos\/wp-json\/wp\/v2\/comments?post=8956"}],"version-history":[{"count":1,"href":"https:\/\/stacatarina.mx\/consejos\/wp-json\/wp\/v2\/posts\/8956\/revisions"}],"predecessor-version":[{"id":8958,"href":"https:\/\/stacatarina.mx\/consejos\/wp-json\/wp\/v2\/posts\/8956\/revisions\/8958"}],"wp:featuredmedia":[{"embeddable":true,"href":"https:\/\/stacatarina.mx\/consejos\/wp-json\/wp\/v2\/media\/8957"}],"wp:attachment":[{"href":"https:\/\/stacatarina.mx\/consejos\/wp-json\/wp\/v2\/media?parent=8956"}],"wp:term":[{"taxonomy":"category","embeddable":true,"href":"https:\/\/stacatarina.mx\/consejos\/wp-json\/wp\/v2\/categories?post=8956"},{"taxonomy":"post_tag","embeddable":true,"href":"https:\/\/stacatarina.mx\/consejos\/wp-json\/wp\/v2\/tags?post=8956"}],"curies":[{"name":"wp","href":"https:\/\/api.w.org\/{rel}","templated":true}]}}