{"id":8959,"date":"2026-04-28T04:52:28","date_gmt":"2026-04-28T10:52:28","guid":{"rendered":"https:\/\/stacatarina.mx\/consejos\/ofcom-investiga-la-negacion-climatica\/"},"modified":"2026-04-28T04:52:30","modified_gmt":"2026-04-28T10:52:30","slug":"ofcom-investiga-la-negacion-climatica","status":"publish","type":"post","link":"https:\/\/stacatarina.mx\/consejos\/ofcom-investiga-la-negacion-climatica\/","title":{"rendered":"Ofcom &#8216;investiga la negaci\u00f3n clim\u00e1tica&#8217;"},"content":{"rendered":"<div class=\"entry-content\">\n<h4 class=\"wp-block-heading\">El regulador del Reino Unido responde a las quejas de &#8220;mentiras clim\u00e1ticas peligrosas&#8221; transmitidas por TalkTV y TalkRadio.<\/h4>\n<p>Ofcom, el regulador de los servicios de comunicaciones en el Reino Unido, investigar\u00e1 las quejas de negaci\u00f3n del cambio clim\u00e1tico en la televisi\u00f3n y la radio, s\u00f3lo la segunda vez que lo hace en casi 20 a\u00f1os. <\/p>\n<p>Solo desde 2020 se han presentado m\u00e1s de 1.200 quejas al regulador, seg\u00fan un rastreador de actitudes p\u00fablicas del gobierno. Las quejas contra las transmisiones de Talk fueron realizadas por Stop Funding Heat.  <\/p>\n<p>Ofcom rechaz\u00f3 originalmente estas quejas, pero se vio obligado a dar un giro de 180 grados por el Good Law Project (GLP), que le escribi\u00f3 en enero amenazando con emprender acciones legales si no abr\u00eda investigaciones sobre las transmisiones.  <\/p>\n<p><strong>Pseudociencia<\/strong><\/p>\n<p>En una convocatoria p\u00fablica de apoyo por parte del GLP se enviaron m\u00e1s de 15.000 correos electr\u00f3nicos a Ofcom. El regulador ha llegado ahora a la conclusi\u00f3n de que su enfoque de la \u201cdebida imparcialidad\u201d en las emisiones \u201crequer\u00eda una reconsideraci\u00f3n\u201d. <\/p>\n<p>De acuerdo a <em>el guardi\u00e1n<\/em>una queja se refer\u00eda a los comentarios de un invitado de Talk que dijo en noviembre que el cambio clim\u00e1tico &#8220;fue un esfuerzo deliberado para crear ansiedad falsa&#8230; a partir de algo que es falso&#8221;. <\/p>\n<p>Ofcom tambi\u00e9n abri\u00f3 un segundo caso sobre otra transmisi\u00f3n en noviembre, donde un invitado dijo que las pol\u00edticas energ\u00e9ticas del gobierno laborista eran &#8220;suicidas&#8221;, &#8220;impulsadas por pseudociencia en muchos casos&#8221; y &#8220;una especie de comportamiento sectario&#8221;.<\/p>\n<p>El regulador tambi\u00e9n est\u00e1 investigando una queja sobre una discusi\u00f3n sobre la cuesti\u00f3n del lenguaje neutral en cuanto al g\u00e9nero en el sistema judicial.<\/p>\n<p><strong>enga\u00f1o<\/strong><\/p>\n<p>Aparte de la correspondencia del GLP, abri\u00f3 una cuarta investigaci\u00f3n sobre un programa en Talk luego de una queja de un espectador, que presentaba una discusi\u00f3n en respuesta a noticias sobre la producci\u00f3n y el consumo de energ\u00eda en el Reino Unido, y el enfoque del gobierno sobre la pol\u00edtica energ\u00e9tica y Net Zero.<\/p>\n<p>Sin embargo, Ofcom mantuvo su decisi\u00f3n de no investigar otras tres denuncias clim\u00e1ticas.<\/p>\n<p>Un portavoz del GLP dijo: &#8220;Esto env\u00eda un mensaje claro: TalkTV no puede salirse con la suya difundiendo mentiras para alimentar su agenda. Estaremos observando de cerca para asegurarnos de que Ofcom no vuelva a dejar que TalkTV se salga con la suya&#8221;.<\/p>\n<p>En un comunicado, Ofcom dijo: &#8220;Al reexaminar los programas, llegamos a la conclusi\u00f3n de que plantean problemas potencialmente sustanciales seg\u00fan el c\u00f3digo de radiodifusi\u00f3n que justifican una investigaci\u00f3n. Por lo tanto, hemos abierto investigaciones (sobre) si violaron nuestras reglas sobre debida imparcialidad y enga\u00f1o material&#8221;. <\/p>\n<p>Un portavoz de Talk dijo: &#8220;Nosotros, como siempre lo har\u00edamos, cooperaremos con Ofcom en estos asuntos&#8221;.<\/p>\n<p><strong>Aplicaci\u00f3n<\/strong><\/p>\n<p>Ofcom ha investigado solo dos transmisiones sobre el cambio clim\u00e1tico en casi 20 a\u00f1os, una en 2007 y otra en 2017, seg\u00fan el GLP.<\/p>\n<p>A principios de este a\u00f1o, Ofcom se jact\u00f3 de que las emisoras cumpl\u00edan las normas medioambientales durante un intercambio con el Comit\u00e9 Net Zero del Parlamento. <\/p>\n<p>Cuando el parlamentario laborista Bill Esterton le pregunt\u00f3 sobre la falta de acci\u00f3n ante m\u00e1s de 1.200 quejas sobre el clima solo desde 2020, Laura Rhea, directora de est\u00e1ndares y protecci\u00f3n de audiencias de Ofcom, dijo que cada queja que recibi\u00f3 fue evaluada en su totalidad.<\/p>\n<p>&#8220;Creo que el hecho de que no haya habido investigaciones probablemente habla del hecho de que las emisoras que regulamos tienen un buen conocimiento del c\u00f3digo y est\u00e1n cumpliendo ampliamente con nuestras reglas&#8221;, dijo.<\/p>\n<p>Un portavoz del GLP dijo: &#8220;Nuestra opini\u00f3n es que la raz\u00f3n por la que no ha habido investigaciones sobre la desinformaci\u00f3n clim\u00e1tica durante muchos a\u00f1os no es por el cumplimiento por parte de las emisoras, sino por el fracaso de Ofcom a la hora de hacer cumplir sus reglas&#8221;. <\/p>\n<hr class=\"wp-block-separator has-alpha-channel-opacity\">\n<p><em>Fuente: Art\u00edculo de Catherine Early, publicado originalmente en The Ecologist el 27 de abril de 2026.<br \/>Licenciado bajo Creative Commons Attribution 4.0 (CC BY 4.0).<br \/>https:\/\/theecologist.org\/2026\/apr\/27\/ofcom-investigating-climate-denial<\/em><\/p>\n<p><em>Foto de Matt Palmer en Unsplash<\/em><\/p>\n<\/p><\/div>\n","protected":false},"excerpt":{"rendered":"<p>El regulador del Reino Unido responde a las quejas de &#8220;mentiras clim\u00e1ticas peligrosas&#8221; transmitidas por TalkTV y TalkRadio. Ofcom, el regulador de los servicios de<\/p>\n","protected":false},"author":1,"featured_media":8960,"comment_status":"closed","ping_status":"","sticky":false,"template":"","format":"standard","meta":{"footnotes":""},"categories":[68],"tags":[518,6553,8607,8606],"class_list":["post-8959","post","type-post","status-publish","format-standard","has-post-thumbnail","hentry","category-fauna-y-flora","tag-climatica","tag-investiga","tag-negacion","tag-ofcom","generate-columns","tablet-grid-50","mobile-grid-100","grid-parent","grid-50"],"yoast_head":"<!-- This site is optimized with the Yoast SEO plugin v23.4 - https:\/\/yoast.com\/wordpress\/plugins\/seo\/ -->\n<title>Ofcom &#039;investiga la negaci\u00f3n clim\u00e1tica&#039; - Consejos - Santa Catarina<\/title>\n<meta name=\"robots\" content=\"index, follow, max-snippet:-1, max-image-preview:large, max-video-preview:-1\" \/>\n<link rel=\"canonical\" href=\"https:\/\/stacatarina.mx\/consejos\/ofcom-investiga-la-negacion-climatica\/\" \/>\n<meta property=\"og:locale\" content=\"es_MX\" \/>\n<meta property=\"og:type\" content=\"article\" \/>\n<meta property=\"og:title\" content=\"Ofcom &#039;investiga la negaci\u00f3n clim\u00e1tica&#039; - Consejos - Santa Catarina\" \/>\n<meta property=\"og:description\" content=\"El regulador del Reino Unido responde a las quejas de &#8220;mentiras clim\u00e1ticas peligrosas&#8221; transmitidas por TalkTV y TalkRadio. Ofcom, el regulador de los servicios de\" \/>\n<meta property=\"og:url\" content=\"https:\/\/stacatarina.mx\/consejos\/ofcom-investiga-la-negacion-climatica\/\" \/>\n<meta property=\"og:site_name\" content=\"Santa Catarina\" \/>\n<meta property=\"article:publisher\" content=\"https:\/\/www.facebook.com\/stacatarinagob\/\" \/>\n<meta property=\"article:published_time\" content=\"2026-04-28T10:52:28+00:00\" \/>\n<meta property=\"article:modified_time\" content=\"2026-04-28T10:52:30+00:00\" \/>\n<meta property=\"og:image\" content=\"https:\/\/stacatarina.mx\/consejos\/wp-content\/uploads\/2026\/04\/Ofcom-investiga-la-negacion-climatica.jpg\" \/>\n\t<meta property=\"og:image:width\" content=\"900\" \/>\n\t<meta property=\"og:image:height\" content=\"600\" \/>\n\t<meta property=\"og:image:type\" content=\"image\/jpeg\" \/>\n<meta name=\"author\" content=\"Pedro Mart\u00ednez\" \/>\n<meta name=\"twitter:card\" content=\"summary_large_image\" \/>\n<meta name=\"twitter:creator\" content=\"@stacatarinagob\" \/>\n<meta name=\"twitter:site\" content=\"@stacatarinagob\" \/>\n<meta name=\"twitter:label1\" content=\"Escrito por\" \/>\n\t<meta name=\"twitter:data1\" content=\"Pedro Mart\u00ednez\" \/>\n\t<meta name=\"twitter:label2\" content=\"Tiempo de lectura\" \/>\n\t<meta name=\"twitter:data2\" content=\"4 minutos\" \/>\n<script type=\"application\/ld+json\" class=\"yoast-schema-graph\">{\"@context\":\"https:\/\/schema.org\",\"@graph\":[{\"@type\":\"Article\",\"@id\":\"https:\/\/stacatarina.mx\/consejos\/ofcom-investiga-la-negacion-climatica\/#article\",\"isPartOf\":{\"@id\":\"https:\/\/stacatarina.mx\/consejos\/ofcom-investiga-la-negacion-climatica\/\"},\"author\":{\"name\":\"Pedro Mart\u00ednez\",\"@id\":\"https:\/\/stacatarina.mx\/consejos\/#\/schema\/person\/0be60adffa8e4c4d0828fdf021450e8a\"},\"headline\":\"Ofcom &#8216;investiga la negaci\u00f3n clim\u00e1tica&#8217;\",\"datePublished\":\"2026-04-28T10:52:28+00:00\",\"dateModified\":\"2026-04-28T10:52:30+00:00\",\"mainEntityOfPage\":{\"@id\":\"https:\/\/stacatarina.mx\/consejos\/ofcom-investiga-la-negacion-climatica\/\"},\"wordCount\":711,\"publisher\":{\"@id\":\"https:\/\/stacatarina.mx\/consejos\/#organization\"},\"image\":{\"@id\":\"https:\/\/stacatarina.mx\/consejos\/ofcom-investiga-la-negacion-climatica\/#primaryimage\"},\"thumbnailUrl\":\"https:\/\/stacatarina.mx\/consejos\/wp-content\/uploads\/2026\/04\/Ofcom-investiga-la-negacion-climatica.jpg\",\"keywords\":[\"clim\u00e1tica\",\"investiga\",\"negaci\u00f3n\",\"Ofcom\"],\"articleSection\":[\"Fauna y Flora\"],\"inLanguage\":\"es\"},{\"@type\":\"WebPage\",\"@id\":\"https:\/\/stacatarina.mx\/consejos\/ofcom-investiga-la-negacion-climatica\/\",\"url\":\"https:\/\/stacatarina.mx\/consejos\/ofcom-investiga-la-negacion-climatica\/\",\"name\":\"Ofcom 'investiga la negaci\u00f3n clim\u00e1tica' - Consejos - Santa Catarina\",\"isPartOf\":{\"@id\":\"https:\/\/stacatarina.mx\/consejos\/#website\"},\"primaryImageOfPage\":{\"@id\":\"https:\/\/stacatarina.mx\/consejos\/ofcom-investiga-la-negacion-climatica\/#primaryimage\"},\"image\":{\"@id\":\"https:\/\/stacatarina.mx\/consejos\/ofcom-investiga-la-negacion-climatica\/#primaryimage\"},\"thumbnailUrl\":\"https:\/\/stacatarina.mx\/consejos\/wp-content\/uploads\/2026\/04\/Ofcom-investiga-la-negacion-climatica.jpg\",\"datePublished\":\"2026-04-28T10:52:28+00:00\",\"dateModified\":\"2026-04-28T10:52:30+00:00\",\"breadcrumb\":{\"@id\":\"https:\/\/stacatarina.mx\/consejos\/ofcom-investiga-la-negacion-climatica\/#breadcrumb\"},\"inLanguage\":\"es\",\"potentialAction\":[{\"@type\":\"ReadAction\",\"target\":[\"https:\/\/stacatarina.mx\/consejos\/ofcom-investiga-la-negacion-climatica\/\"]}]},{\"@type\":\"ImageObject\",\"inLanguage\":\"es\",\"@id\":\"https:\/\/stacatarina.mx\/consejos\/ofcom-investiga-la-negacion-climatica\/#primaryimage\",\"url\":\"https:\/\/stacatarina.mx\/consejos\/wp-content\/uploads\/2026\/04\/Ofcom-investiga-la-negacion-climatica.jpg\",\"contentUrl\":\"https:\/\/stacatarina.mx\/consejos\/wp-content\/uploads\/2026\/04\/Ofcom-investiga-la-negacion-climatica.jpg\",\"width\":900,\"height\":600,\"caption\":\"Ofcom\"},{\"@type\":\"BreadcrumbList\",\"@id\":\"https:\/\/stacatarina.mx\/consejos\/ofcom-investiga-la-negacion-climatica\/#breadcrumb\",\"itemListElement\":[{\"@type\":\"ListItem\",\"position\":1,\"name\":\"Inicio\",\"item\":\"https:\/\/stacatarina.mx\/consejos\/\"},{\"@type\":\"ListItem\",\"position\":2,\"name\":\"Ofcom &#8216;investiga la negaci\u00f3n clim\u00e1tica&#8217;\"}]},{\"@type\":\"WebSite\",\"@id\":\"https:\/\/stacatarina.mx\/consejos\/#website\",\"url\":\"https:\/\/stacatarina.mx\/consejos\/\",\"name\":\"Santa Catarina\",\"description\":\"\",\"publisher\":{\"@id\":\"https:\/\/stacatarina.mx\/consejos\/#organization\"},\"potentialAction\":[{\"@type\":\"SearchAction\",\"target\":{\"@type\":\"EntryPoint\",\"urlTemplate\":\"https:\/\/stacatarina.mx\/consejos\/?s={search_term_string}\"},\"query-input\":{\"@type\":\"PropertyValueSpecification\",\"valueRequired\":true,\"valueName\":\"search_term_string\"}}],\"inLanguage\":\"es\"},{\"@type\":\"Organization\",\"@id\":\"https:\/\/stacatarina.mx\/consejos\/#organization\",\"name\":\"Santa Catarina\",\"url\":\"https:\/\/stacatarina.mx\/consejos\/\",\"logo\":{\"@type\":\"ImageObject\",\"inLanguage\":\"es\",\"@id\":\"https:\/\/stacatarina.mx\/consejos\/#\/schema\/logo\/image\/\",\"url\":\"https:\/\/stacatarina.mx\/consejos\/wp-content\/uploads\/2024\/09\/cropped-favicon-1-1.png\",\"contentUrl\":\"https:\/\/stacatarina.mx\/consejos\/wp-content\/uploads\/2024\/09\/cropped-favicon-1-1.png\",\"width\":512,\"height\":512,\"caption\":\"Santa Catarina\"},\"image\":{\"@id\":\"https:\/\/stacatarina.mx\/consejos\/#\/schema\/logo\/image\/\"},\"sameAs\":[\"https:\/\/www.facebook.com\/stacatarinagob\/\",\"https:\/\/x.com\/stacatarinagob\",\"https:\/\/www.instagram.com\/stacatarinagob\/\",\"https:\/\/www.youtube.com\/channel\/UCK-6cQJL_904665N1_nLTWw\"]},{\"@type\":\"Person\",\"@id\":\"https:\/\/stacatarina.mx\/consejos\/#\/schema\/person\/0be60adffa8e4c4d0828fdf021450e8a\",\"name\":\"Pedro Mart\u00ednez\",\"image\":{\"@type\":\"ImageObject\",\"inLanguage\":\"es\",\"@id\":\"https:\/\/stacatarina.mx\/consejos\/#\/schema\/person\/image\/\",\"url\":\"https:\/\/stacatarina.mx\/consejos\/wp-content\/uploads\/2024\/09\/stacatarina.jpg\",\"contentUrl\":\"https:\/\/stacatarina.mx\/consejos\/wp-content\/uploads\/2024\/09\/stacatarina.jpg\",\"caption\":\"Pedro Mart\u00ednez\"},\"description\":\"Hola, soy Pedro Mart\u00ednez, redactor jefe del sitio oficial del ayuntamiento de Santa Catarina, en M\u00e9xico. Con m\u00e1s de diez a\u00f1os de experiencia en el periodismo local, tengo una pasi\u00f3n por la investigaci\u00f3n y la difusi\u00f3n de informaci\u00f3n que valoriza nuestra hermosa comunidad. Mi compromiso es hacer de Santa Catarina una referencia en materia de transparencia y comunicaci\u00f3n municipal.\",\"sameAs\":[\"https:\/\/stacatarina.mx\/\"]}]}<\/script>\n<!-- \/ Yoast SEO plugin. -->","yoast_head_json":{"title":"Ofcom 'investiga la negaci\u00f3n clim\u00e1tica' - Consejos - Santa Catarina","robots":{"index":"index","follow":"follow","max-snippet":"max-snippet:-1","max-image-preview":"max-image-preview:large","max-video-preview":"max-video-preview:-1"},"canonical":"https:\/\/stacatarina.mx\/consejos\/ofcom-investiga-la-negacion-climatica\/","og_locale":"es_MX","og_type":"article","og_title":"Ofcom 'investiga la negaci\u00f3n clim\u00e1tica' - Consejos - Santa Catarina","og_description":"El regulador del Reino Unido responde a las quejas de &#8220;mentiras clim\u00e1ticas peligrosas&#8221; transmitidas por TalkTV y TalkRadio. Ofcom, el regulador de los servicios de","og_url":"https:\/\/stacatarina.mx\/consejos\/ofcom-investiga-la-negacion-climatica\/","og_site_name":"Santa Catarina","article_publisher":"https:\/\/www.facebook.com\/stacatarinagob\/","article_published_time":"2026-04-28T10:52:28+00:00","article_modified_time":"2026-04-28T10:52:30+00:00","og_image":[{"width":900,"height":600,"url":"https:\/\/stacatarina.mx\/consejos\/wp-content\/uploads\/2026\/04\/Ofcom-investiga-la-negacion-climatica.jpg","type":"image\/jpeg"}],"author":"Pedro Mart\u00ednez","twitter_card":"summary_large_image","twitter_creator":"@stacatarinagob","twitter_site":"@stacatarinagob","twitter_misc":{"Escrito por":"Pedro Mart\u00ednez","Tiempo de lectura":"4 minutos"},"schema":{"@context":"https:\/\/schema.org","@graph":[{"@type":"Article","@id":"https:\/\/stacatarina.mx\/consejos\/ofcom-investiga-la-negacion-climatica\/#article","isPartOf":{"@id":"https:\/\/stacatarina.mx\/consejos\/ofcom-investiga-la-negacion-climatica\/"},"author":{"name":"Pedro Mart\u00ednez","@id":"https:\/\/stacatarina.mx\/consejos\/#\/schema\/person\/0be60adffa8e4c4d0828fdf021450e8a"},"headline":"Ofcom &#8216;investiga la negaci\u00f3n clim\u00e1tica&#8217;","datePublished":"2026-04-28T10:52:28+00:00","dateModified":"2026-04-28T10:52:30+00:00","mainEntityOfPage":{"@id":"https:\/\/stacatarina.mx\/consejos\/ofcom-investiga-la-negacion-climatica\/"},"wordCount":711,"publisher":{"@id":"https:\/\/stacatarina.mx\/consejos\/#organization"},"image":{"@id":"https:\/\/stacatarina.mx\/consejos\/ofcom-investiga-la-negacion-climatica\/#primaryimage"},"thumbnailUrl":"https:\/\/stacatarina.mx\/consejos\/wp-content\/uploads\/2026\/04\/Ofcom-investiga-la-negacion-climatica.jpg","keywords":["clim\u00e1tica","investiga","negaci\u00f3n","Ofcom"],"articleSection":["Fauna y Flora"],"inLanguage":"es"},{"@type":"WebPage","@id":"https:\/\/stacatarina.mx\/consejos\/ofcom-investiga-la-negacion-climatica\/","url":"https:\/\/stacatarina.mx\/consejos\/ofcom-investiga-la-negacion-climatica\/","name":"Ofcom 'investiga la negaci\u00f3n clim\u00e1tica' - Consejos - Santa Catarina","isPartOf":{"@id":"https:\/\/stacatarina.mx\/consejos\/#website"},"primaryImageOfPage":{"@id":"https:\/\/stacatarina.mx\/consejos\/ofcom-investiga-la-negacion-climatica\/#primaryimage"},"image":{"@id":"https:\/\/stacatarina.mx\/consejos\/ofcom-investiga-la-negacion-climatica\/#primaryimage"},"thumbnailUrl":"https:\/\/stacatarina.mx\/consejos\/wp-content\/uploads\/2026\/04\/Ofcom-investiga-la-negacion-climatica.jpg","datePublished":"2026-04-28T10:52:28+00:00","dateModified":"2026-04-28T10:52:30+00:00","breadcrumb":{"@id":"https:\/\/stacatarina.mx\/consejos\/ofcom-investiga-la-negacion-climatica\/#breadcrumb"},"inLanguage":"es","potentialAction":[{"@type":"ReadAction","target":["https:\/\/stacatarina.mx\/consejos\/ofcom-investiga-la-negacion-climatica\/"]}]},{"@type":"ImageObject","inLanguage":"es","@id":"https:\/\/stacatarina.mx\/consejos\/ofcom-investiga-la-negacion-climatica\/#primaryimage","url":"https:\/\/stacatarina.mx\/consejos\/wp-content\/uploads\/2026\/04\/Ofcom-investiga-la-negacion-climatica.jpg","contentUrl":"https:\/\/stacatarina.mx\/consejos\/wp-content\/uploads\/2026\/04\/Ofcom-investiga-la-negacion-climatica.jpg","width":900,"height":600,"caption":"Ofcom"},{"@type":"BreadcrumbList","@id":"https:\/\/stacatarina.mx\/consejos\/ofcom-investiga-la-negacion-climatica\/#breadcrumb","itemListElement":[{"@type":"ListItem","position":1,"name":"Inicio","item":"https:\/\/stacatarina.mx\/consejos\/"},{"@type":"ListItem","position":2,"name":"Ofcom &#8216;investiga la negaci\u00f3n clim\u00e1tica&#8217;"}]},{"@type":"WebSite","@id":"https:\/\/stacatarina.mx\/consejos\/#website","url":"https:\/\/stacatarina.mx\/consejos\/","name":"Santa Catarina","description":"","publisher":{"@id":"https:\/\/stacatarina.mx\/consejos\/#organization"},"potentialAction":[{"@type":"SearchAction","target":{"@type":"EntryPoint","urlTemplate":"https:\/\/stacatarina.mx\/consejos\/?s={search_term_string}"},"query-input":{"@type":"PropertyValueSpecification","valueRequired":true,"valueName":"search_term_string"}}],"inLanguage":"es"},{"@type":"Organization","@id":"https:\/\/stacatarina.mx\/consejos\/#organization","name":"Santa Catarina","url":"https:\/\/stacatarina.mx\/consejos\/","logo":{"@type":"ImageObject","inLanguage":"es","@id":"https:\/\/stacatarina.mx\/consejos\/#\/schema\/logo\/image\/","url":"https:\/\/stacatarina.mx\/consejos\/wp-content\/uploads\/2024\/09\/cropped-favicon-1-1.png","contentUrl":"https:\/\/stacatarina.mx\/consejos\/wp-content\/uploads\/2024\/09\/cropped-favicon-1-1.png","width":512,"height":512,"caption":"Santa Catarina"},"image":{"@id":"https:\/\/stacatarina.mx\/consejos\/#\/schema\/logo\/image\/"},"sameAs":["https:\/\/www.facebook.com\/stacatarinagob\/","https:\/\/x.com\/stacatarinagob","https:\/\/www.instagram.com\/stacatarinagob\/","https:\/\/www.youtube.com\/channel\/UCK-6cQJL_904665N1_nLTWw"]},{"@type":"Person","@id":"https:\/\/stacatarina.mx\/consejos\/#\/schema\/person\/0be60adffa8e4c4d0828fdf021450e8a","name":"Pedro Mart\u00ednez","image":{"@type":"ImageObject","inLanguage":"es","@id":"https:\/\/stacatarina.mx\/consejos\/#\/schema\/person\/image\/","url":"https:\/\/stacatarina.mx\/consejos\/wp-content\/uploads\/2024\/09\/stacatarina.jpg","contentUrl":"https:\/\/stacatarina.mx\/consejos\/wp-content\/uploads\/2024\/09\/stacatarina.jpg","caption":"Pedro Mart\u00ednez"},"description":"Hola, soy Pedro Mart\u00ednez, redactor jefe del sitio oficial del ayuntamiento de Santa Catarina, en M\u00e9xico. Con m\u00e1s de diez a\u00f1os de experiencia en el periodismo local, tengo una pasi\u00f3n por la investigaci\u00f3n y la difusi\u00f3n de informaci\u00f3n que valoriza nuestra hermosa comunidad. Mi compromiso es hacer de Santa Catarina una referencia en materia de transparencia y comunicaci\u00f3n municipal.","sameAs":["https:\/\/stacatarina.mx\/"]}]}},"_links":{"self":[{"href":"https:\/\/stacatarina.mx\/consejos\/wp-json\/wp\/v2\/posts\/8959"}],"collection":[{"href":"https:\/\/stacatarina.mx\/consejos\/wp-json\/wp\/v2\/posts"}],"about":[{"href":"https:\/\/stacatarina.mx\/consejos\/wp-json\/wp\/v2\/types\/post"}],"author":[{"embeddable":true,"href":"https:\/\/stacatarina.mx\/consejos\/wp-json\/wp\/v2\/users\/1"}],"replies":[{"embeddable":true,"href":"https:\/\/stacatarina.mx\/consejos\/wp-json\/wp\/v2\/comments?post=8959"}],"version-history":[{"count":1,"href":"https:\/\/stacatarina.mx\/consejos\/wp-json\/wp\/v2\/posts\/8959\/revisions"}],"predecessor-version":[{"id":8961,"href":"https:\/\/stacatarina.mx\/consejos\/wp-json\/wp\/v2\/posts\/8959\/revisions\/8961"}],"wp:featuredmedia":[{"embeddable":true,"href":"https:\/\/stacatarina.mx\/consejos\/wp-json\/wp\/v2\/media\/8960"}],"wp:attachment":[{"href":"https:\/\/stacatarina.mx\/consejos\/wp-json\/wp\/v2\/media?parent=8959"}],"wp:term":[{"taxonomy":"category","embeddable":true,"href":"https:\/\/stacatarina.mx\/consejos\/wp-json\/wp\/v2\/categories?post=8959"},{"taxonomy":"post_tag","embeddable":true,"href":"https:\/\/stacatarina.mx\/consejos\/wp-json\/wp\/v2\/tags?post=8959"}],"curies":[{"name":"wp","href":"https:\/\/api.w.org\/{rel}","templated":true}]}}