{"id":8962,"date":"2026-04-28T06:53:12","date_gmt":"2026-04-28T12:53:12","guid":{"rendered":"https:\/\/stacatarina.mx\/consejos\/maraton-en-menos-de-dos-horas-sawe-reescribe-la-historia-en-londres-con-una-hazana-epica-y-tres-atletas-rompen-el-antiguo-record\/"},"modified":"2026-04-28T06:53:15","modified_gmt":"2026-04-28T12:53:15","slug":"maraton-en-menos-de-dos-horas-sawe-reescribe-la-historia-en-londres-con-una-hazana-epica-y-tres-atletas-rompen-el-antiguo-record","status":"publish","type":"post","link":"https:\/\/stacatarina.mx\/consejos\/maraton-en-menos-de-dos-horas-sawe-reescribe-la-historia-en-londres-con-una-hazana-epica-y-tres-atletas-rompen-el-antiguo-record\/","title":{"rendered":"\u00a1Marat\u00f3n en menos de dos horas! Sawe reescribe la historia en Londres con una haza\u00f1a \u00e9pica (y tres atletas rompen el antiguo r\u00e9cord)"},"content":{"rendered":"<p><\/p>\n<p>Durante a\u00f1os se consider\u00f3 el l\u00edmite extremo de la resistencia humana. Una frontera casi simb\u00f3lica, m\u00e1s mental que f\u00edsica. Entonces, de repente, ese muro se derrumb\u00f3. En el marat\u00f3n de Londres de 2026, el keniano Sebastian Sawe escribi\u00f3 una p\u00e1gina que durar\u00e1: 1h59&#8217;30&#8221;, el primer hombre de la historia en recorrer los 42,195 km en menos de dos horas en una carrera oficial. El r\u00e9cord anterior de Kelvin Kiptum (2h00&#8217;35&#8221;) no fue simplemente superado: fue demolido.<\/p>\n<div class=\"responsive-container\">\n<blockquote class=\"instagram-media\" data-instgrm-captioned data-instgrm-permalink=\"https:\/\/www.instagram.com\/p\/DXl5D85DB1r\/?utm_source=ig_embed&amp;utm_campaign=loading\" data-instgrm-version=\"14\" style=\"background:#FFF;border:0;border-radius:3px;margin: 1px;max-width:500px;min-width:326px;padding:0;width:99.375%;width:-webkit-calc(100% - 2px);width:calc(100% - 2px)\">\n<div style=\"padding:16px\">\n<div style=\"flex-direction: row;align-items: center\">\n<div style=\"background-color: #F4F4F4;border-radius: 50%;flex-grow: 0;height: 40px;margin-right: 14px;width: 40px\"><\/div>\n<div style=\"flex-direction: column;flex-grow: 1;justify-content: center\">\n<div style=\"background-color: #F4F4F4;border-radius: 4px;flex-grow: 0;height: 14px;margin-bottom: 6px;width: 100px\"><\/div>\n<div style=\"background-color: #F4F4F4;border-radius: 4px;flex-grow: 0;height: 14px;width: 60px\"><\/div>\n<\/div>\n<\/div>\n<div style=\"padding: 19% 0\"><\/div>\n<div style=\"height:50px;margin:0 auto 12px;width:50px\"><\/div>\n<div style=\"padding-top: 8px\">\n<div style=\"color:#3897f0;font-family:Arial,sans-serif;font-size:14px;font-style:normal;font-weight:550;line-height:18px\">Ver esta publicaci\u00f3n en Instagram<\/div>\n<\/div>\n<div style=\"padding: 12.5% 0\"><\/div>\n<div style=\"flex-direction: row;margin-bottom: 14px;align-items: center\">\n<div>\n<div style=\"background-color: #F4F4F4;border-radius: 50%;height: 12.5px;width: 12.5px\"><\/div>\n<div style=\"background-color: #F4F4F4;height: 12.5px;width: 12.5px;flex-grow: 0;margin-right: 14px;margin-left: 2px\"><\/div>\n<div style=\"background-color: #F4F4F4;border-radius: 50%;height: 12.5px;width: 12.5px\"><\/div>\n<\/div>\n<div style=\"margin-left: 8px\">\n<div style=\"background-color: #F4F4F4;border-radius: 50%;flex-grow: 0;height: 20px;width: 20px\"><\/div>\n<div style=\"width: 0;height: 0;border-top: 2px solid transparent;border-left: 6px solid #f4f4f4;border-bottom: 2px solid transparent\"><\/div>\n<\/div>\n<div style=\"margin-left: auto\">\n<div style=\"width: 0px;border-top: 8px solid #F4F4F4;border-right: 8px solid transparent\"><\/div>\n<div style=\"background-color: #F4F4F4;flex-grow: 0;height: 12px;width: 16px\"><\/div>\n<div style=\"width: 0;height: 0;border-top: 8px solid #F4F4F4;border-left: 8px solid transparent\"><\/div>\n<\/div>\n<\/div>\n<div style=\"flex-direction: column;flex-grow: 1;justify-content: center;margin-bottom: 24px\">\n<div style=\"background-color: #F4F4F4;border-radius: 4px;flex-grow: 0;height: 14px;margin-bottom: 6px;width: 224px\"><\/div>\n<div style=\"background-color: #F4F4F4;border-radius: 4px;flex-grow: 0;height: 14px;width: 144px\"><\/div>\n<\/div>\n<\/div>\n<\/blockquote>\n<\/div>\n<h2>Una carrera irreal: tres atletas m\u00e1s all\u00e1 de todos los l\u00edmites<\/h2>\n<p>Si la haza\u00f1a de Sawe es hist\u00f3rica, el contexto la hace a\u00fan m\u00e1s incre\u00edble. Detr\u00e1s de \u00e9l, el et\u00edope Yomif Kejelcha, que debutaba en la distancia, finaliz\u00f3 en 1h59&#8217;41&#8221;, convirti\u00e9ndose en el segundo hombre por debajo de las dos horas. El tercer puesto fue para el ugand\u00e9s Jacob Kiplimo en 2h00&#8217;28&#8221;. Un tiempo que, hasta ayer, habr\u00eda sido r\u00e9cord mundial. \u00bfEl resultado? Un podio sin precedentes: tres atletas por debajo del antiguo r\u00e9cord mundial.<\/p>\n<div class=\"responsive-container\">\n<blockquote class=\"instagram-media\" data-instgrm-captioned data-instgrm-permalink=\"https:\/\/www.instagram.com\/p\/DXl-MA7jCpS\/?utm_source=ig_embed&amp;utm_campaign=loading\" data-instgrm-version=\"14\" style=\"background:#FFF;border:0;border-radius:3px;margin: 1px;max-width:500px;min-width:326px;padding:0;width:99.375%;width:-webkit-calc(100% - 2px);width:calc(100% - 2px)\">\n<div style=\"padding:16px\">\n<div style=\"flex-direction: row;align-items: center\">\n<div style=\"background-color: #F4F4F4;border-radius: 50%;flex-grow: 0;height: 40px;margin-right: 14px;width: 40px\"><\/div>\n<div style=\"flex-direction: column;flex-grow: 1;justify-content: center\">\n<div style=\"background-color: #F4F4F4;border-radius: 4px;flex-grow: 0;height: 14px;margin-bottom: 6px;width: 100px\"><\/div>\n<div style=\"background-color: #F4F4F4;border-radius: 4px;flex-grow: 0;height: 14px;width: 60px\"><\/div>\n<\/div>\n<\/div>\n<div style=\"padding: 19% 0\"><\/div>\n<div style=\"height:50px;margin:0 auto 12px;width:50px\"><\/div>\n<div style=\"padding-top: 8px\">\n<div style=\"color:#3897f0;font-family:Arial,sans-serif;font-size:14px;font-style:normal;font-weight:550;line-height:18px\">Ver esta publicaci\u00f3n en Instagram<\/div>\n<\/div>\n<div style=\"padding: 12.5% 0\"><\/div>\n<div style=\"flex-direction: row;margin-bottom: 14px;align-items: center\">\n<div>\n<div style=\"background-color: #F4F4F4;border-radius: 50%;height: 12.5px;width: 12.5px\"><\/div>\n<div style=\"background-color: #F4F4F4;height: 12.5px;width: 12.5px;flex-grow: 0;margin-right: 14px;margin-left: 2px\"><\/div>\n<div style=\"background-color: #F4F4F4;border-radius: 50%;height: 12.5px;width: 12.5px\"><\/div>\n<\/div>\n<div style=\"margin-left: 8px\">\n<div style=\"background-color: #F4F4F4;border-radius: 50%;flex-grow: 0;height: 20px;width: 20px\"><\/div>\n<div style=\"width: 0;height: 0;border-top: 2px solid transparent;border-left: 6px solid #f4f4f4;border-bottom: 2px solid transparent\"><\/div>\n<\/div>\n<div style=\"margin-left: auto\">\n<div style=\"width: 0px;border-top: 8px solid #F4F4F4;border-right: 8px solid transparent\"><\/div>\n<div style=\"background-color: #F4F4F4;flex-grow: 0;height: 12px;width: 16px\"><\/div>\n<div style=\"width: 0;height: 0;border-top: 8px solid #F4F4F4;border-left: 8px solid transparent\"><\/div>\n<\/div>\n<\/div>\n<div style=\"flex-direction: column;flex-grow: 1;justify-content: center;margin-bottom: 24px\">\n<div style=\"background-color: #F4F4F4;border-radius: 4px;flex-grow: 0;height: 14px;margin-bottom: 6px;width: 224px\"><\/div>\n<div style=\"background-color: #F4F4F4;border-radius: 4px;flex-grow: 0;height: 14px;width: 144px\"><\/div>\n<\/div>\n<\/div>\n<\/blockquote>\n<\/div>\n<h2>El punto de inflexi\u00f3n en la segunda parte del partido<\/h2>\n<p>La carrera no empez\u00f3 a un ritmo loco. Avanza hasta los 10 km en 28&#8217;25\u201d, la mitad de la carrera en 1h00&#8217;29\u201d. Luego, cuando salieron las liebres, todo cambi\u00f3. Sawe aument\u00f3 el ritmo con una progresi\u00f3n impresionante, corriendo la segunda parte en 59&#8217;01&#8221;, m\u00e1s r\u00e1pido que la primera. Entre el kil\u00f3metro 30 y el 35, dio el empuj\u00f3n decisivo, separando a Kejelcha y dejando a Kiplimo sin respuesta. Una aceleraci\u00f3n que transform\u00f3 una gran carrera en una absoluta obra maestra.<\/p>\n<div class=\"responsive-container\">\n<blockquote class=\"instagram-media\" data-instgrm-captioned data-instgrm-permalink=\"https:\/\/www.instagram.com\/p\/DXl9EWZDMoG\/?utm_source=ig_embed&amp;utm_campaign=loading\" data-instgrm-version=\"14\" style=\"background:#FFF;border:0;border-radius:3px;margin: 1px;max-width:500px;min-width:326px;padding:0;width:99.375%;width:-webkit-calc(100% - 2px);width:calc(100% - 2px)\">\n<div style=\"padding:16px\">\n<div style=\"flex-direction: row;align-items: center\">\n<div style=\"background-color: #F4F4F4;border-radius: 50%;flex-grow: 0;height: 40px;margin-right: 14px;width: 40px\"><\/div>\n<div style=\"flex-direction: column;flex-grow: 1;justify-content: center\">\n<div style=\"background-color: #F4F4F4;border-radius: 4px;flex-grow: 0;height: 14px;margin-bottom: 6px;width: 100px\"><\/div>\n<div style=\"background-color: #F4F4F4;border-radius: 4px;flex-grow: 0;height: 14px;width: 60px\"><\/div>\n<\/div>\n<\/div>\n<div style=\"padding: 19% 0\"><\/div>\n<div style=\"height:50px;margin:0 auto 12px;width:50px\"><\/div>\n<div style=\"padding-top: 8px\">\n<div style=\"color:#3897f0;font-family:Arial,sans-serif;font-size:14px;font-style:normal;font-weight:550;line-height:18px\">Ver esta publicaci\u00f3n en Instagram<\/div>\n<\/div>\n<div style=\"padding: 12.5% 0\"><\/div>\n<div style=\"flex-direction: row;margin-bottom: 14px;align-items: center\">\n<div>\n<div style=\"background-color: #F4F4F4;border-radius: 50%;height: 12.5px;width: 12.5px\"><\/div>\n<div style=\"background-color: #F4F4F4;height: 12.5px;width: 12.5px;flex-grow: 0;margin-right: 14px;margin-left: 2px\"><\/div>\n<div style=\"background-color: #F4F4F4;border-radius: 50%;height: 12.5px;width: 12.5px\"><\/div>\n<\/div>\n<div style=\"margin-left: 8px\">\n<div style=\"background-color: #F4F4F4;border-radius: 50%;flex-grow: 0;height: 20px;width: 20px\"><\/div>\n<div style=\"width: 0;height: 0;border-top: 2px solid transparent;border-left: 6px solid #f4f4f4;border-bottom: 2px solid transparent\"><\/div>\n<\/div>\n<div style=\"margin-left: auto\">\n<div style=\"width: 0px;border-top: 8px solid #F4F4F4;border-right: 8px solid transparent\"><\/div>\n<div style=\"background-color: #F4F4F4;flex-grow: 0;height: 12px;width: 16px\"><\/div>\n<div style=\"width: 0;height: 0;border-top: 8px solid #F4F4F4;border-left: 8px solid transparent\"><\/div>\n<\/div>\n<\/div>\n<div style=\"flex-direction: column;flex-grow: 1;justify-content: center;margin-bottom: 24px\">\n<div style=\"background-color: #F4F4F4;border-radius: 4px;flex-grow: 0;height: 14px;margin-bottom: 6px;width: 224px\"><\/div>\n<div style=\"background-color: #F4F4F4;border-radius: 4px;flex-grow: 0;height: 14px;width: 144px\"><\/div>\n<\/div>\n<\/div>\n<\/blockquote>\n<\/div>\n<h2>Incluso entre las mujeres es un r\u00e9cord.<\/h2>\n<p>La jornada londinense tambi\u00e9n depar\u00f3 un espect\u00e1culo en la carrera femenina. La et\u00edope Tigist Assefa venci\u00f3 mejorando su r\u00e9cord en la carrera femenina con 2h15&#8217;41\u201d, al final de un re\u00f1ido enfrentamiento con la keniana Hellen Obiri (2h15&#8217;53\u201d) y Joyciline Jepkosgei (2h15&#8217;55\u201d).<\/p>\n<div class=\"responsive-container\">\n<blockquote class=\"instagram-media\" data-instgrm-captioned data-instgrm-permalink=\"https:\/\/www.instagram.com\/p\/DXmCWQxDHcl\/?utm_source=ig_embed&amp;utm_campaign=loading\" data-instgrm-version=\"14\" style=\"background:#FFF;border:0;border-radius:3px;margin: 1px;max-width:500px;min-width:326px;padding:0;width:99.375%;width:-webkit-calc(100% - 2px);width:calc(100% - 2px)\">\n<div style=\"padding:16px\">\n<div style=\"flex-direction: row;align-items: center\">\n<div style=\"background-color: #F4F4F4;border-radius: 50%;flex-grow: 0;height: 40px;margin-right: 14px;width: 40px\"><\/div>\n<div style=\"flex-direction: column;flex-grow: 1;justify-content: center\">\n<div style=\"background-color: #F4F4F4;border-radius: 4px;flex-grow: 0;height: 14px;margin-bottom: 6px;width: 100px\"><\/div>\n<div style=\"background-color: #F4F4F4;border-radius: 4px;flex-grow: 0;height: 14px;width: 60px\"><\/div>\n<\/div>\n<\/div>\n<div style=\"padding: 19% 0\"><\/div>\n<div style=\"height:50px;margin:0 auto 12px;width:50px\"><\/div>\n<div style=\"padding-top: 8px\">\n<div style=\"color:#3897f0;font-family:Arial,sans-serif;font-size:14px;font-style:normal;font-weight:550;line-height:18px\">Ver esta publicaci\u00f3n en Instagram<\/div>\n<\/div>\n<div style=\"padding: 12.5% 0\"><\/div>\n<div style=\"flex-direction: row;margin-bottom: 14px;align-items: center\">\n<div>\n<div style=\"background-color: #F4F4F4;border-radius: 50%;height: 12.5px;width: 12.5px\"><\/div>\n<div style=\"background-color: #F4F4F4;height: 12.5px;width: 12.5px;flex-grow: 0;margin-right: 14px;margin-left: 2px\"><\/div>\n<div style=\"background-color: #F4F4F4;border-radius: 50%;height: 12.5px;width: 12.5px\"><\/div>\n<\/div>\n<div style=\"margin-left: 8px\">\n<div style=\"background-color: #F4F4F4;border-radius: 50%;flex-grow: 0;height: 20px;width: 20px\"><\/div>\n<div style=\"width: 0;height: 0;border-top: 2px solid transparent;border-left: 6px solid #f4f4f4;border-bottom: 2px solid transparent\"><\/div>\n<\/div>\n<div style=\"margin-left: auto\">\n<div style=\"width: 0px;border-top: 8px solid #F4F4F4;border-right: 8px solid transparent\"><\/div>\n<div style=\"background-color: #F4F4F4;flex-grow: 0;height: 12px;width: 16px\"><\/div>\n<div style=\"width: 0;height: 0;border-top: 8px solid #F4F4F4;border-left: 8px solid transparent\"><\/div>\n<\/div>\n<\/div>\n<div style=\"flex-direction: column;flex-grow: 1;justify-content: center;margin-bottom: 24px\">\n<div style=\"background-color: #F4F4F4;border-radius: 4px;flex-grow: 0;height: 14px;margin-bottom: 6px;width: 224px\"><\/div>\n<div style=\"background-color: #F4F4F4;border-radius: 4px;flex-grow: 0;height: 14px;width: 144px\"><\/div>\n<\/div>\n<\/div>\n<\/blockquote>\n<\/div>\n<h2>Una nueva era para el marat\u00f3n<\/h2>\n<p>La vivida en Londres no fue s\u00f3lo una carrera, sino un punto de inflexi\u00f3n. El l\u00edmite de dos horas, perseguido e incumplido durante a\u00f1os, ahora es una realidad. Y ya no por uno solo, sino por varios deportistas en un mismo d\u00eda. El marat\u00f3n entra as\u00ed en una nueva dimensi\u00f3n, donde lo que parec\u00eda imposible de repente se convierte en el nuevo est\u00e1ndar. Y donde el pr\u00f3ximo objetivo, hoy, a\u00fan est\u00e1 por imaginarse.<\/p>\n<\/p>\n<p><script async src=\"\/\/www.instagram.com\/embed.js\"><\/script><\/p>\n","protected":false},"excerpt":{"rendered":"<p>Durante a\u00f1os se consider\u00f3 el l\u00edmite extremo de la resistencia humana. Una frontera casi simb\u00f3lica, m\u00e1s mental que f\u00edsica. Entonces, de repente, ese muro se<\/p>\n","protected":false},"author":1,"featured_media":8963,"comment_status":"closed","ping_status":"","sticky":false,"template":"","format":"standard","meta":{"footnotes":""},"categories":[762],"tags":[2377,7650,42,508,7410,1881,456,2578,1432,1886,443,629,8609,8499,8608,1469,37],"class_list":["post-8962","post","type-post","status-publish","format-standard","has-post-thumbnail","hentry","category-salud","tag-antiguo","tag-atletas","tag-con","tag-dos","tag-epica","tag-hazana","tag-historia","tag-horas","tag-londres","tag-maraton","tag-menos","tag-record","tag-reescribe","tag-rompen","tag-sawe","tag-tres","tag-una","generate-columns","tablet-grid-50","mobile-grid-100","grid-parent","grid-50"],"yoast_head":"<!-- This site is optimized with the Yoast SEO plugin v23.4 - https:\/\/yoast.com\/wordpress\/plugins\/seo\/ -->\n<title>\u00a1Marat\u00f3n en menos de dos horas! Sawe reescribe la historia en Londres con una haza\u00f1a \u00e9pica (y tres atletas rompen el antiguo r\u00e9cord) - Consejos - Santa Catarina<\/title>\n<meta name=\"robots\" content=\"index, follow, max-snippet:-1, max-image-preview:large, max-video-preview:-1\" \/>\n<link rel=\"canonical\" href=\"https:\/\/stacatarina.mx\/consejos\/maraton-en-menos-de-dos-horas-sawe-reescribe-la-historia-en-londres-con-una-hazana-epica-y-tres-atletas-rompen-el-antiguo-record\/\" \/>\n<meta property=\"og:locale\" content=\"es_MX\" \/>\n<meta property=\"og:type\" content=\"article\" \/>\n<meta property=\"og:title\" content=\"\u00a1Marat\u00f3n en menos de dos horas! Sawe reescribe la historia en Londres con una haza\u00f1a \u00e9pica (y tres atletas rompen el antiguo r\u00e9cord) - Consejos - Santa Catarina\" \/>\n<meta property=\"og:description\" content=\"Durante a\u00f1os se consider\u00f3 el l\u00edmite extremo de la resistencia humana. Una frontera casi simb\u00f3lica, m\u00e1s mental que f\u00edsica. Entonces, de repente, ese muro se\" \/>\n<meta property=\"og:url\" content=\"https:\/\/stacatarina.mx\/consejos\/maraton-en-menos-de-dos-horas-sawe-reescribe-la-historia-en-londres-con-una-hazana-epica-y-tres-atletas-rompen-el-antiguo-record\/\" \/>\n<meta property=\"og:site_name\" content=\"Santa Catarina\" \/>\n<meta property=\"article:publisher\" content=\"https:\/\/www.facebook.com\/stacatarinagob\/\" \/>\n<meta property=\"article:published_time\" content=\"2026-04-28T12:53:12+00:00\" \/>\n<meta property=\"article:modified_time\" content=\"2026-04-28T12:53:15+00:00\" \/>\n<meta property=\"og:image\" content=\"https:\/\/stacatarina.mx\/consejos\/wp-content\/uploads\/2026\/04\/\u00a1Maraton-en-menos-de-dos-horas-Sawe-reescribe-la-historia.jpg\" \/>\n\t<meta property=\"og:image:width\" content=\"1500\" \/>\n\t<meta property=\"og:image:height\" content=\"1000\" \/>\n\t<meta property=\"og:image:type\" content=\"image\/jpeg\" \/>\n<meta name=\"author\" content=\"Pedro Mart\u00ednez\" \/>\n<meta name=\"twitter:card\" content=\"summary_large_image\" \/>\n<meta name=\"twitter:creator\" content=\"@stacatarinagob\" \/>\n<meta name=\"twitter:site\" content=\"@stacatarinagob\" \/>\n<meta name=\"twitter:label1\" content=\"Escrito por\" \/>\n\t<meta name=\"twitter:data1\" content=\"Pedro Mart\u00ednez\" \/>\n\t<meta name=\"twitter:label2\" content=\"Tiempo de lectura\" \/>\n\t<meta name=\"twitter:data2\" content=\"2 minutos\" \/>\n<script type=\"application\/ld+json\" class=\"yoast-schema-graph\">{\"@context\":\"https:\/\/schema.org\",\"@graph\":[{\"@type\":\"Article\",\"@id\":\"https:\/\/stacatarina.mx\/consejos\/maraton-en-menos-de-dos-horas-sawe-reescribe-la-historia-en-londres-con-una-hazana-epica-y-tres-atletas-rompen-el-antiguo-record\/#article\",\"isPartOf\":{\"@id\":\"https:\/\/stacatarina.mx\/consejos\/maraton-en-menos-de-dos-horas-sawe-reescribe-la-historia-en-londres-con-una-hazana-epica-y-tres-atletas-rompen-el-antiguo-record\/\"},\"author\":{\"name\":\"Pedro Mart\u00ednez\",\"@id\":\"https:\/\/stacatarina.mx\/consejos\/#\/schema\/person\/0be60adffa8e4c4d0828fdf021450e8a\"},\"headline\":\"\u00a1Marat\u00f3n en menos de dos horas! Sawe reescribe la historia en Londres con una haza\u00f1a \u00e9pica (y tres atletas rompen el antiguo r\u00e9cord)\",\"datePublished\":\"2026-04-28T12:53:12+00:00\",\"dateModified\":\"2026-04-28T12:53:15+00:00\",\"mainEntityOfPage\":{\"@id\":\"https:\/\/stacatarina.mx\/consejos\/maraton-en-menos-de-dos-horas-sawe-reescribe-la-historia-en-londres-con-una-hazana-epica-y-tres-atletas-rompen-el-antiguo-record\/\"},\"wordCount\":468,\"publisher\":{\"@id\":\"https:\/\/stacatarina.mx\/consejos\/#organization\"},\"image\":{\"@id\":\"https:\/\/stacatarina.mx\/consejos\/maraton-en-menos-de-dos-horas-sawe-reescribe-la-historia-en-londres-con-una-hazana-epica-y-tres-atletas-rompen-el-antiguo-record\/#primaryimage\"},\"thumbnailUrl\":\"https:\/\/stacatarina.mx\/consejos\/wp-content\/uploads\/2026\/04\/\u00a1Maraton-en-menos-de-dos-horas-Sawe-reescribe-la-historia.jpg\",\"keywords\":[\"antiguo\",\"atletas\",\"con\",\"Dos\",\"\u00e9pica\",\"haza\u00f1a\",\"historia\",\"horas\",\"Londres\",\"marat\u00f3n\",\"menos\",\"r\u00e9cord\",\"reescribe\",\"rompen\",\"Sawe\",\"Tres\",\"una\"],\"articleSection\":[\"Salud\"],\"inLanguage\":\"es\"},{\"@type\":\"WebPage\",\"@id\":\"https:\/\/stacatarina.mx\/consejos\/maraton-en-menos-de-dos-horas-sawe-reescribe-la-historia-en-londres-con-una-hazana-epica-y-tres-atletas-rompen-el-antiguo-record\/\",\"url\":\"https:\/\/stacatarina.mx\/consejos\/maraton-en-menos-de-dos-horas-sawe-reescribe-la-historia-en-londres-con-una-hazana-epica-y-tres-atletas-rompen-el-antiguo-record\/\",\"name\":\"\u00a1Marat\u00f3n en menos de dos horas! Sawe reescribe la historia en Londres con una haza\u00f1a \u00e9pica (y tres atletas rompen el antiguo r\u00e9cord) - Consejos - Santa Catarina\",\"isPartOf\":{\"@id\":\"https:\/\/stacatarina.mx\/consejos\/#website\"},\"primaryImageOfPage\":{\"@id\":\"https:\/\/stacatarina.mx\/consejos\/maraton-en-menos-de-dos-horas-sawe-reescribe-la-historia-en-londres-con-una-hazana-epica-y-tres-atletas-rompen-el-antiguo-record\/#primaryimage\"},\"image\":{\"@id\":\"https:\/\/stacatarina.mx\/consejos\/maraton-en-menos-de-dos-horas-sawe-reescribe-la-historia-en-londres-con-una-hazana-epica-y-tres-atletas-rompen-el-antiguo-record\/#primaryimage\"},\"thumbnailUrl\":\"https:\/\/stacatarina.mx\/consejos\/wp-content\/uploads\/2026\/04\/\u00a1Maraton-en-menos-de-dos-horas-Sawe-reescribe-la-historia.jpg\",\"datePublished\":\"2026-04-28T12:53:12+00:00\",\"dateModified\":\"2026-04-28T12:53:15+00:00\",\"breadcrumb\":{\"@id\":\"https:\/\/stacatarina.mx\/consejos\/maraton-en-menos-de-dos-horas-sawe-reescribe-la-historia-en-londres-con-una-hazana-epica-y-tres-atletas-rompen-el-antiguo-record\/#breadcrumb\"},\"inLanguage\":\"es\",\"potentialAction\":[{\"@type\":\"ReadAction\",\"target\":[\"https:\/\/stacatarina.mx\/consejos\/maraton-en-menos-de-dos-horas-sawe-reescribe-la-historia-en-londres-con-una-hazana-epica-y-tres-atletas-rompen-el-antiguo-record\/\"]}]},{\"@type\":\"ImageObject\",\"inLanguage\":\"es\",\"@id\":\"https:\/\/stacatarina.mx\/consejos\/maraton-en-menos-de-dos-horas-sawe-reescribe-la-historia-en-londres-con-una-hazana-epica-y-tres-atletas-rompen-el-antiguo-record\/#primaryimage\",\"url\":\"https:\/\/stacatarina.mx\/consejos\/wp-content\/uploads\/2026\/04\/\u00a1Maraton-en-menos-de-dos-horas-Sawe-reescribe-la-historia.jpg\",\"contentUrl\":\"https:\/\/stacatarina.mx\/consejos\/wp-content\/uploads\/2026\/04\/\u00a1Maraton-en-menos-de-dos-horas-Sawe-reescribe-la-historia.jpg\",\"width\":1500,\"height\":1000,\"caption\":\"Maratona di Londra\"},{\"@type\":\"BreadcrumbList\",\"@id\":\"https:\/\/stacatarina.mx\/consejos\/maraton-en-menos-de-dos-horas-sawe-reescribe-la-historia-en-londres-con-una-hazana-epica-y-tres-atletas-rompen-el-antiguo-record\/#breadcrumb\",\"itemListElement\":[{\"@type\":\"ListItem\",\"position\":1,\"name\":\"Inicio\",\"item\":\"https:\/\/stacatarina.mx\/consejos\/\"},{\"@type\":\"ListItem\",\"position\":2,\"name\":\"\u00a1Marat\u00f3n en menos de dos horas! Sawe reescribe la historia en Londres con una haza\u00f1a \u00e9pica (y tres atletas rompen el antiguo r\u00e9cord)\"}]},{\"@type\":\"WebSite\",\"@id\":\"https:\/\/stacatarina.mx\/consejos\/#website\",\"url\":\"https:\/\/stacatarina.mx\/consejos\/\",\"name\":\"Santa Catarina\",\"description\":\"\",\"publisher\":{\"@id\":\"https:\/\/stacatarina.mx\/consejos\/#organization\"},\"potentialAction\":[{\"@type\":\"SearchAction\",\"target\":{\"@type\":\"EntryPoint\",\"urlTemplate\":\"https:\/\/stacatarina.mx\/consejos\/?s={search_term_string}\"},\"query-input\":{\"@type\":\"PropertyValueSpecification\",\"valueRequired\":true,\"valueName\":\"search_term_string\"}}],\"inLanguage\":\"es\"},{\"@type\":\"Organization\",\"@id\":\"https:\/\/stacatarina.mx\/consejos\/#organization\",\"name\":\"Santa Catarina\",\"url\":\"https:\/\/stacatarina.mx\/consejos\/\",\"logo\":{\"@type\":\"ImageObject\",\"inLanguage\":\"es\",\"@id\":\"https:\/\/stacatarina.mx\/consejos\/#\/schema\/logo\/image\/\",\"url\":\"https:\/\/stacatarina.mx\/consejos\/wp-content\/uploads\/2024\/09\/cropped-favicon-1-1.png\",\"contentUrl\":\"https:\/\/stacatarina.mx\/consejos\/wp-content\/uploads\/2024\/09\/cropped-favicon-1-1.png\",\"width\":512,\"height\":512,\"caption\":\"Santa Catarina\"},\"image\":{\"@id\":\"https:\/\/stacatarina.mx\/consejos\/#\/schema\/logo\/image\/\"},\"sameAs\":[\"https:\/\/www.facebook.com\/stacatarinagob\/\",\"https:\/\/x.com\/stacatarinagob\",\"https:\/\/www.instagram.com\/stacatarinagob\/\",\"https:\/\/www.youtube.com\/channel\/UCK-6cQJL_904665N1_nLTWw\"]},{\"@type\":\"Person\",\"@id\":\"https:\/\/stacatarina.mx\/consejos\/#\/schema\/person\/0be60adffa8e4c4d0828fdf021450e8a\",\"name\":\"Pedro Mart\u00ednez\",\"image\":{\"@type\":\"ImageObject\",\"inLanguage\":\"es\",\"@id\":\"https:\/\/stacatarina.mx\/consejos\/#\/schema\/person\/image\/\",\"url\":\"https:\/\/stacatarina.mx\/consejos\/wp-content\/uploads\/2024\/09\/stacatarina.jpg\",\"contentUrl\":\"https:\/\/stacatarina.mx\/consejos\/wp-content\/uploads\/2024\/09\/stacatarina.jpg\",\"caption\":\"Pedro Mart\u00ednez\"},\"description\":\"Hola, soy Pedro Mart\u00ednez, redactor jefe del sitio oficial del ayuntamiento de Santa Catarina, en M\u00e9xico. Con m\u00e1s de diez a\u00f1os de experiencia en el periodismo local, tengo una pasi\u00f3n por la investigaci\u00f3n y la difusi\u00f3n de informaci\u00f3n que valoriza nuestra hermosa comunidad. Mi compromiso es hacer de Santa Catarina una referencia en materia de transparencia y comunicaci\u00f3n municipal.\",\"sameAs\":[\"https:\/\/stacatarina.mx\/\"]}]}<\/script>\n<!-- \/ Yoast SEO plugin. -->","yoast_head_json":{"title":"\u00a1Marat\u00f3n en menos de dos horas! Sawe reescribe la historia en Londres con una haza\u00f1a \u00e9pica (y tres atletas rompen el antiguo r\u00e9cord) - Consejos - Santa Catarina","robots":{"index":"index","follow":"follow","max-snippet":"max-snippet:-1","max-image-preview":"max-image-preview:large","max-video-preview":"max-video-preview:-1"},"canonical":"https:\/\/stacatarina.mx\/consejos\/maraton-en-menos-de-dos-horas-sawe-reescribe-la-historia-en-londres-con-una-hazana-epica-y-tres-atletas-rompen-el-antiguo-record\/","og_locale":"es_MX","og_type":"article","og_title":"\u00a1Marat\u00f3n en menos de dos horas! Sawe reescribe la historia en Londres con una haza\u00f1a \u00e9pica (y tres atletas rompen el antiguo r\u00e9cord) - Consejos - Santa Catarina","og_description":"Durante a\u00f1os se consider\u00f3 el l\u00edmite extremo de la resistencia humana. Una frontera casi simb\u00f3lica, m\u00e1s mental que f\u00edsica. Entonces, de repente, ese muro se","og_url":"https:\/\/stacatarina.mx\/consejos\/maraton-en-menos-de-dos-horas-sawe-reescribe-la-historia-en-londres-con-una-hazana-epica-y-tres-atletas-rompen-el-antiguo-record\/","og_site_name":"Santa Catarina","article_publisher":"https:\/\/www.facebook.com\/stacatarinagob\/","article_published_time":"2026-04-28T12:53:12+00:00","article_modified_time":"2026-04-28T12:53:15+00:00","og_image":[{"width":1500,"height":1000,"url":"https:\/\/stacatarina.mx\/consejos\/wp-content\/uploads\/2026\/04\/\u00a1Maraton-en-menos-de-dos-horas-Sawe-reescribe-la-historia.jpg","type":"image\/jpeg"}],"author":"Pedro Mart\u00ednez","twitter_card":"summary_large_image","twitter_creator":"@stacatarinagob","twitter_site":"@stacatarinagob","twitter_misc":{"Escrito por":"Pedro Mart\u00ednez","Tiempo de lectura":"2 minutos"},"schema":{"@context":"https:\/\/schema.org","@graph":[{"@type":"Article","@id":"https:\/\/stacatarina.mx\/consejos\/maraton-en-menos-de-dos-horas-sawe-reescribe-la-historia-en-londres-con-una-hazana-epica-y-tres-atletas-rompen-el-antiguo-record\/#article","isPartOf":{"@id":"https:\/\/stacatarina.mx\/consejos\/maraton-en-menos-de-dos-horas-sawe-reescribe-la-historia-en-londres-con-una-hazana-epica-y-tres-atletas-rompen-el-antiguo-record\/"},"author":{"name":"Pedro Mart\u00ednez","@id":"https:\/\/stacatarina.mx\/consejos\/#\/schema\/person\/0be60adffa8e4c4d0828fdf021450e8a"},"headline":"\u00a1Marat\u00f3n en menos de dos horas! Sawe reescribe la historia en Londres con una haza\u00f1a \u00e9pica (y tres atletas rompen el antiguo r\u00e9cord)","datePublished":"2026-04-28T12:53:12+00:00","dateModified":"2026-04-28T12:53:15+00:00","mainEntityOfPage":{"@id":"https:\/\/stacatarina.mx\/consejos\/maraton-en-menos-de-dos-horas-sawe-reescribe-la-historia-en-londres-con-una-hazana-epica-y-tres-atletas-rompen-el-antiguo-record\/"},"wordCount":468,"publisher":{"@id":"https:\/\/stacatarina.mx\/consejos\/#organization"},"image":{"@id":"https:\/\/stacatarina.mx\/consejos\/maraton-en-menos-de-dos-horas-sawe-reescribe-la-historia-en-londres-con-una-hazana-epica-y-tres-atletas-rompen-el-antiguo-record\/#primaryimage"},"thumbnailUrl":"https:\/\/stacatarina.mx\/consejos\/wp-content\/uploads\/2026\/04\/\u00a1Maraton-en-menos-de-dos-horas-Sawe-reescribe-la-historia.jpg","keywords":["antiguo","atletas","con","Dos","\u00e9pica","haza\u00f1a","historia","horas","Londres","marat\u00f3n","menos","r\u00e9cord","reescribe","rompen","Sawe","Tres","una"],"articleSection":["Salud"],"inLanguage":"es"},{"@type":"WebPage","@id":"https:\/\/stacatarina.mx\/consejos\/maraton-en-menos-de-dos-horas-sawe-reescribe-la-historia-en-londres-con-una-hazana-epica-y-tres-atletas-rompen-el-antiguo-record\/","url":"https:\/\/stacatarina.mx\/consejos\/maraton-en-menos-de-dos-horas-sawe-reescribe-la-historia-en-londres-con-una-hazana-epica-y-tres-atletas-rompen-el-antiguo-record\/","name":"\u00a1Marat\u00f3n en menos de dos horas! Sawe reescribe la historia en Londres con una haza\u00f1a \u00e9pica (y tres atletas rompen el antiguo r\u00e9cord) - Consejos - Santa Catarina","isPartOf":{"@id":"https:\/\/stacatarina.mx\/consejos\/#website"},"primaryImageOfPage":{"@id":"https:\/\/stacatarina.mx\/consejos\/maraton-en-menos-de-dos-horas-sawe-reescribe-la-historia-en-londres-con-una-hazana-epica-y-tres-atletas-rompen-el-antiguo-record\/#primaryimage"},"image":{"@id":"https:\/\/stacatarina.mx\/consejos\/maraton-en-menos-de-dos-horas-sawe-reescribe-la-historia-en-londres-con-una-hazana-epica-y-tres-atletas-rompen-el-antiguo-record\/#primaryimage"},"thumbnailUrl":"https:\/\/stacatarina.mx\/consejos\/wp-content\/uploads\/2026\/04\/\u00a1Maraton-en-menos-de-dos-horas-Sawe-reescribe-la-historia.jpg","datePublished":"2026-04-28T12:53:12+00:00","dateModified":"2026-04-28T12:53:15+00:00","breadcrumb":{"@id":"https:\/\/stacatarina.mx\/consejos\/maraton-en-menos-de-dos-horas-sawe-reescribe-la-historia-en-londres-con-una-hazana-epica-y-tres-atletas-rompen-el-antiguo-record\/#breadcrumb"},"inLanguage":"es","potentialAction":[{"@type":"ReadAction","target":["https:\/\/stacatarina.mx\/consejos\/maraton-en-menos-de-dos-horas-sawe-reescribe-la-historia-en-londres-con-una-hazana-epica-y-tres-atletas-rompen-el-antiguo-record\/"]}]},{"@type":"ImageObject","inLanguage":"es","@id":"https:\/\/stacatarina.mx\/consejos\/maraton-en-menos-de-dos-horas-sawe-reescribe-la-historia-en-londres-con-una-hazana-epica-y-tres-atletas-rompen-el-antiguo-record\/#primaryimage","url":"https:\/\/stacatarina.mx\/consejos\/wp-content\/uploads\/2026\/04\/\u00a1Maraton-en-menos-de-dos-horas-Sawe-reescribe-la-historia.jpg","contentUrl":"https:\/\/stacatarina.mx\/consejos\/wp-content\/uploads\/2026\/04\/\u00a1Maraton-en-menos-de-dos-horas-Sawe-reescribe-la-historia.jpg","width":1500,"height":1000,"caption":"Maratona di Londra"},{"@type":"BreadcrumbList","@id":"https:\/\/stacatarina.mx\/consejos\/maraton-en-menos-de-dos-horas-sawe-reescribe-la-historia-en-londres-con-una-hazana-epica-y-tres-atletas-rompen-el-antiguo-record\/#breadcrumb","itemListElement":[{"@type":"ListItem","position":1,"name":"Inicio","item":"https:\/\/stacatarina.mx\/consejos\/"},{"@type":"ListItem","position":2,"name":"\u00a1Marat\u00f3n en menos de dos horas! Sawe reescribe la historia en Londres con una haza\u00f1a \u00e9pica (y tres atletas rompen el antiguo r\u00e9cord)"}]},{"@type":"WebSite","@id":"https:\/\/stacatarina.mx\/consejos\/#website","url":"https:\/\/stacatarina.mx\/consejos\/","name":"Santa Catarina","description":"","publisher":{"@id":"https:\/\/stacatarina.mx\/consejos\/#organization"},"potentialAction":[{"@type":"SearchAction","target":{"@type":"EntryPoint","urlTemplate":"https:\/\/stacatarina.mx\/consejos\/?s={search_term_string}"},"query-input":{"@type":"PropertyValueSpecification","valueRequired":true,"valueName":"search_term_string"}}],"inLanguage":"es"},{"@type":"Organization","@id":"https:\/\/stacatarina.mx\/consejos\/#organization","name":"Santa Catarina","url":"https:\/\/stacatarina.mx\/consejos\/","logo":{"@type":"ImageObject","inLanguage":"es","@id":"https:\/\/stacatarina.mx\/consejos\/#\/schema\/logo\/image\/","url":"https:\/\/stacatarina.mx\/consejos\/wp-content\/uploads\/2024\/09\/cropped-favicon-1-1.png","contentUrl":"https:\/\/stacatarina.mx\/consejos\/wp-content\/uploads\/2024\/09\/cropped-favicon-1-1.png","width":512,"height":512,"caption":"Santa Catarina"},"image":{"@id":"https:\/\/stacatarina.mx\/consejos\/#\/schema\/logo\/image\/"},"sameAs":["https:\/\/www.facebook.com\/stacatarinagob\/","https:\/\/x.com\/stacatarinagob","https:\/\/www.instagram.com\/stacatarinagob\/","https:\/\/www.youtube.com\/channel\/UCK-6cQJL_904665N1_nLTWw"]},{"@type":"Person","@id":"https:\/\/stacatarina.mx\/consejos\/#\/schema\/person\/0be60adffa8e4c4d0828fdf021450e8a","name":"Pedro Mart\u00ednez","image":{"@type":"ImageObject","inLanguage":"es","@id":"https:\/\/stacatarina.mx\/consejos\/#\/schema\/person\/image\/","url":"https:\/\/stacatarina.mx\/consejos\/wp-content\/uploads\/2024\/09\/stacatarina.jpg","contentUrl":"https:\/\/stacatarina.mx\/consejos\/wp-content\/uploads\/2024\/09\/stacatarina.jpg","caption":"Pedro Mart\u00ednez"},"description":"Hola, soy Pedro Mart\u00ednez, redactor jefe del sitio oficial del ayuntamiento de Santa Catarina, en M\u00e9xico. Con m\u00e1s de diez a\u00f1os de experiencia en el periodismo local, tengo una pasi\u00f3n por la investigaci\u00f3n y la difusi\u00f3n de informaci\u00f3n que valoriza nuestra hermosa comunidad. Mi compromiso es hacer de Santa Catarina una referencia en materia de transparencia y comunicaci\u00f3n municipal.","sameAs":["https:\/\/stacatarina.mx\/"]}]}},"_links":{"self":[{"href":"https:\/\/stacatarina.mx\/consejos\/wp-json\/wp\/v2\/posts\/8962"}],"collection":[{"href":"https:\/\/stacatarina.mx\/consejos\/wp-json\/wp\/v2\/posts"}],"about":[{"href":"https:\/\/stacatarina.mx\/consejos\/wp-json\/wp\/v2\/types\/post"}],"author":[{"embeddable":true,"href":"https:\/\/stacatarina.mx\/consejos\/wp-json\/wp\/v2\/users\/1"}],"replies":[{"embeddable":true,"href":"https:\/\/stacatarina.mx\/consejos\/wp-json\/wp\/v2\/comments?post=8962"}],"version-history":[{"count":1,"href":"https:\/\/stacatarina.mx\/consejos\/wp-json\/wp\/v2\/posts\/8962\/revisions"}],"predecessor-version":[{"id":8964,"href":"https:\/\/stacatarina.mx\/consejos\/wp-json\/wp\/v2\/posts\/8962\/revisions\/8964"}],"wp:featuredmedia":[{"embeddable":true,"href":"https:\/\/stacatarina.mx\/consejos\/wp-json\/wp\/v2\/media\/8963"}],"wp:attachment":[{"href":"https:\/\/stacatarina.mx\/consejos\/wp-json\/wp\/v2\/media?parent=8962"}],"wp:term":[{"taxonomy":"category","embeddable":true,"href":"https:\/\/stacatarina.mx\/consejos\/wp-json\/wp\/v2\/categories?post=8962"},{"taxonomy":"post_tag","embeddable":true,"href":"https:\/\/stacatarina.mx\/consejos\/wp-json\/wp\/v2\/tags?post=8962"}],"curies":[{"name":"wp","href":"https:\/\/api.w.org\/{rel}","templated":true}]}}