{"id":8965,"date":"2026-04-28T11:53:28","date_gmt":"2026-04-28T17:53:28","guid":{"rendered":"https:\/\/stacatarina.mx\/consejos\/llegan-a-gaza-los-primeros-alimentos-sin-gluten-para-celiacos-ha-comenzado-la-distribucion-para-salvar-a-1-300-ninos-y-pacientes-olvidados\/"},"modified":"2026-04-28T11:53:33","modified_gmt":"2026-04-28T17:53:33","slug":"llegan-a-gaza-los-primeros-alimentos-sin-gluten-para-celiacos-ha-comenzado-la-distribucion-para-salvar-a-1-300-ninos-y-pacientes-olvidados","status":"publish","type":"post","link":"https:\/\/stacatarina.mx\/consejos\/llegan-a-gaza-los-primeros-alimentos-sin-gluten-para-celiacos-ha-comenzado-la-distribucion-para-salvar-a-1-300-ninos-y-pacientes-olvidados\/","title":{"rendered":"Llegan a Gaza los primeros alimentos sin gluten para cel\u00edacos: ha comenzado la distribuci\u00f3n para salvar a 1.300 ni\u00f1os y pacientes olvidados"},"content":{"rendered":"<p><\/p>\n<p>Tras meses de espera, bloqueos log\u00edsticos y negociaciones humanitarias, ha conseguido llegar el primer suministro de alimentos sin gluten destinados a cel\u00edacos en la Franja de Gaza. El env\u00edo, organizado por la Asociaci\u00f3n de Cel\u00edacos de Jordania como parte de la coordinaci\u00f3n impulsada por la AIC y la federaci\u00f3n europea AOECS, ya se est\u00e1 distribuyendo a los pacientes registrados.<\/p>\n<p>Las primeras entregas estaban destinadas a los sujetos m\u00e1s vulnerables, especialmente a los ni\u00f1os cel\u00edacos, muchos de los cuales viven desde hace meses sin acceso a una dieta adecuada. En una zona devastada por el conflicto y la escasez de bienes de primera necesidad, recibir pasta, harina y productos sin gluten significa mucho m\u00e1s que ayuda alimentaria: significa garantizar una posibilidad concreta de supervivencia.<\/p>\n<div class=\"responsive-container\">\n<blockquote class=\"instagram-media\" data-instgrm-captioned data-instgrm-permalink=\"https:\/\/www.instagram.com\/p\/DXo-zAyDKfI\/?utm_source=ig_embed&amp;utm_campaign=loading\" data-instgrm-version=\"14\" style=\"background:#FFF;border:0;border-radius:3px;margin: 1px;max-width:500px;min-width:326px;padding:0;width:99.375%;width:-webkit-calc(100% - 2px);width:calc(100% - 2px)\">\n<div style=\"padding:16px\">\n<div style=\"flex-direction: row;align-items: center\">\n<div style=\"background-color: #F4F4F4;border-radius: 50%;flex-grow: 0;height: 40px;margin-right: 14px;width: 40px\"><\/div>\n<div style=\"flex-direction: column;flex-grow: 1;justify-content: center\">\n<div style=\"background-color: #F4F4F4;border-radius: 4px;flex-grow: 0;height: 14px;margin-bottom: 6px;width: 100px\"><\/div>\n<div style=\"background-color: #F4F4F4;border-radius: 4px;flex-grow: 0;height: 14px;width: 60px\"><\/div>\n<\/div>\n<\/div>\n<div style=\"padding: 19% 0\"><\/div>\n<div style=\"height:50px;margin:0 auto 12px;width:50px\"><\/div>\n<div style=\"padding-top: 8px\">\n<div style=\"color:#3897f0;font-family:Arial,sans-serif;font-size:14px;font-style:normal;font-weight:550;line-height:18px\">Ver esta publicaci\u00f3n en Instagram<\/div>\n<\/div>\n<div style=\"padding: 12.5% 0\"><\/div>\n<div style=\"flex-direction: row;margin-bottom: 14px;align-items: center\">\n<div>\n<div style=\"background-color: #F4F4F4;border-radius: 50%;height: 12.5px;width: 12.5px\"><\/div>\n<div style=\"background-color: #F4F4F4;height: 12.5px;width: 12.5px;flex-grow: 0;margin-right: 14px;margin-left: 2px\"><\/div>\n<div style=\"background-color: #F4F4F4;border-radius: 50%;height: 12.5px;width: 12.5px\"><\/div>\n<\/div>\n<div style=\"margin-left: 8px\">\n<div style=\"background-color: #F4F4F4;border-radius: 50%;flex-grow: 0;height: 20px;width: 20px\"><\/div>\n<div style=\"width: 0;height: 0;border-top: 2px solid transparent;border-left: 6px solid #f4f4f4;border-bottom: 2px solid transparent\"><\/div>\n<\/div>\n<div style=\"margin-left: auto\">\n<div style=\"width: 0px;border-top: 8px solid #F4F4F4;border-right: 8px solid transparent\"><\/div>\n<div style=\"background-color: #F4F4F4;flex-grow: 0;height: 12px;width: 16px\"><\/div>\n<div style=\"width: 0;height: 0;border-top: 8px solid #F4F4F4;border-left: 8px solid transparent\"><\/div>\n<\/div>\n<\/div>\n<div style=\"flex-direction: column;flex-grow: 1;justify-content: center;margin-bottom: 24px\">\n<div style=\"background-color: #F4F4F4;border-radius: 4px;flex-grow: 0;height: 14px;margin-bottom: 6px;width: 224px\"><\/div>\n<div style=\"background-color: #F4F4F4;border-radius: 4px;flex-grow: 0;height: 14px;width: 144px\"><\/div>\n<\/div>\n<\/div>\n<\/blockquote>\n<\/div>\n<h2>La crisis invisible de los cel\u00edacos en la Franja<\/h2>\n<p>La iniciativa surge de una dram\u00e1tica situaci\u00f3n sanitaria a menudo ignorada en las emergencias internacionales. Seg\u00fan los datos recogidos por Ard El-Insan, una organizaci\u00f3n palestina dedicada a la nutrici\u00f3n infantil, en la Franja de Gaza viven unas 1.300 personas cel\u00edacas, entre ellas m\u00e1s de 500 ni\u00f1os. Para quienes padecen enfermedad cel\u00edaca, el gluten no es simplemente un alimento desaconsejable, sino un peligro constante. Sin una dieta estrictamente libre de gluten, el cuerpo desarrolla da\u00f1os intestinales, deficiencias nutricionales, osteoporosis y complicaciones potencialmente irreversibles.<\/p>\n<p>Los testimonios recogidos en los \u00faltimos meses por la AIC pintan un panorama muy duro. Mahmoud, un joven originario de Rafah, explic\u00f3 que su madre Fathiya, de 61 a\u00f1os, sufre una forma grave de osteoporosis agravada por la imposibilidad de seguir una dieta correcta. Durante meses, muchos cel\u00edacos en Gaza han podido alimentarse casi exclusivamente de patatas y legumbres, mientras que las frutas y verduras se han vuelto econ\u00f3micamente inalcanzables.<\/p>\n<h2>La ayuda est\u00e1 bloqueada y los corredores humanitarios siguen siendo inciertos<\/h2>\n<p>La primera expedici\u00f3n representa un resultado importante, pero la situaci\u00f3n sigue siendo extremadamente fr\u00e1gil. Un suministro de prueba anterior de productos sin gluten hab\u00eda estado bloqueado durante semanas en Al Zarqa, Jordania, a la espera de las autorizaciones necesarias para ingresar a la Franja. La AOECS y la AIC explican que la continuaci\u00f3n del conflicto a\u00fan impide la creaci\u00f3n de corredores humanitarios estables y seguros. Por este motivo no es posible predecir nuevos env\u00edos a corto plazo.<\/p>\n<h2>El llamamiento a las instituciones italianas<\/h2>\n<p>Al mismo tiempo, las asociaciones est\u00e1n trabajando con organismos internacionales como el Grupo de Nutrici\u00f3n de Gaza, el Grupo de Seguridad Alimentaria de las Naciones Unidas y la Cruz Roja Internacional para que la enfermedad cel\u00edaca sea reconocida como una emergencia nutricional espec\u00edfica. En Italia, contin\u00faa el di\u00e1logo con las instituciones para identificar posibles soluciones para la evacuaci\u00f3n m\u00e9dica de los casos m\u00e1s graves. El objetivo es evitar que una enfermedad que puede controlarse en condiciones normales se convierta en una condena silenciosa en Gaza.<\/p>\n<\/p>\n<p><script async src=\"\/\/www.instagram.com\/embed.js\"><\/script><\/p>\n","protected":false},"excerpt":{"rendered":"<p>Tras meses de espera, bloqueos log\u00edsticos y negociaciones humanitarias, ha conseguido llegar el primer suministro de alimentos sin gluten destinados a cel\u00edacos en la Franja<\/p>\n","protected":false},"author":1,"featured_media":8966,"comment_status":"closed","ping_status":"","sticky":false,"template":"","format":"standard","meta":{"footnotes":""},"categories":[762],"tags":[797,8611,2519,7747,8610,977,4018,62,347,8612,785,29,3975,118,441],"class_list":["post-8965","post","type-post","status-publish","format-standard","has-post-thumbnail","hentry","category-salud","tag-alimentos","tag-celiacos","tag-comenzado","tag-distribucion","tag-gaza","tag-gluten","tag-llegan","tag-los","tag-ninos","tag-olvidados","tag-pacientes","tag-para","tag-primeros","tag-salvar","tag-sin","generate-columns","tablet-grid-50","mobile-grid-100","grid-parent","grid-50"],"yoast_head":"<!-- This site is optimized with the Yoast SEO plugin v23.4 - https:\/\/yoast.com\/wordpress\/plugins\/seo\/ -->\n<title>Llegan a Gaza los primeros alimentos sin gluten para cel\u00edacos: ha comenzado la distribuci\u00f3n para salvar a 1.300 ni\u00f1os y pacientes olvidados - Consejos - Santa Catarina<\/title>\n<meta name=\"robots\" content=\"index, follow, max-snippet:-1, max-image-preview:large, max-video-preview:-1\" \/>\n<link rel=\"canonical\" href=\"https:\/\/stacatarina.mx\/consejos\/llegan-a-gaza-los-primeros-alimentos-sin-gluten-para-celiacos-ha-comenzado-la-distribucion-para-salvar-a-1-300-ninos-y-pacientes-olvidados\/\" \/>\n<meta property=\"og:locale\" content=\"es_MX\" \/>\n<meta property=\"og:type\" content=\"article\" \/>\n<meta property=\"og:title\" content=\"Llegan a Gaza los primeros alimentos sin gluten para cel\u00edacos: ha comenzado la distribuci\u00f3n para salvar a 1.300 ni\u00f1os y pacientes olvidados - Consejos - Santa Catarina\" \/>\n<meta property=\"og:description\" content=\"Tras meses de espera, bloqueos log\u00edsticos y negociaciones humanitarias, ha conseguido llegar el primer suministro de alimentos sin gluten destinados a cel\u00edacos en la Franja\" \/>\n<meta property=\"og:url\" content=\"https:\/\/stacatarina.mx\/consejos\/llegan-a-gaza-los-primeros-alimentos-sin-gluten-para-celiacos-ha-comenzado-la-distribucion-para-salvar-a-1-300-ninos-y-pacientes-olvidados\/\" \/>\n<meta property=\"og:site_name\" content=\"Santa Catarina\" \/>\n<meta property=\"article:publisher\" content=\"https:\/\/www.facebook.com\/stacatarinagob\/\" \/>\n<meta property=\"article:published_time\" content=\"2026-04-28T17:53:28+00:00\" \/>\n<meta property=\"article:modified_time\" content=\"2026-04-28T17:53:33+00:00\" \/>\n<meta property=\"og:image\" content=\"https:\/\/stacatarina.mx\/consejos\/wp-content\/uploads\/2026\/04\/Llegan-a-Gaza-los-primeros-alimentos-sin-gluten-para-celiacos.jpg\" \/>\n\t<meta property=\"og:image:width\" content=\"1500\" \/>\n\t<meta property=\"og:image:height\" content=\"1000\" \/>\n\t<meta property=\"og:image:type\" content=\"image\/jpeg\" \/>\n<meta name=\"author\" content=\"Pedro Mart\u00ednez\" \/>\n<meta name=\"twitter:card\" content=\"summary_large_image\" \/>\n<meta name=\"twitter:creator\" content=\"@stacatarinagob\" \/>\n<meta name=\"twitter:site\" content=\"@stacatarinagob\" \/>\n<meta name=\"twitter:label1\" content=\"Escrito por\" \/>\n\t<meta name=\"twitter:data1\" content=\"Pedro Mart\u00ednez\" \/>\n\t<meta name=\"twitter:label2\" content=\"Tiempo de lectura\" \/>\n\t<meta name=\"twitter:data2\" content=\"3 minutos\" \/>\n<script type=\"application\/ld+json\" class=\"yoast-schema-graph\">{\"@context\":\"https:\/\/schema.org\",\"@graph\":[{\"@type\":\"Article\",\"@id\":\"https:\/\/stacatarina.mx\/consejos\/llegan-a-gaza-los-primeros-alimentos-sin-gluten-para-celiacos-ha-comenzado-la-distribucion-para-salvar-a-1-300-ninos-y-pacientes-olvidados\/#article\",\"isPartOf\":{\"@id\":\"https:\/\/stacatarina.mx\/consejos\/llegan-a-gaza-los-primeros-alimentos-sin-gluten-para-celiacos-ha-comenzado-la-distribucion-para-salvar-a-1-300-ninos-y-pacientes-olvidados\/\"},\"author\":{\"name\":\"Pedro Mart\u00ednez\",\"@id\":\"https:\/\/stacatarina.mx\/consejos\/#\/schema\/person\/0be60adffa8e4c4d0828fdf021450e8a\"},\"headline\":\"Llegan a Gaza los primeros alimentos sin gluten para cel\u00edacos: ha comenzado la distribuci\u00f3n para salvar a 1.300 ni\u00f1os y pacientes olvidados\",\"datePublished\":\"2026-04-28T17:53:28+00:00\",\"dateModified\":\"2026-04-28T17:53:33+00:00\",\"mainEntityOfPage\":{\"@id\":\"https:\/\/stacatarina.mx\/consejos\/llegan-a-gaza-los-primeros-alimentos-sin-gluten-para-celiacos-ha-comenzado-la-distribucion-para-salvar-a-1-300-ninos-y-pacientes-olvidados\/\"},\"wordCount\":532,\"publisher\":{\"@id\":\"https:\/\/stacatarina.mx\/consejos\/#organization\"},\"image\":{\"@id\":\"https:\/\/stacatarina.mx\/consejos\/llegan-a-gaza-los-primeros-alimentos-sin-gluten-para-celiacos-ha-comenzado-la-distribucion-para-salvar-a-1-300-ninos-y-pacientes-olvidados\/#primaryimage\"},\"thumbnailUrl\":\"https:\/\/stacatarina.mx\/consejos\/wp-content\/uploads\/2026\/04\/Llegan-a-Gaza-los-primeros-alimentos-sin-gluten-para-celiacos.jpg\",\"keywords\":[\"alimentos\",\"cel\u00edacos\",\"comenzado\",\"distribuci\u00f3n\",\"Gaza\",\"gluten\",\"llegan\",\"los\",\"ni\u00f1os\",\"olvidados\",\"pacientes\",\"para\",\"primeros\",\"salvar\",\"sin\"],\"articleSection\":[\"Salud\"],\"inLanguage\":\"es\"},{\"@type\":\"WebPage\",\"@id\":\"https:\/\/stacatarina.mx\/consejos\/llegan-a-gaza-los-primeros-alimentos-sin-gluten-para-celiacos-ha-comenzado-la-distribucion-para-salvar-a-1-300-ninos-y-pacientes-olvidados\/\",\"url\":\"https:\/\/stacatarina.mx\/consejos\/llegan-a-gaza-los-primeros-alimentos-sin-gluten-para-celiacos-ha-comenzado-la-distribucion-para-salvar-a-1-300-ninos-y-pacientes-olvidados\/\",\"name\":\"Llegan a Gaza los primeros alimentos sin gluten para cel\u00edacos: ha comenzado la distribuci\u00f3n para salvar a 1.300 ni\u00f1os y pacientes olvidados - Consejos - Santa Catarina\",\"isPartOf\":{\"@id\":\"https:\/\/stacatarina.mx\/consejos\/#website\"},\"primaryImageOfPage\":{\"@id\":\"https:\/\/stacatarina.mx\/consejos\/llegan-a-gaza-los-primeros-alimentos-sin-gluten-para-celiacos-ha-comenzado-la-distribucion-para-salvar-a-1-300-ninos-y-pacientes-olvidados\/#primaryimage\"},\"image\":{\"@id\":\"https:\/\/stacatarina.mx\/consejos\/llegan-a-gaza-los-primeros-alimentos-sin-gluten-para-celiacos-ha-comenzado-la-distribucion-para-salvar-a-1-300-ninos-y-pacientes-olvidados\/#primaryimage\"},\"thumbnailUrl\":\"https:\/\/stacatarina.mx\/consejos\/wp-content\/uploads\/2026\/04\/Llegan-a-Gaza-los-primeros-alimentos-sin-gluten-para-celiacos.jpg\",\"datePublished\":\"2026-04-28T17:53:28+00:00\",\"dateModified\":\"2026-04-28T17:53:33+00:00\",\"breadcrumb\":{\"@id\":\"https:\/\/stacatarina.mx\/consejos\/llegan-a-gaza-los-primeros-alimentos-sin-gluten-para-celiacos-ha-comenzado-la-distribucion-para-salvar-a-1-300-ninos-y-pacientes-olvidados\/#breadcrumb\"},\"inLanguage\":\"es\",\"potentialAction\":[{\"@type\":\"ReadAction\",\"target\":[\"https:\/\/stacatarina.mx\/consejos\/llegan-a-gaza-los-primeros-alimentos-sin-gluten-para-celiacos-ha-comenzado-la-distribucion-para-salvar-a-1-300-ninos-y-pacientes-olvidados\/\"]}]},{\"@type\":\"ImageObject\",\"inLanguage\":\"es\",\"@id\":\"https:\/\/stacatarina.mx\/consejos\/llegan-a-gaza-los-primeros-alimentos-sin-gluten-para-celiacos-ha-comenzado-la-distribucion-para-salvar-a-1-300-ninos-y-pacientes-olvidados\/#primaryimage\",\"url\":\"https:\/\/stacatarina.mx\/consejos\/wp-content\/uploads\/2026\/04\/Llegan-a-Gaza-los-primeros-alimentos-sin-gluten-para-celiacos.jpg\",\"contentUrl\":\"https:\/\/stacatarina.mx\/consejos\/wp-content\/uploads\/2026\/04\/Llegan-a-Gaza-los-primeros-alimentos-sin-gluten-para-celiacos.jpg\",\"width\":1500,\"height\":1000,\"caption\":\"Celiaci Gaza\"},{\"@type\":\"BreadcrumbList\",\"@id\":\"https:\/\/stacatarina.mx\/consejos\/llegan-a-gaza-los-primeros-alimentos-sin-gluten-para-celiacos-ha-comenzado-la-distribucion-para-salvar-a-1-300-ninos-y-pacientes-olvidados\/#breadcrumb\",\"itemListElement\":[{\"@type\":\"ListItem\",\"position\":1,\"name\":\"Inicio\",\"item\":\"https:\/\/stacatarina.mx\/consejos\/\"},{\"@type\":\"ListItem\",\"position\":2,\"name\":\"Llegan a Gaza los primeros alimentos sin gluten para cel\u00edacos: ha comenzado la distribuci\u00f3n para salvar a 1.300 ni\u00f1os y pacientes olvidados\"}]},{\"@type\":\"WebSite\",\"@id\":\"https:\/\/stacatarina.mx\/consejos\/#website\",\"url\":\"https:\/\/stacatarina.mx\/consejos\/\",\"name\":\"Santa Catarina\",\"description\":\"\",\"publisher\":{\"@id\":\"https:\/\/stacatarina.mx\/consejos\/#organization\"},\"potentialAction\":[{\"@type\":\"SearchAction\",\"target\":{\"@type\":\"EntryPoint\",\"urlTemplate\":\"https:\/\/stacatarina.mx\/consejos\/?s={search_term_string}\"},\"query-input\":{\"@type\":\"PropertyValueSpecification\",\"valueRequired\":true,\"valueName\":\"search_term_string\"}}],\"inLanguage\":\"es\"},{\"@type\":\"Organization\",\"@id\":\"https:\/\/stacatarina.mx\/consejos\/#organization\",\"name\":\"Santa Catarina\",\"url\":\"https:\/\/stacatarina.mx\/consejos\/\",\"logo\":{\"@type\":\"ImageObject\",\"inLanguage\":\"es\",\"@id\":\"https:\/\/stacatarina.mx\/consejos\/#\/schema\/logo\/image\/\",\"url\":\"https:\/\/stacatarina.mx\/consejos\/wp-content\/uploads\/2024\/09\/cropped-favicon-1-1.png\",\"contentUrl\":\"https:\/\/stacatarina.mx\/consejos\/wp-content\/uploads\/2024\/09\/cropped-favicon-1-1.png\",\"width\":512,\"height\":512,\"caption\":\"Santa Catarina\"},\"image\":{\"@id\":\"https:\/\/stacatarina.mx\/consejos\/#\/schema\/logo\/image\/\"},\"sameAs\":[\"https:\/\/www.facebook.com\/stacatarinagob\/\",\"https:\/\/x.com\/stacatarinagob\",\"https:\/\/www.instagram.com\/stacatarinagob\/\",\"https:\/\/www.youtube.com\/channel\/UCK-6cQJL_904665N1_nLTWw\"]},{\"@type\":\"Person\",\"@id\":\"https:\/\/stacatarina.mx\/consejos\/#\/schema\/person\/0be60adffa8e4c4d0828fdf021450e8a\",\"name\":\"Pedro Mart\u00ednez\",\"image\":{\"@type\":\"ImageObject\",\"inLanguage\":\"es\",\"@id\":\"https:\/\/stacatarina.mx\/consejos\/#\/schema\/person\/image\/\",\"url\":\"https:\/\/stacatarina.mx\/consejos\/wp-content\/uploads\/2024\/09\/stacatarina.jpg\",\"contentUrl\":\"https:\/\/stacatarina.mx\/consejos\/wp-content\/uploads\/2024\/09\/stacatarina.jpg\",\"caption\":\"Pedro Mart\u00ednez\"},\"description\":\"Hola, soy Pedro Mart\u00ednez, redactor jefe del sitio oficial del ayuntamiento de Santa Catarina, en M\u00e9xico. Con m\u00e1s de diez a\u00f1os de experiencia en el periodismo local, tengo una pasi\u00f3n por la investigaci\u00f3n y la difusi\u00f3n de informaci\u00f3n que valoriza nuestra hermosa comunidad. Mi compromiso es hacer de Santa Catarina una referencia en materia de transparencia y comunicaci\u00f3n municipal.\",\"sameAs\":[\"https:\/\/stacatarina.mx\/\"]}]}<\/script>\n<!-- \/ Yoast SEO plugin. -->","yoast_head_json":{"title":"Llegan a Gaza los primeros alimentos sin gluten para cel\u00edacos: ha comenzado la distribuci\u00f3n para salvar a 1.300 ni\u00f1os y pacientes olvidados - Consejos - Santa Catarina","robots":{"index":"index","follow":"follow","max-snippet":"max-snippet:-1","max-image-preview":"max-image-preview:large","max-video-preview":"max-video-preview:-1"},"canonical":"https:\/\/stacatarina.mx\/consejos\/llegan-a-gaza-los-primeros-alimentos-sin-gluten-para-celiacos-ha-comenzado-la-distribucion-para-salvar-a-1-300-ninos-y-pacientes-olvidados\/","og_locale":"es_MX","og_type":"article","og_title":"Llegan a Gaza los primeros alimentos sin gluten para cel\u00edacos: ha comenzado la distribuci\u00f3n para salvar a 1.300 ni\u00f1os y pacientes olvidados - Consejos - Santa Catarina","og_description":"Tras meses de espera, bloqueos log\u00edsticos y negociaciones humanitarias, ha conseguido llegar el primer suministro de alimentos sin gluten destinados a cel\u00edacos en la Franja","og_url":"https:\/\/stacatarina.mx\/consejos\/llegan-a-gaza-los-primeros-alimentos-sin-gluten-para-celiacos-ha-comenzado-la-distribucion-para-salvar-a-1-300-ninos-y-pacientes-olvidados\/","og_site_name":"Santa Catarina","article_publisher":"https:\/\/www.facebook.com\/stacatarinagob\/","article_published_time":"2026-04-28T17:53:28+00:00","article_modified_time":"2026-04-28T17:53:33+00:00","og_image":[{"width":1500,"height":1000,"url":"https:\/\/stacatarina.mx\/consejos\/wp-content\/uploads\/2026\/04\/Llegan-a-Gaza-los-primeros-alimentos-sin-gluten-para-celiacos.jpg","type":"image\/jpeg"}],"author":"Pedro Mart\u00ednez","twitter_card":"summary_large_image","twitter_creator":"@stacatarinagob","twitter_site":"@stacatarinagob","twitter_misc":{"Escrito por":"Pedro Mart\u00ednez","Tiempo de lectura":"3 minutos"},"schema":{"@context":"https:\/\/schema.org","@graph":[{"@type":"Article","@id":"https:\/\/stacatarina.mx\/consejos\/llegan-a-gaza-los-primeros-alimentos-sin-gluten-para-celiacos-ha-comenzado-la-distribucion-para-salvar-a-1-300-ninos-y-pacientes-olvidados\/#article","isPartOf":{"@id":"https:\/\/stacatarina.mx\/consejos\/llegan-a-gaza-los-primeros-alimentos-sin-gluten-para-celiacos-ha-comenzado-la-distribucion-para-salvar-a-1-300-ninos-y-pacientes-olvidados\/"},"author":{"name":"Pedro Mart\u00ednez","@id":"https:\/\/stacatarina.mx\/consejos\/#\/schema\/person\/0be60adffa8e4c4d0828fdf021450e8a"},"headline":"Llegan a Gaza los primeros alimentos sin gluten para cel\u00edacos: ha comenzado la distribuci\u00f3n para salvar a 1.300 ni\u00f1os y pacientes olvidados","datePublished":"2026-04-28T17:53:28+00:00","dateModified":"2026-04-28T17:53:33+00:00","mainEntityOfPage":{"@id":"https:\/\/stacatarina.mx\/consejos\/llegan-a-gaza-los-primeros-alimentos-sin-gluten-para-celiacos-ha-comenzado-la-distribucion-para-salvar-a-1-300-ninos-y-pacientes-olvidados\/"},"wordCount":532,"publisher":{"@id":"https:\/\/stacatarina.mx\/consejos\/#organization"},"image":{"@id":"https:\/\/stacatarina.mx\/consejos\/llegan-a-gaza-los-primeros-alimentos-sin-gluten-para-celiacos-ha-comenzado-la-distribucion-para-salvar-a-1-300-ninos-y-pacientes-olvidados\/#primaryimage"},"thumbnailUrl":"https:\/\/stacatarina.mx\/consejos\/wp-content\/uploads\/2026\/04\/Llegan-a-Gaza-los-primeros-alimentos-sin-gluten-para-celiacos.jpg","keywords":["alimentos","cel\u00edacos","comenzado","distribuci\u00f3n","Gaza","gluten","llegan","los","ni\u00f1os","olvidados","pacientes","para","primeros","salvar","sin"],"articleSection":["Salud"],"inLanguage":"es"},{"@type":"WebPage","@id":"https:\/\/stacatarina.mx\/consejos\/llegan-a-gaza-los-primeros-alimentos-sin-gluten-para-celiacos-ha-comenzado-la-distribucion-para-salvar-a-1-300-ninos-y-pacientes-olvidados\/","url":"https:\/\/stacatarina.mx\/consejos\/llegan-a-gaza-los-primeros-alimentos-sin-gluten-para-celiacos-ha-comenzado-la-distribucion-para-salvar-a-1-300-ninos-y-pacientes-olvidados\/","name":"Llegan a Gaza los primeros alimentos sin gluten para cel\u00edacos: ha comenzado la distribuci\u00f3n para salvar a 1.300 ni\u00f1os y pacientes olvidados - Consejos - Santa Catarina","isPartOf":{"@id":"https:\/\/stacatarina.mx\/consejos\/#website"},"primaryImageOfPage":{"@id":"https:\/\/stacatarina.mx\/consejos\/llegan-a-gaza-los-primeros-alimentos-sin-gluten-para-celiacos-ha-comenzado-la-distribucion-para-salvar-a-1-300-ninos-y-pacientes-olvidados\/#primaryimage"},"image":{"@id":"https:\/\/stacatarina.mx\/consejos\/llegan-a-gaza-los-primeros-alimentos-sin-gluten-para-celiacos-ha-comenzado-la-distribucion-para-salvar-a-1-300-ninos-y-pacientes-olvidados\/#primaryimage"},"thumbnailUrl":"https:\/\/stacatarina.mx\/consejos\/wp-content\/uploads\/2026\/04\/Llegan-a-Gaza-los-primeros-alimentos-sin-gluten-para-celiacos.jpg","datePublished":"2026-04-28T17:53:28+00:00","dateModified":"2026-04-28T17:53:33+00:00","breadcrumb":{"@id":"https:\/\/stacatarina.mx\/consejos\/llegan-a-gaza-los-primeros-alimentos-sin-gluten-para-celiacos-ha-comenzado-la-distribucion-para-salvar-a-1-300-ninos-y-pacientes-olvidados\/#breadcrumb"},"inLanguage":"es","potentialAction":[{"@type":"ReadAction","target":["https:\/\/stacatarina.mx\/consejos\/llegan-a-gaza-los-primeros-alimentos-sin-gluten-para-celiacos-ha-comenzado-la-distribucion-para-salvar-a-1-300-ninos-y-pacientes-olvidados\/"]}]},{"@type":"ImageObject","inLanguage":"es","@id":"https:\/\/stacatarina.mx\/consejos\/llegan-a-gaza-los-primeros-alimentos-sin-gluten-para-celiacos-ha-comenzado-la-distribucion-para-salvar-a-1-300-ninos-y-pacientes-olvidados\/#primaryimage","url":"https:\/\/stacatarina.mx\/consejos\/wp-content\/uploads\/2026\/04\/Llegan-a-Gaza-los-primeros-alimentos-sin-gluten-para-celiacos.jpg","contentUrl":"https:\/\/stacatarina.mx\/consejos\/wp-content\/uploads\/2026\/04\/Llegan-a-Gaza-los-primeros-alimentos-sin-gluten-para-celiacos.jpg","width":1500,"height":1000,"caption":"Celiaci Gaza"},{"@type":"BreadcrumbList","@id":"https:\/\/stacatarina.mx\/consejos\/llegan-a-gaza-los-primeros-alimentos-sin-gluten-para-celiacos-ha-comenzado-la-distribucion-para-salvar-a-1-300-ninos-y-pacientes-olvidados\/#breadcrumb","itemListElement":[{"@type":"ListItem","position":1,"name":"Inicio","item":"https:\/\/stacatarina.mx\/consejos\/"},{"@type":"ListItem","position":2,"name":"Llegan a Gaza los primeros alimentos sin gluten para cel\u00edacos: ha comenzado la distribuci\u00f3n para salvar a 1.300 ni\u00f1os y pacientes olvidados"}]},{"@type":"WebSite","@id":"https:\/\/stacatarina.mx\/consejos\/#website","url":"https:\/\/stacatarina.mx\/consejos\/","name":"Santa Catarina","description":"","publisher":{"@id":"https:\/\/stacatarina.mx\/consejos\/#organization"},"potentialAction":[{"@type":"SearchAction","target":{"@type":"EntryPoint","urlTemplate":"https:\/\/stacatarina.mx\/consejos\/?s={search_term_string}"},"query-input":{"@type":"PropertyValueSpecification","valueRequired":true,"valueName":"search_term_string"}}],"inLanguage":"es"},{"@type":"Organization","@id":"https:\/\/stacatarina.mx\/consejos\/#organization","name":"Santa Catarina","url":"https:\/\/stacatarina.mx\/consejos\/","logo":{"@type":"ImageObject","inLanguage":"es","@id":"https:\/\/stacatarina.mx\/consejos\/#\/schema\/logo\/image\/","url":"https:\/\/stacatarina.mx\/consejos\/wp-content\/uploads\/2024\/09\/cropped-favicon-1-1.png","contentUrl":"https:\/\/stacatarina.mx\/consejos\/wp-content\/uploads\/2024\/09\/cropped-favicon-1-1.png","width":512,"height":512,"caption":"Santa Catarina"},"image":{"@id":"https:\/\/stacatarina.mx\/consejos\/#\/schema\/logo\/image\/"},"sameAs":["https:\/\/www.facebook.com\/stacatarinagob\/","https:\/\/x.com\/stacatarinagob","https:\/\/www.instagram.com\/stacatarinagob\/","https:\/\/www.youtube.com\/channel\/UCK-6cQJL_904665N1_nLTWw"]},{"@type":"Person","@id":"https:\/\/stacatarina.mx\/consejos\/#\/schema\/person\/0be60adffa8e4c4d0828fdf021450e8a","name":"Pedro Mart\u00ednez","image":{"@type":"ImageObject","inLanguage":"es","@id":"https:\/\/stacatarina.mx\/consejos\/#\/schema\/person\/image\/","url":"https:\/\/stacatarina.mx\/consejos\/wp-content\/uploads\/2024\/09\/stacatarina.jpg","contentUrl":"https:\/\/stacatarina.mx\/consejos\/wp-content\/uploads\/2024\/09\/stacatarina.jpg","caption":"Pedro Mart\u00ednez"},"description":"Hola, soy Pedro Mart\u00ednez, redactor jefe del sitio oficial del ayuntamiento de Santa Catarina, en M\u00e9xico. Con m\u00e1s de diez a\u00f1os de experiencia en el periodismo local, tengo una pasi\u00f3n por la investigaci\u00f3n y la difusi\u00f3n de informaci\u00f3n que valoriza nuestra hermosa comunidad. Mi compromiso es hacer de Santa Catarina una referencia en materia de transparencia y comunicaci\u00f3n municipal.","sameAs":["https:\/\/stacatarina.mx\/"]}]}},"_links":{"self":[{"href":"https:\/\/stacatarina.mx\/consejos\/wp-json\/wp\/v2\/posts\/8965"}],"collection":[{"href":"https:\/\/stacatarina.mx\/consejos\/wp-json\/wp\/v2\/posts"}],"about":[{"href":"https:\/\/stacatarina.mx\/consejos\/wp-json\/wp\/v2\/types\/post"}],"author":[{"embeddable":true,"href":"https:\/\/stacatarina.mx\/consejos\/wp-json\/wp\/v2\/users\/1"}],"replies":[{"embeddable":true,"href":"https:\/\/stacatarina.mx\/consejos\/wp-json\/wp\/v2\/comments?post=8965"}],"version-history":[{"count":1,"href":"https:\/\/stacatarina.mx\/consejos\/wp-json\/wp\/v2\/posts\/8965\/revisions"}],"predecessor-version":[{"id":8967,"href":"https:\/\/stacatarina.mx\/consejos\/wp-json\/wp\/v2\/posts\/8965\/revisions\/8967"}],"wp:featuredmedia":[{"embeddable":true,"href":"https:\/\/stacatarina.mx\/consejos\/wp-json\/wp\/v2\/media\/8966"}],"wp:attachment":[{"href":"https:\/\/stacatarina.mx\/consejos\/wp-json\/wp\/v2\/media?parent=8965"}],"wp:term":[{"taxonomy":"category","embeddable":true,"href":"https:\/\/stacatarina.mx\/consejos\/wp-json\/wp\/v2\/categories?post=8965"},{"taxonomy":"post_tag","embeddable":true,"href":"https:\/\/stacatarina.mx\/consejos\/wp-json\/wp\/v2\/tags?post=8965"}],"curies":[{"name":"wp","href":"https:\/\/api.w.org\/{rel}","templated":true}]}}