{"id":8968,"date":"2026-04-28T14:52:30","date_gmt":"2026-04-28T20:52:30","guid":{"rendered":"https:\/\/stacatarina.mx\/consejos\/dawn-chorus-se-agoto-cuando-los-pajaros-cantores-chocaron\/"},"modified":"2026-04-28T14:52:31","modified_gmt":"2026-04-28T20:52:31","slug":"dawn-chorus-se-agoto-cuando-los-pajaros-cantores-chocaron","status":"publish","type":"post","link":"https:\/\/stacatarina.mx\/consejos\/dawn-chorus-se-agoto-cuando-los-pajaros-cantores-chocaron\/","title":{"rendered":"Dawn Chorus se agot\u00f3 cuando los p\u00e1jaros cantores chocaron"},"content":{"rendered":"<div class=\"entry-content\">\n<p><strong>Cada a\u00f1o, los amantes de las aves en todo el Reino Unido celebran el D\u00eda Internacional del Coro del Amanecer el 3 de mayo. Este es un momento para disfrutar de la esencia misma de la primavera a trav\u00e9s del canto de los p\u00e1jaros temprano en la ma\u00f1ana.<\/strong><\/p>\n<p><strong>Sin embargo, no todo es lo que parece y el notable concierto anual de la naturaleza es hoy un evento muy disminuido, ya que muchas de nuestras aves favoritas contin\u00faan disminuyendo en n\u00fameros devastadores, como se revela en un informe reciente. <\/strong><\/p>\n<p>Dondequiera que vivamos, ya sea en paisajes rurales o urbanos, el sonido del canto de los p\u00e1jaros es una caracter\u00edstica definitoria de la temporada de primavera. Sin embargo, este paisaje sonoro mel\u00f3dico se ha convertido en una sombra auditiva de lo que era antes. Cualquiera que sea su edad, es casi seguro que cada generaci\u00f3n anterior a la suya experiment\u00f3 un Dawn Chorus m\u00e1s fuerte, m\u00e1s pleno y m\u00e1s resonante. <\/p>\n<p>Las investigaciones contin\u00faan mostrando que las poblaciones de muchos de nuestros cantantes m\u00e1s conocidos est\u00e1n en una tendencia a la baja y, a pesar de ocasionales destellos de esperanza, la historia es de continuo declive.<\/p>\n<p>El informe Breeding Bird Survey (BBS) publicado recientemente es el principal esquema para monitorear los cambios poblacionales en las aves reproductoras m\u00e1s comunes y extendidas del Reino Unido y una vez m\u00e1s sus p\u00e1ginas revelan algunos hallazgos sombr\u00edos. BBS produce tendencias poblacionales para 119 especies de aves y nueve especies de mam\u00edferos. El estudio anual, financiado y combinado con la experiencia del British Trust for Ornithology (BTO), RSPB y JNCC, y el aporte dedicado de casi 3.000 voluntarios, proporciona la evaluaci\u00f3n anual m\u00e1s detallada de la vida silvestre del Reino Unido.<\/p>\n<p>Uno de los cantantes m\u00e1s conocidos del coro de aves, Chaffinch, ha experimentado graves descensos en todo el Reino Unido del 36 % entre 1995 y 2024, y del 48 % en Inglaterra en ese mismo per\u00edodo. La tricomonosis, una enfermedad virulenta que ha afectado al verder\u00f3n (un 68 % menos entre 2008 y 2018) y a la t\u00f3rtola de collar (un descenso de m\u00e1s del 40 % desde 2005), tambi\u00e9n se considera el principal impulsor de la disminuci\u00f3n del pinz\u00f3n. <\/p>\n<p>Mientras tanto, el cambio clim\u00e1tico parece estar afectando gravemente a varias especies, como Willow Warbler, cuya encantadora canci\u00f3n pr\u00e1cticamente ha desaparecido del Dawn Chorus en algunas partes del Reino Unido. Mientras que las poblaciones est\u00e1n creciendo en el norte de Gran Breta\u00f1a e Irlanda del Norte, esta especie est\u00e1 en grave declive en Inglaterra, un 47% menos entre 1995 y 2024. Mirando m\u00e1s de cerca, en el este, sureste y suroeste de Inglaterra, este encantador visitante de verano ha disminuido en un asombroso 89%, 88% y 68%, respectivamente.<\/p>\n<p>De manera similar, aunque los zorzales comunes contin\u00faan recuper\u00e1ndose de ca\u00eddas demogr\u00e1ficas anteriores en las regiones del norte, no ha habido cambios en el suroeste y sureste de Inglaterra, mientras que en Londres ha habido una disminuci\u00f3n continua del 47% desde 1995. <\/p>\n<p>Su primo mayor, el Mistle Thrush, ha disminuido en casi todas partes. Es un 40% menos en todo el Reino Unido, y el mayor descenso regional relativo se produce en Londres (un 81% menos, pero tambi\u00e9n en el sureste (-62%) y el este de Inglaterra (-72%).<\/p>\n<p>Los cantores de los bosques, como la reinita torcaz, el papamoscas manchado y el papamoscas cerrojillo, se encuentran entre las especies de m\u00e1s r\u00e1pido descenso en el Reino Unido, con descensos del 82%, 61% y 52%, respectivamente. El p\u00e1jaro cantor que sufre la mayor disminuci\u00f3n en todo el Reino Unido es el herrerillo com\u00fan, con una ca\u00edda del 92 % desde 1995.<\/p>\n<p>Incluso el humilde gorri\u00f3n com\u00fan, cuyo canto resonante es un componente clave en cualquier Coro del Amanecer urbano, contin\u00faa desapareciendo de nuestros tejados. Tras descensos masivos en las d\u00e9cadas de 1970 y 1980, el nivel de poblaci\u00f3n en 2025 fue el m\u00e1s bajo jam\u00e1s registrado desde que comenz\u00f3 el seguimiento.<\/p>\n<p>En una nota m\u00e1s positiva, es alentador ver que cuando se implementan esfuerzos de conservaci\u00f3n a gran escala, puede haber mejoras tangibles. La creaci\u00f3n y restauraci\u00f3n de humedales, por ejemplo, ha contribuido a un aumento del 51% en la reinita torcaz desde 1995.<\/p>\n<p><strong>La profesora Juliet Vickery, directora ejecutiva de BTO, dice:<\/strong> &#8220;A pesar de d\u00e9cadas de esfuerzos para revertir algunos de los graves desaf\u00edos que enfrentan muchas de las aves del Reino Unido, todav\u00eda somos testigos de disminuciones catastr\u00f3ficas en muchos de nuestros paisajes. Y esto es importante porque estos cantores son indicadores importantes de la salud de nuestro mundo natural, un mundo natural del que todos dependemos&#8221;. <\/p>\n<p><strong>El Dr. James Heywood, organizador nacional de BBS, dijo:<\/strong> &#8220;El Dawn Chorus sigue siendo un punto destacado en el calendario de la naturaleza, y animar\u00eda a todos a salir y disfrutarlo. Sin embargo, lo que BBS muestra es que el futuro de esta extraordinaria sinfon\u00eda gratuita corre el riesgo de convertirse en poco m\u00e1s que un susurro si no actuamos para revertir estos preocupantes descensos&#8221;. <\/p>\n<hr class=\"wp-block-separator has-alpha-channel-opacity\">\n<p><em>Cr\u00e9dito de la foto: Papamoscas cerrojillo, Edmund Fellowes, BTO.<\/em><\/p>\n<\/p><\/div>\n","protected":false},"excerpt":{"rendered":"<p>Cada a\u00f1o, los amantes de las aves en todo el Reino Unido celebran el D\u00eda Internacional del Coro del Amanecer el 3 de mayo. Este<\/p>\n","protected":false},"author":1,"featured_media":8969,"comment_status":"closed","ping_status":"","sticky":false,"template":"","format":"standard","meta":{"footnotes":""},"categories":[68],"tags":[8615,7963,8616,8614,568,8613,62,2505],"class_list":["post-8968","post","type-post","status-publish","format-standard","has-post-thumbnail","hentry","category-fauna-y-flora","tag-agoto","tag-cantores","tag-chocaron","tag-chorus","tag-cuando","tag-dawn","tag-los","tag-pajaros","generate-columns","tablet-grid-50","mobile-grid-100","grid-parent","grid-50"],"yoast_head":"<!-- This site is optimized with the Yoast SEO plugin v23.4 - https:\/\/yoast.com\/wordpress\/plugins\/seo\/ -->\n<title>Dawn Chorus se agot\u00f3 cuando los p\u00e1jaros cantores chocaron - Consejos - Santa Catarina<\/title>\n<meta name=\"robots\" content=\"index, follow, max-snippet:-1, max-image-preview:large, max-video-preview:-1\" \/>\n<link rel=\"canonical\" href=\"https:\/\/stacatarina.mx\/consejos\/dawn-chorus-se-agoto-cuando-los-pajaros-cantores-chocaron\/\" \/>\n<meta property=\"og:locale\" content=\"es_MX\" \/>\n<meta property=\"og:type\" content=\"article\" \/>\n<meta property=\"og:title\" content=\"Dawn Chorus se agot\u00f3 cuando los p\u00e1jaros cantores chocaron - Consejos - Santa Catarina\" \/>\n<meta property=\"og:description\" content=\"Cada a\u00f1o, los amantes de las aves en todo el Reino Unido celebran el D\u00eda Internacional del Coro del Amanecer el 3 de mayo. Este\" \/>\n<meta property=\"og:url\" content=\"https:\/\/stacatarina.mx\/consejos\/dawn-chorus-se-agoto-cuando-los-pajaros-cantores-chocaron\/\" \/>\n<meta property=\"og:site_name\" content=\"Santa Catarina\" \/>\n<meta property=\"article:publisher\" content=\"https:\/\/www.facebook.com\/stacatarinagob\/\" \/>\n<meta property=\"article:published_time\" content=\"2026-04-28T20:52:30+00:00\" \/>\n<meta property=\"article:modified_time\" content=\"2026-04-28T20:52:31+00:00\" \/>\n<meta property=\"og:image\" content=\"https:\/\/stacatarina.mx\/consejos\/wp-content\/uploads\/2026\/04\/Dawn-Chorus-se-agoto-cuando-los-pajaros-cantores-chocaron.jpg\" \/>\n\t<meta property=\"og:image:width\" content=\"900\" \/>\n\t<meta property=\"og:image:height\" content=\"600\" \/>\n\t<meta property=\"og:image:type\" content=\"image\/jpeg\" \/>\n<meta name=\"author\" content=\"Pedro Mart\u00ednez\" \/>\n<meta name=\"twitter:card\" content=\"summary_large_image\" \/>\n<meta name=\"twitter:creator\" content=\"@stacatarinagob\" \/>\n<meta name=\"twitter:site\" content=\"@stacatarinagob\" \/>\n<meta name=\"twitter:label1\" content=\"Escrito por\" \/>\n\t<meta name=\"twitter:data1\" content=\"Pedro Mart\u00ednez\" \/>\n\t<meta name=\"twitter:label2\" content=\"Tiempo de lectura\" \/>\n\t<meta name=\"twitter:data2\" content=\"4 minutos\" \/>\n<script type=\"application\/ld+json\" class=\"yoast-schema-graph\">{\"@context\":\"https:\/\/schema.org\",\"@graph\":[{\"@type\":\"Article\",\"@id\":\"https:\/\/stacatarina.mx\/consejos\/dawn-chorus-se-agoto-cuando-los-pajaros-cantores-chocaron\/#article\",\"isPartOf\":{\"@id\":\"https:\/\/stacatarina.mx\/consejos\/dawn-chorus-se-agoto-cuando-los-pajaros-cantores-chocaron\/\"},\"author\":{\"name\":\"Pedro Mart\u00ednez\",\"@id\":\"https:\/\/stacatarina.mx\/consejos\/#\/schema\/person\/0be60adffa8e4c4d0828fdf021450e8a\"},\"headline\":\"Dawn Chorus se agot\u00f3 cuando los p\u00e1jaros cantores chocaron\",\"datePublished\":\"2026-04-28T20:52:30+00:00\",\"dateModified\":\"2026-04-28T20:52:31+00:00\",\"mainEntityOfPage\":{\"@id\":\"https:\/\/stacatarina.mx\/consejos\/dawn-chorus-se-agoto-cuando-los-pajaros-cantores-chocaron\/\"},\"wordCount\":879,\"publisher\":{\"@id\":\"https:\/\/stacatarina.mx\/consejos\/#organization\"},\"image\":{\"@id\":\"https:\/\/stacatarina.mx\/consejos\/dawn-chorus-se-agoto-cuando-los-pajaros-cantores-chocaron\/#primaryimage\"},\"thumbnailUrl\":\"https:\/\/stacatarina.mx\/consejos\/wp-content\/uploads\/2026\/04\/Dawn-Chorus-se-agoto-cuando-los-pajaros-cantores-chocaron.jpg\",\"keywords\":[\"agot\u00f3\",\"cantores\",\"chocaron\",\"Chorus\",\"cuando\",\"Dawn\",\"los\",\"p\u00e1jaros\"],\"articleSection\":[\"Fauna y Flora\"],\"inLanguage\":\"es\"},{\"@type\":\"WebPage\",\"@id\":\"https:\/\/stacatarina.mx\/consejos\/dawn-chorus-se-agoto-cuando-los-pajaros-cantores-chocaron\/\",\"url\":\"https:\/\/stacatarina.mx\/consejos\/dawn-chorus-se-agoto-cuando-los-pajaros-cantores-chocaron\/\",\"name\":\"Dawn Chorus se agot\u00f3 cuando los p\u00e1jaros cantores chocaron - Consejos - Santa Catarina\",\"isPartOf\":{\"@id\":\"https:\/\/stacatarina.mx\/consejos\/#website\"},\"primaryImageOfPage\":{\"@id\":\"https:\/\/stacatarina.mx\/consejos\/dawn-chorus-se-agoto-cuando-los-pajaros-cantores-chocaron\/#primaryimage\"},\"image\":{\"@id\":\"https:\/\/stacatarina.mx\/consejos\/dawn-chorus-se-agoto-cuando-los-pajaros-cantores-chocaron\/#primaryimage\"},\"thumbnailUrl\":\"https:\/\/stacatarina.mx\/consejos\/wp-content\/uploads\/2026\/04\/Dawn-Chorus-se-agoto-cuando-los-pajaros-cantores-chocaron.jpg\",\"datePublished\":\"2026-04-28T20:52:30+00:00\",\"dateModified\":\"2026-04-28T20:52:31+00:00\",\"breadcrumb\":{\"@id\":\"https:\/\/stacatarina.mx\/consejos\/dawn-chorus-se-agoto-cuando-los-pajaros-cantores-chocaron\/#breadcrumb\"},\"inLanguage\":\"es\",\"potentialAction\":[{\"@type\":\"ReadAction\",\"target\":[\"https:\/\/stacatarina.mx\/consejos\/dawn-chorus-se-agoto-cuando-los-pajaros-cantores-chocaron\/\"]}]},{\"@type\":\"ImageObject\",\"inLanguage\":\"es\",\"@id\":\"https:\/\/stacatarina.mx\/consejos\/dawn-chorus-se-agoto-cuando-los-pajaros-cantores-chocaron\/#primaryimage\",\"url\":\"https:\/\/stacatarina.mx\/consejos\/wp-content\/uploads\/2026\/04\/Dawn-Chorus-se-agoto-cuando-los-pajaros-cantores-chocaron.jpg\",\"contentUrl\":\"https:\/\/stacatarina.mx\/consejos\/wp-content\/uploads\/2026\/04\/Dawn-Chorus-se-agoto-cuando-los-pajaros-cantores-chocaron.jpg\",\"width\":900,\"height\":600,\"caption\":\"Dawn Chorus depleted as songbirds crash\"},{\"@type\":\"BreadcrumbList\",\"@id\":\"https:\/\/stacatarina.mx\/consejos\/dawn-chorus-se-agoto-cuando-los-pajaros-cantores-chocaron\/#breadcrumb\",\"itemListElement\":[{\"@type\":\"ListItem\",\"position\":1,\"name\":\"Inicio\",\"item\":\"https:\/\/stacatarina.mx\/consejos\/\"},{\"@type\":\"ListItem\",\"position\":2,\"name\":\"Dawn Chorus se agot\u00f3 cuando los p\u00e1jaros cantores chocaron\"}]},{\"@type\":\"WebSite\",\"@id\":\"https:\/\/stacatarina.mx\/consejos\/#website\",\"url\":\"https:\/\/stacatarina.mx\/consejos\/\",\"name\":\"Santa Catarina\",\"description\":\"\",\"publisher\":{\"@id\":\"https:\/\/stacatarina.mx\/consejos\/#organization\"},\"potentialAction\":[{\"@type\":\"SearchAction\",\"target\":{\"@type\":\"EntryPoint\",\"urlTemplate\":\"https:\/\/stacatarina.mx\/consejos\/?s={search_term_string}\"},\"query-input\":{\"@type\":\"PropertyValueSpecification\",\"valueRequired\":true,\"valueName\":\"search_term_string\"}}],\"inLanguage\":\"es\"},{\"@type\":\"Organization\",\"@id\":\"https:\/\/stacatarina.mx\/consejos\/#organization\",\"name\":\"Santa Catarina\",\"url\":\"https:\/\/stacatarina.mx\/consejos\/\",\"logo\":{\"@type\":\"ImageObject\",\"inLanguage\":\"es\",\"@id\":\"https:\/\/stacatarina.mx\/consejos\/#\/schema\/logo\/image\/\",\"url\":\"https:\/\/stacatarina.mx\/consejos\/wp-content\/uploads\/2024\/09\/cropped-favicon-1-1.png\",\"contentUrl\":\"https:\/\/stacatarina.mx\/consejos\/wp-content\/uploads\/2024\/09\/cropped-favicon-1-1.png\",\"width\":512,\"height\":512,\"caption\":\"Santa Catarina\"},\"image\":{\"@id\":\"https:\/\/stacatarina.mx\/consejos\/#\/schema\/logo\/image\/\"},\"sameAs\":[\"https:\/\/www.facebook.com\/stacatarinagob\/\",\"https:\/\/x.com\/stacatarinagob\",\"https:\/\/www.instagram.com\/stacatarinagob\/\",\"https:\/\/www.youtube.com\/channel\/UCK-6cQJL_904665N1_nLTWw\"]},{\"@type\":\"Person\",\"@id\":\"https:\/\/stacatarina.mx\/consejos\/#\/schema\/person\/0be60adffa8e4c4d0828fdf021450e8a\",\"name\":\"Pedro Mart\u00ednez\",\"image\":{\"@type\":\"ImageObject\",\"inLanguage\":\"es\",\"@id\":\"https:\/\/stacatarina.mx\/consejos\/#\/schema\/person\/image\/\",\"url\":\"https:\/\/stacatarina.mx\/consejos\/wp-content\/uploads\/2024\/09\/stacatarina.jpg\",\"contentUrl\":\"https:\/\/stacatarina.mx\/consejos\/wp-content\/uploads\/2024\/09\/stacatarina.jpg\",\"caption\":\"Pedro Mart\u00ednez\"},\"description\":\"Hola, soy Pedro Mart\u00ednez, redactor jefe del sitio oficial del ayuntamiento de Santa Catarina, en M\u00e9xico. Con m\u00e1s de diez a\u00f1os de experiencia en el periodismo local, tengo una pasi\u00f3n por la investigaci\u00f3n y la difusi\u00f3n de informaci\u00f3n que valoriza nuestra hermosa comunidad. Mi compromiso es hacer de Santa Catarina una referencia en materia de transparencia y comunicaci\u00f3n municipal.\",\"sameAs\":[\"https:\/\/stacatarina.mx\/\"]}]}<\/script>\n<!-- \/ Yoast SEO plugin. -->","yoast_head_json":{"title":"Dawn Chorus se agot\u00f3 cuando los p\u00e1jaros cantores chocaron - Consejos - Santa Catarina","robots":{"index":"index","follow":"follow","max-snippet":"max-snippet:-1","max-image-preview":"max-image-preview:large","max-video-preview":"max-video-preview:-1"},"canonical":"https:\/\/stacatarina.mx\/consejos\/dawn-chorus-se-agoto-cuando-los-pajaros-cantores-chocaron\/","og_locale":"es_MX","og_type":"article","og_title":"Dawn Chorus se agot\u00f3 cuando los p\u00e1jaros cantores chocaron - Consejos - Santa Catarina","og_description":"Cada a\u00f1o, los amantes de las aves en todo el Reino Unido celebran el D\u00eda Internacional del Coro del Amanecer el 3 de mayo. Este","og_url":"https:\/\/stacatarina.mx\/consejos\/dawn-chorus-se-agoto-cuando-los-pajaros-cantores-chocaron\/","og_site_name":"Santa Catarina","article_publisher":"https:\/\/www.facebook.com\/stacatarinagob\/","article_published_time":"2026-04-28T20:52:30+00:00","article_modified_time":"2026-04-28T20:52:31+00:00","og_image":[{"width":900,"height":600,"url":"https:\/\/stacatarina.mx\/consejos\/wp-content\/uploads\/2026\/04\/Dawn-Chorus-se-agoto-cuando-los-pajaros-cantores-chocaron.jpg","type":"image\/jpeg"}],"author":"Pedro Mart\u00ednez","twitter_card":"summary_large_image","twitter_creator":"@stacatarinagob","twitter_site":"@stacatarinagob","twitter_misc":{"Escrito por":"Pedro Mart\u00ednez","Tiempo de lectura":"4 minutos"},"schema":{"@context":"https:\/\/schema.org","@graph":[{"@type":"Article","@id":"https:\/\/stacatarina.mx\/consejos\/dawn-chorus-se-agoto-cuando-los-pajaros-cantores-chocaron\/#article","isPartOf":{"@id":"https:\/\/stacatarina.mx\/consejos\/dawn-chorus-se-agoto-cuando-los-pajaros-cantores-chocaron\/"},"author":{"name":"Pedro Mart\u00ednez","@id":"https:\/\/stacatarina.mx\/consejos\/#\/schema\/person\/0be60adffa8e4c4d0828fdf021450e8a"},"headline":"Dawn Chorus se agot\u00f3 cuando los p\u00e1jaros cantores chocaron","datePublished":"2026-04-28T20:52:30+00:00","dateModified":"2026-04-28T20:52:31+00:00","mainEntityOfPage":{"@id":"https:\/\/stacatarina.mx\/consejos\/dawn-chorus-se-agoto-cuando-los-pajaros-cantores-chocaron\/"},"wordCount":879,"publisher":{"@id":"https:\/\/stacatarina.mx\/consejos\/#organization"},"image":{"@id":"https:\/\/stacatarina.mx\/consejos\/dawn-chorus-se-agoto-cuando-los-pajaros-cantores-chocaron\/#primaryimage"},"thumbnailUrl":"https:\/\/stacatarina.mx\/consejos\/wp-content\/uploads\/2026\/04\/Dawn-Chorus-se-agoto-cuando-los-pajaros-cantores-chocaron.jpg","keywords":["agot\u00f3","cantores","chocaron","Chorus","cuando","Dawn","los","p\u00e1jaros"],"articleSection":["Fauna y Flora"],"inLanguage":"es"},{"@type":"WebPage","@id":"https:\/\/stacatarina.mx\/consejos\/dawn-chorus-se-agoto-cuando-los-pajaros-cantores-chocaron\/","url":"https:\/\/stacatarina.mx\/consejos\/dawn-chorus-se-agoto-cuando-los-pajaros-cantores-chocaron\/","name":"Dawn Chorus se agot\u00f3 cuando los p\u00e1jaros cantores chocaron - Consejos - Santa Catarina","isPartOf":{"@id":"https:\/\/stacatarina.mx\/consejos\/#website"},"primaryImageOfPage":{"@id":"https:\/\/stacatarina.mx\/consejos\/dawn-chorus-se-agoto-cuando-los-pajaros-cantores-chocaron\/#primaryimage"},"image":{"@id":"https:\/\/stacatarina.mx\/consejos\/dawn-chorus-se-agoto-cuando-los-pajaros-cantores-chocaron\/#primaryimage"},"thumbnailUrl":"https:\/\/stacatarina.mx\/consejos\/wp-content\/uploads\/2026\/04\/Dawn-Chorus-se-agoto-cuando-los-pajaros-cantores-chocaron.jpg","datePublished":"2026-04-28T20:52:30+00:00","dateModified":"2026-04-28T20:52:31+00:00","breadcrumb":{"@id":"https:\/\/stacatarina.mx\/consejos\/dawn-chorus-se-agoto-cuando-los-pajaros-cantores-chocaron\/#breadcrumb"},"inLanguage":"es","potentialAction":[{"@type":"ReadAction","target":["https:\/\/stacatarina.mx\/consejos\/dawn-chorus-se-agoto-cuando-los-pajaros-cantores-chocaron\/"]}]},{"@type":"ImageObject","inLanguage":"es","@id":"https:\/\/stacatarina.mx\/consejos\/dawn-chorus-se-agoto-cuando-los-pajaros-cantores-chocaron\/#primaryimage","url":"https:\/\/stacatarina.mx\/consejos\/wp-content\/uploads\/2026\/04\/Dawn-Chorus-se-agoto-cuando-los-pajaros-cantores-chocaron.jpg","contentUrl":"https:\/\/stacatarina.mx\/consejos\/wp-content\/uploads\/2026\/04\/Dawn-Chorus-se-agoto-cuando-los-pajaros-cantores-chocaron.jpg","width":900,"height":600,"caption":"Dawn Chorus depleted as songbirds crash"},{"@type":"BreadcrumbList","@id":"https:\/\/stacatarina.mx\/consejos\/dawn-chorus-se-agoto-cuando-los-pajaros-cantores-chocaron\/#breadcrumb","itemListElement":[{"@type":"ListItem","position":1,"name":"Inicio","item":"https:\/\/stacatarina.mx\/consejos\/"},{"@type":"ListItem","position":2,"name":"Dawn Chorus se agot\u00f3 cuando los p\u00e1jaros cantores chocaron"}]},{"@type":"WebSite","@id":"https:\/\/stacatarina.mx\/consejos\/#website","url":"https:\/\/stacatarina.mx\/consejos\/","name":"Santa Catarina","description":"","publisher":{"@id":"https:\/\/stacatarina.mx\/consejos\/#organization"},"potentialAction":[{"@type":"SearchAction","target":{"@type":"EntryPoint","urlTemplate":"https:\/\/stacatarina.mx\/consejos\/?s={search_term_string}"},"query-input":{"@type":"PropertyValueSpecification","valueRequired":true,"valueName":"search_term_string"}}],"inLanguage":"es"},{"@type":"Organization","@id":"https:\/\/stacatarina.mx\/consejos\/#organization","name":"Santa Catarina","url":"https:\/\/stacatarina.mx\/consejos\/","logo":{"@type":"ImageObject","inLanguage":"es","@id":"https:\/\/stacatarina.mx\/consejos\/#\/schema\/logo\/image\/","url":"https:\/\/stacatarina.mx\/consejos\/wp-content\/uploads\/2024\/09\/cropped-favicon-1-1.png","contentUrl":"https:\/\/stacatarina.mx\/consejos\/wp-content\/uploads\/2024\/09\/cropped-favicon-1-1.png","width":512,"height":512,"caption":"Santa Catarina"},"image":{"@id":"https:\/\/stacatarina.mx\/consejos\/#\/schema\/logo\/image\/"},"sameAs":["https:\/\/www.facebook.com\/stacatarinagob\/","https:\/\/x.com\/stacatarinagob","https:\/\/www.instagram.com\/stacatarinagob\/","https:\/\/www.youtube.com\/channel\/UCK-6cQJL_904665N1_nLTWw"]},{"@type":"Person","@id":"https:\/\/stacatarina.mx\/consejos\/#\/schema\/person\/0be60adffa8e4c4d0828fdf021450e8a","name":"Pedro Mart\u00ednez","image":{"@type":"ImageObject","inLanguage":"es","@id":"https:\/\/stacatarina.mx\/consejos\/#\/schema\/person\/image\/","url":"https:\/\/stacatarina.mx\/consejos\/wp-content\/uploads\/2024\/09\/stacatarina.jpg","contentUrl":"https:\/\/stacatarina.mx\/consejos\/wp-content\/uploads\/2024\/09\/stacatarina.jpg","caption":"Pedro Mart\u00ednez"},"description":"Hola, soy Pedro Mart\u00ednez, redactor jefe del sitio oficial del ayuntamiento de Santa Catarina, en M\u00e9xico. Con m\u00e1s de diez a\u00f1os de experiencia en el periodismo local, tengo una pasi\u00f3n por la investigaci\u00f3n y la difusi\u00f3n de informaci\u00f3n que valoriza nuestra hermosa comunidad. Mi compromiso es hacer de Santa Catarina una referencia en materia de transparencia y comunicaci\u00f3n municipal.","sameAs":["https:\/\/stacatarina.mx\/"]}]}},"_links":{"self":[{"href":"https:\/\/stacatarina.mx\/consejos\/wp-json\/wp\/v2\/posts\/8968"}],"collection":[{"href":"https:\/\/stacatarina.mx\/consejos\/wp-json\/wp\/v2\/posts"}],"about":[{"href":"https:\/\/stacatarina.mx\/consejos\/wp-json\/wp\/v2\/types\/post"}],"author":[{"embeddable":true,"href":"https:\/\/stacatarina.mx\/consejos\/wp-json\/wp\/v2\/users\/1"}],"replies":[{"embeddable":true,"href":"https:\/\/stacatarina.mx\/consejos\/wp-json\/wp\/v2\/comments?post=8968"}],"version-history":[{"count":1,"href":"https:\/\/stacatarina.mx\/consejos\/wp-json\/wp\/v2\/posts\/8968\/revisions"}],"predecessor-version":[{"id":8970,"href":"https:\/\/stacatarina.mx\/consejos\/wp-json\/wp\/v2\/posts\/8968\/revisions\/8970"}],"wp:featuredmedia":[{"embeddable":true,"href":"https:\/\/stacatarina.mx\/consejos\/wp-json\/wp\/v2\/media\/8969"}],"wp:attachment":[{"href":"https:\/\/stacatarina.mx\/consejos\/wp-json\/wp\/v2\/media?parent=8968"}],"wp:term":[{"taxonomy":"category","embeddable":true,"href":"https:\/\/stacatarina.mx\/consejos\/wp-json\/wp\/v2\/categories?post=8968"},{"taxonomy":"post_tag","embeddable":true,"href":"https:\/\/stacatarina.mx\/consejos\/wp-json\/wp\/v2\/tags?post=8968"}],"curies":[{"name":"wp","href":"https:\/\/api.w.org\/{rel}","templated":true}]}}