{"id":8974,"date":"2026-04-29T02:53:54","date_gmt":"2026-04-29T08:53:54","guid":{"rendered":"https:\/\/stacatarina.mx\/consejos\/la-danza-tiene-un-poder-extraordinario-sobre-el-cuerpo-y-la-mente-pero-por-que-solo-algunos-parecen-tener-talento-natural\/"},"modified":"2026-04-29T02:53:58","modified_gmt":"2026-04-29T08:53:58","slug":"la-danza-tiene-un-poder-extraordinario-sobre-el-cuerpo-y-la-mente-pero-por-que-solo-algunos-parecen-tener-talento-natural","status":"publish","type":"post","link":"https:\/\/stacatarina.mx\/consejos\/la-danza-tiene-un-poder-extraordinario-sobre-el-cuerpo-y-la-mente-pero-por-que-solo-algunos-parecen-tener-talento-natural\/","title":{"rendered":"La danza tiene un poder extraordinario sobre el cuerpo y la mente, pero \u00bfpor qu\u00e9 s\u00f3lo algunos parecen tener talento natural?"},"content":{"rendered":"<p><\/p>\n<p>Sea cual sea nuestra edad, bailar puede tener excelentes efectos en nuestro bienestar f\u00edsico y mental: nos ayuda a mantener un buen tono muscular, mejorar la flexibilidad y tambi\u00e9n el buen humor, gracias a la liberaci\u00f3n de endorfinas que reducen los niveles de estr\u00e9s y ansiedad. Bailar es bueno para todos, pero hay personas que parecen tener una inclinaci\u00f3n natural hacia esta actividad y la practican sin esfuerzo, mientras que a otras les resulta especialmente dif\u00edcil.<\/p>\n<p>La inclinaci\u00f3n natural del ser humano hacia la danza comienza cuando el ni\u00f1o tiene apenas unos meses y comienza a reconocer la m\u00fasica, movi\u00e9ndose al ritmo de ella (hay que decir, sin embargo, que no somos la \u00fanica especie capaz de &#8220;bailar&#8221; al ritmo de la m\u00fasica: tambi\u00e9n se ha demostrado que otros animales, como los elefantes y los loros, responden con movimientos r\u00edtmicos a los est\u00edmulos musicales). El sentido del ritmo, por tanto, es innato y est\u00e1 presente en todos nosotros. \u00bfQu\u00e9 es entonces lo que marca la diferencia entre un buen bailar\u00edn y una persona torpe y poco agraciada?<\/p>\n<p>En primer lugar, hay rasgos f\u00edsicos muy espec\u00edficos que caracterizan a un bailar\u00edn: quien sabe bailar bien suele tener los pies m\u00e1s peque\u00f1os de lo normal (hasta dos tallas menos que la media) pero a ser m\u00e1s alto (incluso unos pocos cent\u00edmetros respecto a la media). Tambi\u00e9n existen otros factores gen\u00e9ticos que hacen que una persona sea capaz de bailar, como la capacidad de favorecer la comunicaci\u00f3n social. Pero estos elementos, por s\u00ed solos, no son suficientes para crear un buen bailar\u00edn: la danza requiere la integraci\u00f3n de la m\u00fasica, el movimiento, la percepci\u00f3n del espacio, todas actividades controladas por nuestro cerebro: de hecho, es precisamente aqu\u00ed donde los efectos de a\u00f1os de entrenamiento son visibles.<\/p>\n<h2>El cerebro se entrena con la danza<\/h2>\n<p>Adem\u00e1s del talento natural, la formaci\u00f3n juega un papel decisivo. De hecho, la pr\u00e1ctica constante de la danza modifica el cerebro, aumentando su plasticidad y su capacidad de adaptaci\u00f3n. Durante la danza, \u00e1reas del cerebro implicadas en la memoria de los movimientos, la percepci\u00f3n del espacio y el control muscular trabajan juntas para hacer que los pasos sean cada vez m\u00e1s autom\u00e1ticos: este es el fen\u00f3meno de la memoria muscular.<\/p>\n<p>La danza puede hacer mucho para mejorar nuestra calidad de vida y nuestro bienestar: un estudio ha demostrado c\u00f3mo la pr\u00e1ctica del tango argentino en pacientes con Parkinson puede mejorar su postura y su forma de andar, mientras que otro destaca c\u00f3mo quienes han practicado el baile toda su vida tienen menos riesgo de desarrollar demencia en la vejez. Incluso si no estamos gen\u00e9ticamente predispuestos a bailar, a\u00fan podemos probar suerte en la actividad y dar lo mejor de nosotros mismos; de esta manera nos divertiremos y disfrutaremos de los numerosos beneficios que este arte puede brindarnos.<\/p>\n<p>Tambi\u00e9n recomendamos:<\/p>\n","protected":false},"excerpt":{"rendered":"<p>Sea cual sea nuestra edad, bailar puede tener excelentes efectos en nuestro bienestar f\u00edsico y mental: nos ayuda a mantener un buen tono muscular, mejorar<\/p>\n","protected":false},"author":1,"featured_media":8975,"comment_status":"closed","ping_status":"","sticky":false,"template":"","format":"standard","meta":{"footnotes":""},"categories":[762],"tags":[4012,405,8622,5991,3122,593,6216,165,1137,112,247,279,628,8623,551,944],"class_list":["post-8974","post","type-post","status-publish","format-standard","has-post-thumbnail","hentry","category-salud","tag-algunos","tag-cuerpo","tag-danza","tag-extraordinario","tag-mente","tag-natural","tag-parecen","tag-pero","tag-poder","tag-por","tag-que","tag-sobre","tag-solo","tag-talento","tag-tener","tag-tiene","generate-columns","tablet-grid-50","mobile-grid-100","grid-parent","grid-50"],"yoast_head":"<!-- This site is optimized with the Yoast SEO plugin v23.4 - https:\/\/yoast.com\/wordpress\/plugins\/seo\/ -->\n<title>La danza tiene un poder extraordinario sobre el cuerpo y la mente, pero \u00bfpor qu\u00e9 s\u00f3lo algunos parecen tener talento natural? - Consejos - Santa Catarina<\/title>\n<meta name=\"robots\" content=\"index, follow, max-snippet:-1, max-image-preview:large, max-video-preview:-1\" \/>\n<link rel=\"canonical\" href=\"https:\/\/stacatarina.mx\/consejos\/la-danza-tiene-un-poder-extraordinario-sobre-el-cuerpo-y-la-mente-pero-por-que-solo-algunos-parecen-tener-talento-natural\/\" \/>\n<meta property=\"og:locale\" content=\"es_MX\" \/>\n<meta property=\"og:type\" content=\"article\" \/>\n<meta property=\"og:title\" content=\"La danza tiene un poder extraordinario sobre el cuerpo y la mente, pero \u00bfpor qu\u00e9 s\u00f3lo algunos parecen tener talento natural? - Consejos - Santa Catarina\" \/>\n<meta property=\"og:description\" content=\"Sea cual sea nuestra edad, bailar puede tener excelentes efectos en nuestro bienestar f\u00edsico y mental: nos ayuda a mantener un buen tono muscular, mejorar\" \/>\n<meta property=\"og:url\" content=\"https:\/\/stacatarina.mx\/consejos\/la-danza-tiene-un-poder-extraordinario-sobre-el-cuerpo-y-la-mente-pero-por-que-solo-algunos-parecen-tener-talento-natural\/\" \/>\n<meta property=\"og:site_name\" content=\"Santa Catarina\" \/>\n<meta property=\"article:publisher\" content=\"https:\/\/www.facebook.com\/stacatarinagob\/\" \/>\n<meta property=\"article:published_time\" content=\"2026-04-29T08:53:54+00:00\" \/>\n<meta property=\"article:modified_time\" content=\"2026-04-29T08:53:58+00:00\" \/>\n<meta property=\"og:image\" content=\"https:\/\/stacatarina.mx\/consejos\/wp-content\/uploads\/2026\/04\/La-danza-tiene-un-poder-extraordinario-sobre-el-cuerpo-y.jpg\" \/>\n\t<meta property=\"og:image:width\" content=\"1500\" \/>\n\t<meta property=\"og:image:height\" content=\"1000\" \/>\n\t<meta property=\"og:image:type\" content=\"image\/jpeg\" \/>\n<meta name=\"author\" content=\"Pedro Mart\u00ednez\" \/>\n<meta name=\"twitter:card\" content=\"summary_large_image\" \/>\n<meta name=\"twitter:creator\" content=\"@stacatarinagob\" \/>\n<meta name=\"twitter:site\" content=\"@stacatarinagob\" \/>\n<meta name=\"twitter:label1\" content=\"Escrito por\" \/>\n\t<meta name=\"twitter:data1\" content=\"Pedro Mart\u00ednez\" \/>\n\t<meta name=\"twitter:label2\" content=\"Tiempo de lectura\" \/>\n\t<meta name=\"twitter:data2\" content=\"3 minutos\" \/>\n<script type=\"application\/ld+json\" class=\"yoast-schema-graph\">{\"@context\":\"https:\/\/schema.org\",\"@graph\":[{\"@type\":\"Article\",\"@id\":\"https:\/\/stacatarina.mx\/consejos\/la-danza-tiene-un-poder-extraordinario-sobre-el-cuerpo-y-la-mente-pero-por-que-solo-algunos-parecen-tener-talento-natural\/#article\",\"isPartOf\":{\"@id\":\"https:\/\/stacatarina.mx\/consejos\/la-danza-tiene-un-poder-extraordinario-sobre-el-cuerpo-y-la-mente-pero-por-que-solo-algunos-parecen-tener-talento-natural\/\"},\"author\":{\"name\":\"Pedro Mart\u00ednez\",\"@id\":\"https:\/\/stacatarina.mx\/consejos\/#\/schema\/person\/0be60adffa8e4c4d0828fdf021450e8a\"},\"headline\":\"La danza tiene un poder extraordinario sobre el cuerpo y la mente, pero \u00bfpor qu\u00e9 s\u00f3lo algunos parecen tener talento natural?\",\"datePublished\":\"2026-04-29T08:53:54+00:00\",\"dateModified\":\"2026-04-29T08:53:58+00:00\",\"mainEntityOfPage\":{\"@id\":\"https:\/\/stacatarina.mx\/consejos\/la-danza-tiene-un-poder-extraordinario-sobre-el-cuerpo-y-la-mente-pero-por-que-solo-algunos-parecen-tener-talento-natural\/\"},\"wordCount\":535,\"publisher\":{\"@id\":\"https:\/\/stacatarina.mx\/consejos\/#organization\"},\"image\":{\"@id\":\"https:\/\/stacatarina.mx\/consejos\/la-danza-tiene-un-poder-extraordinario-sobre-el-cuerpo-y-la-mente-pero-por-que-solo-algunos-parecen-tener-talento-natural\/#primaryimage\"},\"thumbnailUrl\":\"https:\/\/stacatarina.mx\/consejos\/wp-content\/uploads\/2026\/04\/La-danza-tiene-un-poder-extraordinario-sobre-el-cuerpo-y.jpg\",\"keywords\":[\"algunos\",\"cuerpo\",\"danza\",\"extraordinario\",\"mente\",\"Natural\",\"parecen\",\"pero\",\"poder\",\"por\",\"qu\u00e9\",\"sobre\",\"solo\",\"talento\",\"tener\",\"tiene\"],\"articleSection\":[\"Salud\"],\"inLanguage\":\"es\"},{\"@type\":\"WebPage\",\"@id\":\"https:\/\/stacatarina.mx\/consejos\/la-danza-tiene-un-poder-extraordinario-sobre-el-cuerpo-y-la-mente-pero-por-que-solo-algunos-parecen-tener-talento-natural\/\",\"url\":\"https:\/\/stacatarina.mx\/consejos\/la-danza-tiene-un-poder-extraordinario-sobre-el-cuerpo-y-la-mente-pero-por-que-solo-algunos-parecen-tener-talento-natural\/\",\"name\":\"La danza tiene un poder extraordinario sobre el cuerpo y la mente, pero \u00bfpor qu\u00e9 s\u00f3lo algunos parecen tener talento natural? - Consejos - Santa Catarina\",\"isPartOf\":{\"@id\":\"https:\/\/stacatarina.mx\/consejos\/#website\"},\"primaryImageOfPage\":{\"@id\":\"https:\/\/stacatarina.mx\/consejos\/la-danza-tiene-un-poder-extraordinario-sobre-el-cuerpo-y-la-mente-pero-por-que-solo-algunos-parecen-tener-talento-natural\/#primaryimage\"},\"image\":{\"@id\":\"https:\/\/stacatarina.mx\/consejos\/la-danza-tiene-un-poder-extraordinario-sobre-el-cuerpo-y-la-mente-pero-por-que-solo-algunos-parecen-tener-talento-natural\/#primaryimage\"},\"thumbnailUrl\":\"https:\/\/stacatarina.mx\/consejos\/wp-content\/uploads\/2026\/04\/La-danza-tiene-un-poder-extraordinario-sobre-el-cuerpo-y.jpg\",\"datePublished\":\"2026-04-29T08:53:54+00:00\",\"dateModified\":\"2026-04-29T08:53:58+00:00\",\"breadcrumb\":{\"@id\":\"https:\/\/stacatarina.mx\/consejos\/la-danza-tiene-un-poder-extraordinario-sobre-el-cuerpo-y-la-mente-pero-por-que-solo-algunos-parecen-tener-talento-natural\/#breadcrumb\"},\"inLanguage\":\"es\",\"potentialAction\":[{\"@type\":\"ReadAction\",\"target\":[\"https:\/\/stacatarina.mx\/consejos\/la-danza-tiene-un-poder-extraordinario-sobre-el-cuerpo-y-la-mente-pero-por-que-solo-algunos-parecen-tener-talento-natural\/\"]}]},{\"@type\":\"ImageObject\",\"inLanguage\":\"es\",\"@id\":\"https:\/\/stacatarina.mx\/consejos\/la-danza-tiene-un-poder-extraordinario-sobre-el-cuerpo-y-la-mente-pero-por-que-solo-algunos-parecen-tener-talento-natural\/#primaryimage\",\"url\":\"https:\/\/stacatarina.mx\/consejos\/wp-content\/uploads\/2026\/04\/La-danza-tiene-un-poder-extraordinario-sobre-el-cuerpo-y.jpg\",\"contentUrl\":\"https:\/\/stacatarina.mx\/consejos\/wp-content\/uploads\/2026\/04\/La-danza-tiene-un-poder-extraordinario-sobre-el-cuerpo-y.jpg\",\"width\":1500,\"height\":1000,\"caption\":\"danza\"},{\"@type\":\"BreadcrumbList\",\"@id\":\"https:\/\/stacatarina.mx\/consejos\/la-danza-tiene-un-poder-extraordinario-sobre-el-cuerpo-y-la-mente-pero-por-que-solo-algunos-parecen-tener-talento-natural\/#breadcrumb\",\"itemListElement\":[{\"@type\":\"ListItem\",\"position\":1,\"name\":\"Inicio\",\"item\":\"https:\/\/stacatarina.mx\/consejos\/\"},{\"@type\":\"ListItem\",\"position\":2,\"name\":\"La danza tiene un poder extraordinario sobre el cuerpo y la mente, pero \u00bfpor qu\u00e9 s\u00f3lo algunos parecen tener talento natural?\"}]},{\"@type\":\"WebSite\",\"@id\":\"https:\/\/stacatarina.mx\/consejos\/#website\",\"url\":\"https:\/\/stacatarina.mx\/consejos\/\",\"name\":\"Santa Catarina\",\"description\":\"\",\"publisher\":{\"@id\":\"https:\/\/stacatarina.mx\/consejos\/#organization\"},\"potentialAction\":[{\"@type\":\"SearchAction\",\"target\":{\"@type\":\"EntryPoint\",\"urlTemplate\":\"https:\/\/stacatarina.mx\/consejos\/?s={search_term_string}\"},\"query-input\":{\"@type\":\"PropertyValueSpecification\",\"valueRequired\":true,\"valueName\":\"search_term_string\"}}],\"inLanguage\":\"es\"},{\"@type\":\"Organization\",\"@id\":\"https:\/\/stacatarina.mx\/consejos\/#organization\",\"name\":\"Santa Catarina\",\"url\":\"https:\/\/stacatarina.mx\/consejos\/\",\"logo\":{\"@type\":\"ImageObject\",\"inLanguage\":\"es\",\"@id\":\"https:\/\/stacatarina.mx\/consejos\/#\/schema\/logo\/image\/\",\"url\":\"https:\/\/stacatarina.mx\/consejos\/wp-content\/uploads\/2024\/09\/cropped-favicon-1-1.png\",\"contentUrl\":\"https:\/\/stacatarina.mx\/consejos\/wp-content\/uploads\/2024\/09\/cropped-favicon-1-1.png\",\"width\":512,\"height\":512,\"caption\":\"Santa Catarina\"},\"image\":{\"@id\":\"https:\/\/stacatarina.mx\/consejos\/#\/schema\/logo\/image\/\"},\"sameAs\":[\"https:\/\/www.facebook.com\/stacatarinagob\/\",\"https:\/\/x.com\/stacatarinagob\",\"https:\/\/www.instagram.com\/stacatarinagob\/\",\"https:\/\/www.youtube.com\/channel\/UCK-6cQJL_904665N1_nLTWw\"]},{\"@type\":\"Person\",\"@id\":\"https:\/\/stacatarina.mx\/consejos\/#\/schema\/person\/0be60adffa8e4c4d0828fdf021450e8a\",\"name\":\"Pedro Mart\u00ednez\",\"image\":{\"@type\":\"ImageObject\",\"inLanguage\":\"es\",\"@id\":\"https:\/\/stacatarina.mx\/consejos\/#\/schema\/person\/image\/\",\"url\":\"https:\/\/stacatarina.mx\/consejos\/wp-content\/uploads\/2024\/09\/stacatarina.jpg\",\"contentUrl\":\"https:\/\/stacatarina.mx\/consejos\/wp-content\/uploads\/2024\/09\/stacatarina.jpg\",\"caption\":\"Pedro Mart\u00ednez\"},\"description\":\"Hola, soy Pedro Mart\u00ednez, redactor jefe del sitio oficial del ayuntamiento de Santa Catarina, en M\u00e9xico. Con m\u00e1s de diez a\u00f1os de experiencia en el periodismo local, tengo una pasi\u00f3n por la investigaci\u00f3n y la difusi\u00f3n de informaci\u00f3n que valoriza nuestra hermosa comunidad. Mi compromiso es hacer de Santa Catarina una referencia en materia de transparencia y comunicaci\u00f3n municipal.\",\"sameAs\":[\"https:\/\/stacatarina.mx\/\"]}]}<\/script>\n<!-- \/ Yoast SEO plugin. -->","yoast_head_json":{"title":"La danza tiene un poder extraordinario sobre el cuerpo y la mente, pero \u00bfpor qu\u00e9 s\u00f3lo algunos parecen tener talento natural? - Consejos - Santa Catarina","robots":{"index":"index","follow":"follow","max-snippet":"max-snippet:-1","max-image-preview":"max-image-preview:large","max-video-preview":"max-video-preview:-1"},"canonical":"https:\/\/stacatarina.mx\/consejos\/la-danza-tiene-un-poder-extraordinario-sobre-el-cuerpo-y-la-mente-pero-por-que-solo-algunos-parecen-tener-talento-natural\/","og_locale":"es_MX","og_type":"article","og_title":"La danza tiene un poder extraordinario sobre el cuerpo y la mente, pero \u00bfpor qu\u00e9 s\u00f3lo algunos parecen tener talento natural? - Consejos - Santa Catarina","og_description":"Sea cual sea nuestra edad, bailar puede tener excelentes efectos en nuestro bienestar f\u00edsico y mental: nos ayuda a mantener un buen tono muscular, mejorar","og_url":"https:\/\/stacatarina.mx\/consejos\/la-danza-tiene-un-poder-extraordinario-sobre-el-cuerpo-y-la-mente-pero-por-que-solo-algunos-parecen-tener-talento-natural\/","og_site_name":"Santa Catarina","article_publisher":"https:\/\/www.facebook.com\/stacatarinagob\/","article_published_time":"2026-04-29T08:53:54+00:00","article_modified_time":"2026-04-29T08:53:58+00:00","og_image":[{"width":1500,"height":1000,"url":"https:\/\/stacatarina.mx\/consejos\/wp-content\/uploads\/2026\/04\/La-danza-tiene-un-poder-extraordinario-sobre-el-cuerpo-y.jpg","type":"image\/jpeg"}],"author":"Pedro Mart\u00ednez","twitter_card":"summary_large_image","twitter_creator":"@stacatarinagob","twitter_site":"@stacatarinagob","twitter_misc":{"Escrito por":"Pedro Mart\u00ednez","Tiempo de lectura":"3 minutos"},"schema":{"@context":"https:\/\/schema.org","@graph":[{"@type":"Article","@id":"https:\/\/stacatarina.mx\/consejos\/la-danza-tiene-un-poder-extraordinario-sobre-el-cuerpo-y-la-mente-pero-por-que-solo-algunos-parecen-tener-talento-natural\/#article","isPartOf":{"@id":"https:\/\/stacatarina.mx\/consejos\/la-danza-tiene-un-poder-extraordinario-sobre-el-cuerpo-y-la-mente-pero-por-que-solo-algunos-parecen-tener-talento-natural\/"},"author":{"name":"Pedro Mart\u00ednez","@id":"https:\/\/stacatarina.mx\/consejos\/#\/schema\/person\/0be60adffa8e4c4d0828fdf021450e8a"},"headline":"La danza tiene un poder extraordinario sobre el cuerpo y la mente, pero \u00bfpor qu\u00e9 s\u00f3lo algunos parecen tener talento natural?","datePublished":"2026-04-29T08:53:54+00:00","dateModified":"2026-04-29T08:53:58+00:00","mainEntityOfPage":{"@id":"https:\/\/stacatarina.mx\/consejos\/la-danza-tiene-un-poder-extraordinario-sobre-el-cuerpo-y-la-mente-pero-por-que-solo-algunos-parecen-tener-talento-natural\/"},"wordCount":535,"publisher":{"@id":"https:\/\/stacatarina.mx\/consejos\/#organization"},"image":{"@id":"https:\/\/stacatarina.mx\/consejos\/la-danza-tiene-un-poder-extraordinario-sobre-el-cuerpo-y-la-mente-pero-por-que-solo-algunos-parecen-tener-talento-natural\/#primaryimage"},"thumbnailUrl":"https:\/\/stacatarina.mx\/consejos\/wp-content\/uploads\/2026\/04\/La-danza-tiene-un-poder-extraordinario-sobre-el-cuerpo-y.jpg","keywords":["algunos","cuerpo","danza","extraordinario","mente","Natural","parecen","pero","poder","por","qu\u00e9","sobre","solo","talento","tener","tiene"],"articleSection":["Salud"],"inLanguage":"es"},{"@type":"WebPage","@id":"https:\/\/stacatarina.mx\/consejos\/la-danza-tiene-un-poder-extraordinario-sobre-el-cuerpo-y-la-mente-pero-por-que-solo-algunos-parecen-tener-talento-natural\/","url":"https:\/\/stacatarina.mx\/consejos\/la-danza-tiene-un-poder-extraordinario-sobre-el-cuerpo-y-la-mente-pero-por-que-solo-algunos-parecen-tener-talento-natural\/","name":"La danza tiene un poder extraordinario sobre el cuerpo y la mente, pero \u00bfpor qu\u00e9 s\u00f3lo algunos parecen tener talento natural? - Consejos - Santa Catarina","isPartOf":{"@id":"https:\/\/stacatarina.mx\/consejos\/#website"},"primaryImageOfPage":{"@id":"https:\/\/stacatarina.mx\/consejos\/la-danza-tiene-un-poder-extraordinario-sobre-el-cuerpo-y-la-mente-pero-por-que-solo-algunos-parecen-tener-talento-natural\/#primaryimage"},"image":{"@id":"https:\/\/stacatarina.mx\/consejos\/la-danza-tiene-un-poder-extraordinario-sobre-el-cuerpo-y-la-mente-pero-por-que-solo-algunos-parecen-tener-talento-natural\/#primaryimage"},"thumbnailUrl":"https:\/\/stacatarina.mx\/consejos\/wp-content\/uploads\/2026\/04\/La-danza-tiene-un-poder-extraordinario-sobre-el-cuerpo-y.jpg","datePublished":"2026-04-29T08:53:54+00:00","dateModified":"2026-04-29T08:53:58+00:00","breadcrumb":{"@id":"https:\/\/stacatarina.mx\/consejos\/la-danza-tiene-un-poder-extraordinario-sobre-el-cuerpo-y-la-mente-pero-por-que-solo-algunos-parecen-tener-talento-natural\/#breadcrumb"},"inLanguage":"es","potentialAction":[{"@type":"ReadAction","target":["https:\/\/stacatarina.mx\/consejos\/la-danza-tiene-un-poder-extraordinario-sobre-el-cuerpo-y-la-mente-pero-por-que-solo-algunos-parecen-tener-talento-natural\/"]}]},{"@type":"ImageObject","inLanguage":"es","@id":"https:\/\/stacatarina.mx\/consejos\/la-danza-tiene-un-poder-extraordinario-sobre-el-cuerpo-y-la-mente-pero-por-que-solo-algunos-parecen-tener-talento-natural\/#primaryimage","url":"https:\/\/stacatarina.mx\/consejos\/wp-content\/uploads\/2026\/04\/La-danza-tiene-un-poder-extraordinario-sobre-el-cuerpo-y.jpg","contentUrl":"https:\/\/stacatarina.mx\/consejos\/wp-content\/uploads\/2026\/04\/La-danza-tiene-un-poder-extraordinario-sobre-el-cuerpo-y.jpg","width":1500,"height":1000,"caption":"danza"},{"@type":"BreadcrumbList","@id":"https:\/\/stacatarina.mx\/consejos\/la-danza-tiene-un-poder-extraordinario-sobre-el-cuerpo-y-la-mente-pero-por-que-solo-algunos-parecen-tener-talento-natural\/#breadcrumb","itemListElement":[{"@type":"ListItem","position":1,"name":"Inicio","item":"https:\/\/stacatarina.mx\/consejos\/"},{"@type":"ListItem","position":2,"name":"La danza tiene un poder extraordinario sobre el cuerpo y la mente, pero \u00bfpor qu\u00e9 s\u00f3lo algunos parecen tener talento natural?"}]},{"@type":"WebSite","@id":"https:\/\/stacatarina.mx\/consejos\/#website","url":"https:\/\/stacatarina.mx\/consejos\/","name":"Santa Catarina","description":"","publisher":{"@id":"https:\/\/stacatarina.mx\/consejos\/#organization"},"potentialAction":[{"@type":"SearchAction","target":{"@type":"EntryPoint","urlTemplate":"https:\/\/stacatarina.mx\/consejos\/?s={search_term_string}"},"query-input":{"@type":"PropertyValueSpecification","valueRequired":true,"valueName":"search_term_string"}}],"inLanguage":"es"},{"@type":"Organization","@id":"https:\/\/stacatarina.mx\/consejos\/#organization","name":"Santa Catarina","url":"https:\/\/stacatarina.mx\/consejos\/","logo":{"@type":"ImageObject","inLanguage":"es","@id":"https:\/\/stacatarina.mx\/consejos\/#\/schema\/logo\/image\/","url":"https:\/\/stacatarina.mx\/consejos\/wp-content\/uploads\/2024\/09\/cropped-favicon-1-1.png","contentUrl":"https:\/\/stacatarina.mx\/consejos\/wp-content\/uploads\/2024\/09\/cropped-favicon-1-1.png","width":512,"height":512,"caption":"Santa Catarina"},"image":{"@id":"https:\/\/stacatarina.mx\/consejos\/#\/schema\/logo\/image\/"},"sameAs":["https:\/\/www.facebook.com\/stacatarinagob\/","https:\/\/x.com\/stacatarinagob","https:\/\/www.instagram.com\/stacatarinagob\/","https:\/\/www.youtube.com\/channel\/UCK-6cQJL_904665N1_nLTWw"]},{"@type":"Person","@id":"https:\/\/stacatarina.mx\/consejos\/#\/schema\/person\/0be60adffa8e4c4d0828fdf021450e8a","name":"Pedro Mart\u00ednez","image":{"@type":"ImageObject","inLanguage":"es","@id":"https:\/\/stacatarina.mx\/consejos\/#\/schema\/person\/image\/","url":"https:\/\/stacatarina.mx\/consejos\/wp-content\/uploads\/2024\/09\/stacatarina.jpg","contentUrl":"https:\/\/stacatarina.mx\/consejos\/wp-content\/uploads\/2024\/09\/stacatarina.jpg","caption":"Pedro Mart\u00ednez"},"description":"Hola, soy Pedro Mart\u00ednez, redactor jefe del sitio oficial del ayuntamiento de Santa Catarina, en M\u00e9xico. Con m\u00e1s de diez a\u00f1os de experiencia en el periodismo local, tengo una pasi\u00f3n por la investigaci\u00f3n y la difusi\u00f3n de informaci\u00f3n que valoriza nuestra hermosa comunidad. Mi compromiso es hacer de Santa Catarina una referencia en materia de transparencia y comunicaci\u00f3n municipal.","sameAs":["https:\/\/stacatarina.mx\/"]}]}},"_links":{"self":[{"href":"https:\/\/stacatarina.mx\/consejos\/wp-json\/wp\/v2\/posts\/8974"}],"collection":[{"href":"https:\/\/stacatarina.mx\/consejos\/wp-json\/wp\/v2\/posts"}],"about":[{"href":"https:\/\/stacatarina.mx\/consejos\/wp-json\/wp\/v2\/types\/post"}],"author":[{"embeddable":true,"href":"https:\/\/stacatarina.mx\/consejos\/wp-json\/wp\/v2\/users\/1"}],"replies":[{"embeddable":true,"href":"https:\/\/stacatarina.mx\/consejos\/wp-json\/wp\/v2\/comments?post=8974"}],"version-history":[{"count":1,"href":"https:\/\/stacatarina.mx\/consejos\/wp-json\/wp\/v2\/posts\/8974\/revisions"}],"predecessor-version":[{"id":8976,"href":"https:\/\/stacatarina.mx\/consejos\/wp-json\/wp\/v2\/posts\/8974\/revisions\/8976"}],"wp:featuredmedia":[{"embeddable":true,"href":"https:\/\/stacatarina.mx\/consejos\/wp-json\/wp\/v2\/media\/8975"}],"wp:attachment":[{"href":"https:\/\/stacatarina.mx\/consejos\/wp-json\/wp\/v2\/media?parent=8974"}],"wp:term":[{"taxonomy":"category","embeddable":true,"href":"https:\/\/stacatarina.mx\/consejos\/wp-json\/wp\/v2\/categories?post=8974"},{"taxonomy":"post_tag","embeddable":true,"href":"https:\/\/stacatarina.mx\/consejos\/wp-json\/wp\/v2\/tags?post=8974"}],"curies":[{"name":"wp","href":"https:\/\/api.w.org\/{rel}","templated":true}]}}