{"id":8977,"date":"2026-04-29T07:53:31","date_gmt":"2026-04-29T13:53:31","guid":{"rendered":"https:\/\/stacatarina.mx\/consejos\/retiran-estudio-espanol-que-daba-esperanza-a-pacientes-con-cancer-de-pancreas\/"},"modified":"2026-04-29T07:53:34","modified_gmt":"2026-04-29T13:53:34","slug":"retiran-estudio-espanol-que-daba-esperanza-a-pacientes-con-cancer-de-pancreas","status":"publish","type":"post","link":"https:\/\/stacatarina.mx\/consejos\/retiran-estudio-espanol-que-daba-esperanza-a-pacientes-con-cancer-de-pancreas\/","title":{"rendered":"Retiran estudio espa\u00f1ol que daba esperanza a pacientes con c\u00e1ncer de p\u00e1ncreas"},"content":{"rendered":"<p><\/p>\n<p>Cuando se trata de c\u00e1ncer de p\u00e1ncreas, las palabras siempre aterrizan en territorio fr\u00e1gil. Una terapia experimental, un resultado en ratones, una recaudaci\u00f3n de fondos, una frase difundida en las redes sociales: todo puede volverse enorme en unas pocas horas, porque esta enfermedad a menudo deja muy poco tiempo y muy poco margen para la paciencia.<\/p>\n<p>La revista PNAS, publicaci\u00f3n de la Academia Nacional de Ciencias de Estados Unidos, ha retirado el estudio liderado por el bioqu\u00edmico espa\u00f1ol Mariano Barbacid sobre una posible triple terapia contra el c\u00e1ncer de p\u00e1ncreas. La decisi\u00f3n se produjo tras la denuncia de un conflicto de intereses considerado relevante y declarado de forma incompleta en el momento del env\u00edo del art\u00edculo. Barbacid y dos coautores, Carmen Guerra y Vasiliki Liaki, est\u00e1n vinculados a Vega Oncotargets, una empresa creada para desarrollar aplicaciones comerciales vinculadas a esta l\u00ednea de investigaci\u00f3n.<\/p>\n<h2>La investigaci\u00f3n ha mostrado resultados importantes en ratones, aunque la transici\u00f3n a los pacientes sigue siendo lejana<\/h2>\n<p>El estudio retirado describ\u00eda una combinaci\u00f3n de tres f\u00e1rmacos capaces de actuar en diferentes puntos de la v\u00eda molecular ligada a KRAS, una prote\u00edna frecuentemente implicada en el adenocarcinoma ductal de p\u00e1ncreas, la forma m\u00e1s com\u00fan de c\u00e1ncer de p\u00e1ncreas. La terapia combin\u00f3 daraxonrasib, afatinib y SD36. En modelos animales, seg\u00fan comunica el CNIO, el tratamiento consigui\u00f3 una regresi\u00f3n significativa y duradera de los tumores, sin resistencias evidentes y sin toxicidad significativa en los ratones tratados. El propio CNIO, sin embargo, precis\u00f3 que el grupo liderado por Barbacid estaba a\u00fan lejos de iniciar ensayos cl\u00ednicos con esa triple terapia.<\/p>\n<p>Esta distinci\u00f3n es importante. Una cosa es obtener un resultado prometedor en el laboratorio, en modelos animales. Otra es llegar a una terapia disponible para una persona enferma. En el medio hay controles, seguridad, dosis, estudios posteriores, autorizaciones, posibles ensayos cl\u00ednicos. El trabajo, seg\u00fan varios expertos citados en el debate cient\u00edfico espa\u00f1ol, sigue siendo prometedor, sin embargo debe ser replicado en humanos y requiere tiempo, recursos y mucha prudencia en la comunicaci\u00f3n.<\/p>\n<p>El contexto explica por qu\u00e9 la noticia caus\u00f3 tanto ruido. En Espa\u00f1a, en 2026 se estiman aproximadamente 10.405 nuevos casos de c\u00e1ncer de p\u00e1ncreas. La supervivencia a cinco a\u00f1os sigue siendo muy baja: seg\u00fan REDECAN, se sit\u00faa en torno al 11,1%, con diferencias entre hombres y mujeres. Estas cifras transforman cada anuncio en esperanza inmediata, incluso cuando la investigaci\u00f3n a\u00fan es precl\u00ednica.<\/p>\n<p>Tras la presentaci\u00f3n p\u00fablica de los resultados, la Fundaci\u00f3n CRIS Contra el C\u00e1ncer promovi\u00f3 una recaudaci\u00f3n de fondos para apoyar las siguientes fases del proyecto. La campa\u00f1a super\u00f3 el objetivo inicial de 3,5 millones de euros, llegando a casi 3,7 millones seg\u00fan las reconstrucciones m\u00e1s recientes. En las semanas siguientes, m\u00e1s de cien pacientes se pondr\u00edan en contacto con el equipo investigador para solicitar acceso al tratamiento experimental, aunque fuera en ese momento.<\/p>\n<div class=\"responsive-container\">\n<blockquote class=\"instagram-media\" data-instgrm-captioned data-instgrm-permalink=\"https:\/\/www.instagram.com\/p\/DXsNhiigf3D\/?utm_source=ig_embed&amp;utm_campaign=loading\" data-instgrm-version=\"14\" style=\"background:#FFF;border:0;border-radius:3px;margin: 1px;max-width:500px;min-width:326px;padding:0;width:99.375%;width:-webkit-calc(100% - 2px);width:calc(100% - 2px)\">\n<div style=\"padding:16px\">\n<div style=\"flex-direction: row;align-items: center\">\n<div style=\"background-color: #F4F4F4;border-radius: 50%;flex-grow: 0;height: 40px;margin-right: 14px;width: 40px\"><\/div>\n<div style=\"flex-direction: column;flex-grow: 1;justify-content: center\">\n<div style=\"background-color: #F4F4F4;border-radius: 4px;flex-grow: 0;height: 14px;margin-bottom: 6px;width: 100px\"><\/div>\n<div style=\"background-color: #F4F4F4;border-radius: 4px;flex-grow: 0;height: 14px;width: 60px\"><\/div>\n<\/div>\n<\/div>\n<div style=\"padding: 19% 0\"><\/div>\n<div style=\"height:50px;margin:0 auto 12px;width:50px\"><\/div>\n<div style=\"padding-top: 8px\">\n<div style=\"color:#3897f0;font-family:Arial,sans-serif;font-size:14px;font-style:normal;font-weight:550;line-height:18px\">Ver esta publicaci\u00f3n en Instagram<\/div>\n<\/div>\n<div style=\"padding: 12.5% 0\"><\/div>\n<div style=\"flex-direction: row;margin-bottom: 14px;align-items: center\">\n<div>\n<div style=\"background-color: #F4F4F4;border-radius: 50%;height: 12.5px;width: 12.5px\"><\/div>\n<div style=\"background-color: #F4F4F4;height: 12.5px;width: 12.5px;flex-grow: 0;margin-right: 14px;margin-left: 2px\"><\/div>\n<div style=\"background-color: #F4F4F4;border-radius: 50%;height: 12.5px;width: 12.5px\"><\/div>\n<\/div>\n<div style=\"margin-left: 8px\">\n<div style=\"background-color: #F4F4F4;border-radius: 50%;flex-grow: 0;height: 20px;width: 20px\"><\/div>\n<div style=\"width: 0;height: 0;border-top: 2px solid transparent;border-left: 6px solid #f4f4f4;border-bottom: 2px solid transparent\"><\/div>\n<\/div>\n<div style=\"margin-left: auto\">\n<div style=\"width: 0px;border-top: 8px solid #F4F4F4;border-right: 8px solid transparent\"><\/div>\n<div style=\"background-color: #F4F4F4;flex-grow: 0;height: 12px;width: 16px\"><\/div>\n<div style=\"width: 0;height: 0;border-top: 8px solid #F4F4F4;border-left: 8px solid transparent\"><\/div>\n<\/div>\n<\/div>\n<div style=\"flex-direction: column;flex-grow: 1;justify-content: center;margin-bottom: 24px\">\n<div style=\"background-color: #F4F4F4;border-radius: 4px;flex-grow: 0;height: 14px;margin-bottom: 6px;width: 224px\"><\/div>\n<div style=\"background-color: #F4F4F4;border-radius: 4px;flex-grow: 0;height: 14px;width: 144px\"><\/div>\n<\/div>\n<\/div>\n<\/blockquote>\n<\/div>\n<h2>El conflicto de intereses afecta a Vega Oncotargets<\/h2>\n<p>El quid de la retractaci\u00f3n no se refiere a la existencia de posibles consecuencias comerciales per se. En la investigaci\u00f3n biom\u00e9dica puede suceder que un resultado de laboratorio se desarrolle a trav\u00e9s de patentes, empresas dedicadas e inversiones privadas. El paso delicado se refiere a la transparencia: quien eval\u00faa un estudio debe conocer los posibles intereses econ\u00f3micos vinculados a los resultados.<\/p>\n<p>Seg\u00fan trascendi\u00f3, Barbacid y Guerra cofundaron Vega Oncotargets junto a otros socios en 2024, con el objetivo de desarrollar terapias derivadas del trabajo del grupo. La revista consider\u00f3 que esa conexi\u00f3n financiera deber\u00eda haberse revelado en su totalidad en el momento en que se envi\u00f3 el art\u00edculo. El caso se volvi\u00f3 a\u00fan m\u00e1s delicado porque Barbacid, miembro de la Academia Nacional de Ciencias desde 2012, pudo utilizar una v\u00eda de publicaci\u00f3n reservada a los miembros de la Academia, con un procedimiento diferente al de la presentaci\u00f3n ordinaria.<\/p>\n<p>Antes de llegar a PNAS, el estudio tambi\u00e9n fue presentado a Nature, que lo rechaz\u00f3. Tras la retractaci\u00f3n, Carmen Guerra dijo que el grupo volvi\u00f3 a enviar el trabajo a la misma revista, esta vez reconociendo las relaciones comerciales. Mientras tanto, el CNIO ha indicado que est\u00e1 examinando el caso a la luz de su c\u00f3digo de buenas pr\u00e1cticas.<\/p>\n<p>Para complicar el panorama tambi\u00e9n lleg\u00f3 un post publicado en el perfil social de Barbacid. En el mensaje, el investigador agradece a Dios y a las personas que lo apoyaron, habla de la &#8220;cura para el c\u00e1ncer de p\u00e1ncreas&#8221;, afirma que tiene un inter\u00e9s econ\u00f3mico como l\u00f3gico y afirma poder erradicar el tumor en animales en m\u00e1s del 97% de los casos, agregando que cree que el beneficio tendr\u00eda el mismo porcentaje en humanos. Es un paso muy delicado, porque la comunicaci\u00f3n institucional del CNIO habla de resultados precl\u00ednicos y de un ensayo en humanos a\u00fan por realizar.<\/p>\n<p>El mismo post menciona supuestas presiones de grandes empresas farmac\u00e9uticas, gobiernos, pol\u00edticos y empresarios para detener la investigaci\u00f3n. El mensaje tambi\u00e9n habla del cierre de cuentas sociales con miles de seguidores y del bloqueo de cuentas utilizadas anteriormente para recibir ayuda econ\u00f3mica. La solicitud final de donaciones pasa por Binance, a trav\u00e9s de un ID indicado en el texto, con un lenguaje muy alejado del de las comunicaciones oficiales.<\/p>\n<p>Esta brecha importa. La recaudaci\u00f3n de fondos comunicada por la Fundaci\u00f3n CRIS transcurri\u00f3 por los canales y herramientas de la fundaci\u00f3n indicados en sus notas p\u00fablicas, mientras que la publicaci\u00f3n social introduce un canal diferente y un tono mucho m\u00e1s cercano al conflicto personal. En un asunto ya lleno de expectativas, la diferencia entre recaudaci\u00f3n oficial, atractivo individual y promesa terap\u00e9utica debe quedar muy clara. Especialmente para los pacientes.<\/p>\n<p>El caso Barbacid muestra una fractura que la investigaci\u00f3n conoce bien: la necesidad de financiar estudios dif\u00edciles y costosos, junto con el deber de declarar cualquier inter\u00e9s econ\u00f3mico cuando se publiquen esos resultados. Una posible terapia contra el c\u00e1ncer de p\u00e1ncreas necesita dinero, laboratorios, revisiones, empresas capaces de desarrollar mol\u00e9culas y a\u00f1os de pruebas. Tambi\u00e9n necesita palabras mesuradas, porque una promesa cient\u00edfica puede volverse enorme incluso antes de convertirse en realidad.<\/p>\n<p>La retractaci\u00f3n no borra autom\u00e1ticamente el valor de los datos precl\u00ednicos. Sin embargo, esto los coloca nuevamente en un camino m\u00e1s exigente. Necesitamos una nueva evaluaci\u00f3n, necesitamos conflictos de intereses declarados, necesitamos canales de donaci\u00f3n claros, necesitamos una comunicaci\u00f3n que mantenga los resultados en ratones separados de las esperanzas de los pacientes. Con una enfermedad como \u00e9sta, hasta la coma pesa.<\/p>\n<\/p>\n<p><script async src=\"\/\/www.instagram.com\/embed.js\"><\/script><\/p>\n","protected":false},"excerpt":{"rendered":"<p>Cuando se trata de c\u00e1ncer de p\u00e1ncreas, las palabras siempre aterrizan en territorio fr\u00e1gil. Una terapia experimental, un resultado en ratones, una recaudaci\u00f3n de fondos,<\/p>\n","protected":false},"author":1,"featured_media":8978,"comment_status":"closed","ping_status":"","sticky":false,"template":"","format":"standard","meta":{"footnotes":""},"categories":[762],"tags":[917,42,8624,6098,2770,219,785,5270,1562],"class_list":["post-8977","post","type-post","status-publish","format-standard","has-post-thumbnail","hentry","category-salud","tag-cancer","tag-con","tag-daba","tag-espanol","tag-esperanza","tag-estudio","tag-pacientes","tag-pancreas","tag-retiran","generate-columns","tablet-grid-50","mobile-grid-100","grid-parent","grid-50"],"yoast_head":"<!-- This site is optimized with the Yoast SEO plugin v23.4 - https:\/\/yoast.com\/wordpress\/plugins\/seo\/ -->\n<title>Retiran estudio espa\u00f1ol que daba esperanza a pacientes con c\u00e1ncer de p\u00e1ncreas - Consejos - Santa Catarina<\/title>\n<meta name=\"robots\" content=\"index, follow, max-snippet:-1, max-image-preview:large, max-video-preview:-1\" \/>\n<link rel=\"canonical\" href=\"https:\/\/stacatarina.mx\/consejos\/retiran-estudio-espanol-que-daba-esperanza-a-pacientes-con-cancer-de-pancreas\/\" \/>\n<meta property=\"og:locale\" content=\"es_MX\" \/>\n<meta property=\"og:type\" content=\"article\" \/>\n<meta property=\"og:title\" content=\"Retiran estudio espa\u00f1ol que daba esperanza a pacientes con c\u00e1ncer de p\u00e1ncreas - Consejos - Santa Catarina\" \/>\n<meta property=\"og:description\" content=\"Cuando se trata de c\u00e1ncer de p\u00e1ncreas, las palabras siempre aterrizan en territorio fr\u00e1gil. Una terapia experimental, un resultado en ratones, una recaudaci\u00f3n de fondos,\" \/>\n<meta property=\"og:url\" content=\"https:\/\/stacatarina.mx\/consejos\/retiran-estudio-espanol-que-daba-esperanza-a-pacientes-con-cancer-de-pancreas\/\" \/>\n<meta property=\"og:site_name\" content=\"Santa Catarina\" \/>\n<meta property=\"article:publisher\" content=\"https:\/\/www.facebook.com\/stacatarinagob\/\" \/>\n<meta property=\"article:published_time\" content=\"2026-04-29T13:53:31+00:00\" \/>\n<meta property=\"article:modified_time\" content=\"2026-04-29T13:53:34+00:00\" \/>\n<meta property=\"og:image\" content=\"https:\/\/stacatarina.mx\/consejos\/wp-content\/uploads\/2026\/04\/Retiran-estudio-espanol-que-daba-esperanza-a-pacientes-con-cancer.jpg\" \/>\n\t<meta property=\"og:image:width\" content=\"1500\" \/>\n\t<meta property=\"og:image:height\" content=\"1000\" \/>\n\t<meta property=\"og:image:type\" content=\"image\/jpeg\" \/>\n<meta name=\"author\" content=\"Pedro Mart\u00ednez\" \/>\n<meta name=\"twitter:card\" content=\"summary_large_image\" \/>\n<meta name=\"twitter:creator\" content=\"@stacatarinagob\" \/>\n<meta name=\"twitter:site\" content=\"@stacatarinagob\" \/>\n<meta name=\"twitter:label1\" content=\"Escrito por\" \/>\n\t<meta name=\"twitter:data1\" content=\"Pedro Mart\u00ednez\" \/>\n\t<meta name=\"twitter:label2\" content=\"Tiempo de lectura\" \/>\n\t<meta name=\"twitter:data2\" content=\"6 minutos\" \/>\n<script type=\"application\/ld+json\" class=\"yoast-schema-graph\">{\"@context\":\"https:\/\/schema.org\",\"@graph\":[{\"@type\":\"Article\",\"@id\":\"https:\/\/stacatarina.mx\/consejos\/retiran-estudio-espanol-que-daba-esperanza-a-pacientes-con-cancer-de-pancreas\/#article\",\"isPartOf\":{\"@id\":\"https:\/\/stacatarina.mx\/consejos\/retiran-estudio-espanol-que-daba-esperanza-a-pacientes-con-cancer-de-pancreas\/\"},\"author\":{\"name\":\"Pedro Mart\u00ednez\",\"@id\":\"https:\/\/stacatarina.mx\/consejos\/#\/schema\/person\/0be60adffa8e4c4d0828fdf021450e8a\"},\"headline\":\"Retiran estudio espa\u00f1ol que daba esperanza a pacientes con c\u00e1ncer de p\u00e1ncreas\",\"datePublished\":\"2026-04-29T13:53:31+00:00\",\"dateModified\":\"2026-04-29T13:53:34+00:00\",\"mainEntityOfPage\":{\"@id\":\"https:\/\/stacatarina.mx\/consejos\/retiran-estudio-espanol-que-daba-esperanza-a-pacientes-con-cancer-de-pancreas\/\"},\"wordCount\":1179,\"publisher\":{\"@id\":\"https:\/\/stacatarina.mx\/consejos\/#organization\"},\"image\":{\"@id\":\"https:\/\/stacatarina.mx\/consejos\/retiran-estudio-espanol-que-daba-esperanza-a-pacientes-con-cancer-de-pancreas\/#primaryimage\"},\"thumbnailUrl\":\"https:\/\/stacatarina.mx\/consejos\/wp-content\/uploads\/2026\/04\/Retiran-estudio-espanol-que-daba-esperanza-a-pacientes-con-cancer.jpg\",\"keywords\":[\"C\u00e1ncer\",\"con\",\"daba\",\"espa\u00f1ol\",\"esperanza\",\"estudio\",\"pacientes\",\"p\u00e1ncreas\",\"Retiran\"],\"articleSection\":[\"Salud\"],\"inLanguage\":\"es\"},{\"@type\":\"WebPage\",\"@id\":\"https:\/\/stacatarina.mx\/consejos\/retiran-estudio-espanol-que-daba-esperanza-a-pacientes-con-cancer-de-pancreas\/\",\"url\":\"https:\/\/stacatarina.mx\/consejos\/retiran-estudio-espanol-que-daba-esperanza-a-pacientes-con-cancer-de-pancreas\/\",\"name\":\"Retiran estudio espa\u00f1ol que daba esperanza a pacientes con c\u00e1ncer de p\u00e1ncreas - Consejos - Santa Catarina\",\"isPartOf\":{\"@id\":\"https:\/\/stacatarina.mx\/consejos\/#website\"},\"primaryImageOfPage\":{\"@id\":\"https:\/\/stacatarina.mx\/consejos\/retiran-estudio-espanol-que-daba-esperanza-a-pacientes-con-cancer-de-pancreas\/#primaryimage\"},\"image\":{\"@id\":\"https:\/\/stacatarina.mx\/consejos\/retiran-estudio-espanol-que-daba-esperanza-a-pacientes-con-cancer-de-pancreas\/#primaryimage\"},\"thumbnailUrl\":\"https:\/\/stacatarina.mx\/consejos\/wp-content\/uploads\/2026\/04\/Retiran-estudio-espanol-que-daba-esperanza-a-pacientes-con-cancer.jpg\",\"datePublished\":\"2026-04-29T13:53:31+00:00\",\"dateModified\":\"2026-04-29T13:53:34+00:00\",\"breadcrumb\":{\"@id\":\"https:\/\/stacatarina.mx\/consejos\/retiran-estudio-espanol-que-daba-esperanza-a-pacientes-con-cancer-de-pancreas\/#breadcrumb\"},\"inLanguage\":\"es\",\"potentialAction\":[{\"@type\":\"ReadAction\",\"target\":[\"https:\/\/stacatarina.mx\/consejos\/retiran-estudio-espanol-que-daba-esperanza-a-pacientes-con-cancer-de-pancreas\/\"]}]},{\"@type\":\"ImageObject\",\"inLanguage\":\"es\",\"@id\":\"https:\/\/stacatarina.mx\/consejos\/retiran-estudio-espanol-que-daba-esperanza-a-pacientes-con-cancer-de-pancreas\/#primaryimage\",\"url\":\"https:\/\/stacatarina.mx\/consejos\/wp-content\/uploads\/2026\/04\/Retiran-estudio-espanol-que-daba-esperanza-a-pacientes-con-cancer.jpg\",\"contentUrl\":\"https:\/\/stacatarina.mx\/consejos\/wp-content\/uploads\/2026\/04\/Retiran-estudio-espanol-que-daba-esperanza-a-pacientes-con-cancer.jpg\",\"width\":1500,\"height\":1000,\"caption\":\"Mariano Barbacid\"},{\"@type\":\"BreadcrumbList\",\"@id\":\"https:\/\/stacatarina.mx\/consejos\/retiran-estudio-espanol-que-daba-esperanza-a-pacientes-con-cancer-de-pancreas\/#breadcrumb\",\"itemListElement\":[{\"@type\":\"ListItem\",\"position\":1,\"name\":\"Inicio\",\"item\":\"https:\/\/stacatarina.mx\/consejos\/\"},{\"@type\":\"ListItem\",\"position\":2,\"name\":\"Retiran estudio espa\u00f1ol que daba esperanza a pacientes con c\u00e1ncer de p\u00e1ncreas\"}]},{\"@type\":\"WebSite\",\"@id\":\"https:\/\/stacatarina.mx\/consejos\/#website\",\"url\":\"https:\/\/stacatarina.mx\/consejos\/\",\"name\":\"Santa Catarina\",\"description\":\"\",\"publisher\":{\"@id\":\"https:\/\/stacatarina.mx\/consejos\/#organization\"},\"potentialAction\":[{\"@type\":\"SearchAction\",\"target\":{\"@type\":\"EntryPoint\",\"urlTemplate\":\"https:\/\/stacatarina.mx\/consejos\/?s={search_term_string}\"},\"query-input\":{\"@type\":\"PropertyValueSpecification\",\"valueRequired\":true,\"valueName\":\"search_term_string\"}}],\"inLanguage\":\"es\"},{\"@type\":\"Organization\",\"@id\":\"https:\/\/stacatarina.mx\/consejos\/#organization\",\"name\":\"Santa Catarina\",\"url\":\"https:\/\/stacatarina.mx\/consejos\/\",\"logo\":{\"@type\":\"ImageObject\",\"inLanguage\":\"es\",\"@id\":\"https:\/\/stacatarina.mx\/consejos\/#\/schema\/logo\/image\/\",\"url\":\"https:\/\/stacatarina.mx\/consejos\/wp-content\/uploads\/2024\/09\/cropped-favicon-1-1.png\",\"contentUrl\":\"https:\/\/stacatarina.mx\/consejos\/wp-content\/uploads\/2024\/09\/cropped-favicon-1-1.png\",\"width\":512,\"height\":512,\"caption\":\"Santa Catarina\"},\"image\":{\"@id\":\"https:\/\/stacatarina.mx\/consejos\/#\/schema\/logo\/image\/\"},\"sameAs\":[\"https:\/\/www.facebook.com\/stacatarinagob\/\",\"https:\/\/x.com\/stacatarinagob\",\"https:\/\/www.instagram.com\/stacatarinagob\/\",\"https:\/\/www.youtube.com\/channel\/UCK-6cQJL_904665N1_nLTWw\"]},{\"@type\":\"Person\",\"@id\":\"https:\/\/stacatarina.mx\/consejos\/#\/schema\/person\/0be60adffa8e4c4d0828fdf021450e8a\",\"name\":\"Pedro Mart\u00ednez\",\"image\":{\"@type\":\"ImageObject\",\"inLanguage\":\"es\",\"@id\":\"https:\/\/stacatarina.mx\/consejos\/#\/schema\/person\/image\/\",\"url\":\"https:\/\/stacatarina.mx\/consejos\/wp-content\/uploads\/2024\/09\/stacatarina.jpg\",\"contentUrl\":\"https:\/\/stacatarina.mx\/consejos\/wp-content\/uploads\/2024\/09\/stacatarina.jpg\",\"caption\":\"Pedro Mart\u00ednez\"},\"description\":\"Hola, soy Pedro Mart\u00ednez, redactor jefe del sitio oficial del ayuntamiento de Santa Catarina, en M\u00e9xico. Con m\u00e1s de diez a\u00f1os de experiencia en el periodismo local, tengo una pasi\u00f3n por la investigaci\u00f3n y la difusi\u00f3n de informaci\u00f3n que valoriza nuestra hermosa comunidad. Mi compromiso es hacer de Santa Catarina una referencia en materia de transparencia y comunicaci\u00f3n municipal.\",\"sameAs\":[\"https:\/\/stacatarina.mx\/\"]}]}<\/script>\n<!-- \/ Yoast SEO plugin. -->","yoast_head_json":{"title":"Retiran estudio espa\u00f1ol que daba esperanza a pacientes con c\u00e1ncer de p\u00e1ncreas - Consejos - Santa Catarina","robots":{"index":"index","follow":"follow","max-snippet":"max-snippet:-1","max-image-preview":"max-image-preview:large","max-video-preview":"max-video-preview:-1"},"canonical":"https:\/\/stacatarina.mx\/consejos\/retiran-estudio-espanol-que-daba-esperanza-a-pacientes-con-cancer-de-pancreas\/","og_locale":"es_MX","og_type":"article","og_title":"Retiran estudio espa\u00f1ol que daba esperanza a pacientes con c\u00e1ncer de p\u00e1ncreas - Consejos - Santa Catarina","og_description":"Cuando se trata de c\u00e1ncer de p\u00e1ncreas, las palabras siempre aterrizan en territorio fr\u00e1gil. Una terapia experimental, un resultado en ratones, una recaudaci\u00f3n de fondos,","og_url":"https:\/\/stacatarina.mx\/consejos\/retiran-estudio-espanol-que-daba-esperanza-a-pacientes-con-cancer-de-pancreas\/","og_site_name":"Santa Catarina","article_publisher":"https:\/\/www.facebook.com\/stacatarinagob\/","article_published_time":"2026-04-29T13:53:31+00:00","article_modified_time":"2026-04-29T13:53:34+00:00","og_image":[{"width":1500,"height":1000,"url":"https:\/\/stacatarina.mx\/consejos\/wp-content\/uploads\/2026\/04\/Retiran-estudio-espanol-que-daba-esperanza-a-pacientes-con-cancer.jpg","type":"image\/jpeg"}],"author":"Pedro Mart\u00ednez","twitter_card":"summary_large_image","twitter_creator":"@stacatarinagob","twitter_site":"@stacatarinagob","twitter_misc":{"Escrito por":"Pedro Mart\u00ednez","Tiempo de lectura":"6 minutos"},"schema":{"@context":"https:\/\/schema.org","@graph":[{"@type":"Article","@id":"https:\/\/stacatarina.mx\/consejos\/retiran-estudio-espanol-que-daba-esperanza-a-pacientes-con-cancer-de-pancreas\/#article","isPartOf":{"@id":"https:\/\/stacatarina.mx\/consejos\/retiran-estudio-espanol-que-daba-esperanza-a-pacientes-con-cancer-de-pancreas\/"},"author":{"name":"Pedro Mart\u00ednez","@id":"https:\/\/stacatarina.mx\/consejos\/#\/schema\/person\/0be60adffa8e4c4d0828fdf021450e8a"},"headline":"Retiran estudio espa\u00f1ol que daba esperanza a pacientes con c\u00e1ncer de p\u00e1ncreas","datePublished":"2026-04-29T13:53:31+00:00","dateModified":"2026-04-29T13:53:34+00:00","mainEntityOfPage":{"@id":"https:\/\/stacatarina.mx\/consejos\/retiran-estudio-espanol-que-daba-esperanza-a-pacientes-con-cancer-de-pancreas\/"},"wordCount":1179,"publisher":{"@id":"https:\/\/stacatarina.mx\/consejos\/#organization"},"image":{"@id":"https:\/\/stacatarina.mx\/consejos\/retiran-estudio-espanol-que-daba-esperanza-a-pacientes-con-cancer-de-pancreas\/#primaryimage"},"thumbnailUrl":"https:\/\/stacatarina.mx\/consejos\/wp-content\/uploads\/2026\/04\/Retiran-estudio-espanol-que-daba-esperanza-a-pacientes-con-cancer.jpg","keywords":["C\u00e1ncer","con","daba","espa\u00f1ol","esperanza","estudio","pacientes","p\u00e1ncreas","Retiran"],"articleSection":["Salud"],"inLanguage":"es"},{"@type":"WebPage","@id":"https:\/\/stacatarina.mx\/consejos\/retiran-estudio-espanol-que-daba-esperanza-a-pacientes-con-cancer-de-pancreas\/","url":"https:\/\/stacatarina.mx\/consejos\/retiran-estudio-espanol-que-daba-esperanza-a-pacientes-con-cancer-de-pancreas\/","name":"Retiran estudio espa\u00f1ol que daba esperanza a pacientes con c\u00e1ncer de p\u00e1ncreas - Consejos - Santa Catarina","isPartOf":{"@id":"https:\/\/stacatarina.mx\/consejos\/#website"},"primaryImageOfPage":{"@id":"https:\/\/stacatarina.mx\/consejos\/retiran-estudio-espanol-que-daba-esperanza-a-pacientes-con-cancer-de-pancreas\/#primaryimage"},"image":{"@id":"https:\/\/stacatarina.mx\/consejos\/retiran-estudio-espanol-que-daba-esperanza-a-pacientes-con-cancer-de-pancreas\/#primaryimage"},"thumbnailUrl":"https:\/\/stacatarina.mx\/consejos\/wp-content\/uploads\/2026\/04\/Retiran-estudio-espanol-que-daba-esperanza-a-pacientes-con-cancer.jpg","datePublished":"2026-04-29T13:53:31+00:00","dateModified":"2026-04-29T13:53:34+00:00","breadcrumb":{"@id":"https:\/\/stacatarina.mx\/consejos\/retiran-estudio-espanol-que-daba-esperanza-a-pacientes-con-cancer-de-pancreas\/#breadcrumb"},"inLanguage":"es","potentialAction":[{"@type":"ReadAction","target":["https:\/\/stacatarina.mx\/consejos\/retiran-estudio-espanol-que-daba-esperanza-a-pacientes-con-cancer-de-pancreas\/"]}]},{"@type":"ImageObject","inLanguage":"es","@id":"https:\/\/stacatarina.mx\/consejos\/retiran-estudio-espanol-que-daba-esperanza-a-pacientes-con-cancer-de-pancreas\/#primaryimage","url":"https:\/\/stacatarina.mx\/consejos\/wp-content\/uploads\/2026\/04\/Retiran-estudio-espanol-que-daba-esperanza-a-pacientes-con-cancer.jpg","contentUrl":"https:\/\/stacatarina.mx\/consejos\/wp-content\/uploads\/2026\/04\/Retiran-estudio-espanol-que-daba-esperanza-a-pacientes-con-cancer.jpg","width":1500,"height":1000,"caption":"Mariano Barbacid"},{"@type":"BreadcrumbList","@id":"https:\/\/stacatarina.mx\/consejos\/retiran-estudio-espanol-que-daba-esperanza-a-pacientes-con-cancer-de-pancreas\/#breadcrumb","itemListElement":[{"@type":"ListItem","position":1,"name":"Inicio","item":"https:\/\/stacatarina.mx\/consejos\/"},{"@type":"ListItem","position":2,"name":"Retiran estudio espa\u00f1ol que daba esperanza a pacientes con c\u00e1ncer de p\u00e1ncreas"}]},{"@type":"WebSite","@id":"https:\/\/stacatarina.mx\/consejos\/#website","url":"https:\/\/stacatarina.mx\/consejos\/","name":"Santa Catarina","description":"","publisher":{"@id":"https:\/\/stacatarina.mx\/consejos\/#organization"},"potentialAction":[{"@type":"SearchAction","target":{"@type":"EntryPoint","urlTemplate":"https:\/\/stacatarina.mx\/consejos\/?s={search_term_string}"},"query-input":{"@type":"PropertyValueSpecification","valueRequired":true,"valueName":"search_term_string"}}],"inLanguage":"es"},{"@type":"Organization","@id":"https:\/\/stacatarina.mx\/consejos\/#organization","name":"Santa Catarina","url":"https:\/\/stacatarina.mx\/consejos\/","logo":{"@type":"ImageObject","inLanguage":"es","@id":"https:\/\/stacatarina.mx\/consejos\/#\/schema\/logo\/image\/","url":"https:\/\/stacatarina.mx\/consejos\/wp-content\/uploads\/2024\/09\/cropped-favicon-1-1.png","contentUrl":"https:\/\/stacatarina.mx\/consejos\/wp-content\/uploads\/2024\/09\/cropped-favicon-1-1.png","width":512,"height":512,"caption":"Santa Catarina"},"image":{"@id":"https:\/\/stacatarina.mx\/consejos\/#\/schema\/logo\/image\/"},"sameAs":["https:\/\/www.facebook.com\/stacatarinagob\/","https:\/\/x.com\/stacatarinagob","https:\/\/www.instagram.com\/stacatarinagob\/","https:\/\/www.youtube.com\/channel\/UCK-6cQJL_904665N1_nLTWw"]},{"@type":"Person","@id":"https:\/\/stacatarina.mx\/consejos\/#\/schema\/person\/0be60adffa8e4c4d0828fdf021450e8a","name":"Pedro Mart\u00ednez","image":{"@type":"ImageObject","inLanguage":"es","@id":"https:\/\/stacatarina.mx\/consejos\/#\/schema\/person\/image\/","url":"https:\/\/stacatarina.mx\/consejos\/wp-content\/uploads\/2024\/09\/stacatarina.jpg","contentUrl":"https:\/\/stacatarina.mx\/consejos\/wp-content\/uploads\/2024\/09\/stacatarina.jpg","caption":"Pedro Mart\u00ednez"},"description":"Hola, soy Pedro Mart\u00ednez, redactor jefe del sitio oficial del ayuntamiento de Santa Catarina, en M\u00e9xico. Con m\u00e1s de diez a\u00f1os de experiencia en el periodismo local, tengo una pasi\u00f3n por la investigaci\u00f3n y la difusi\u00f3n de informaci\u00f3n que valoriza nuestra hermosa comunidad. Mi compromiso es hacer de Santa Catarina una referencia en materia de transparencia y comunicaci\u00f3n municipal.","sameAs":["https:\/\/stacatarina.mx\/"]}]}},"_links":{"self":[{"href":"https:\/\/stacatarina.mx\/consejos\/wp-json\/wp\/v2\/posts\/8977"}],"collection":[{"href":"https:\/\/stacatarina.mx\/consejos\/wp-json\/wp\/v2\/posts"}],"about":[{"href":"https:\/\/stacatarina.mx\/consejos\/wp-json\/wp\/v2\/types\/post"}],"author":[{"embeddable":true,"href":"https:\/\/stacatarina.mx\/consejos\/wp-json\/wp\/v2\/users\/1"}],"replies":[{"embeddable":true,"href":"https:\/\/stacatarina.mx\/consejos\/wp-json\/wp\/v2\/comments?post=8977"}],"version-history":[{"count":1,"href":"https:\/\/stacatarina.mx\/consejos\/wp-json\/wp\/v2\/posts\/8977\/revisions"}],"predecessor-version":[{"id":8979,"href":"https:\/\/stacatarina.mx\/consejos\/wp-json\/wp\/v2\/posts\/8977\/revisions\/8979"}],"wp:featuredmedia":[{"embeddable":true,"href":"https:\/\/stacatarina.mx\/consejos\/wp-json\/wp\/v2\/media\/8978"}],"wp:attachment":[{"href":"https:\/\/stacatarina.mx\/consejos\/wp-json\/wp\/v2\/media?parent=8977"}],"wp:term":[{"taxonomy":"category","embeddable":true,"href":"https:\/\/stacatarina.mx\/consejos\/wp-json\/wp\/v2\/categories?post=8977"},{"taxonomy":"post_tag","embeddable":true,"href":"https:\/\/stacatarina.mx\/consejos\/wp-json\/wp\/v2\/tags?post=8977"}],"curies":[{"name":"wp","href":"https:\/\/api.w.org\/{rel}","templated":true}]}}