{"id":8980,"date":"2026-04-29T15:53:27","date_gmt":"2026-04-29T21:53:27","guid":{"rendered":"https:\/\/stacatarina.mx\/consejos\/la-carrera-por-extraer-minerales-criticos-para-la-ia-y-la-energia-limpia-es\/"},"modified":"2026-04-29T15:53:29","modified_gmt":"2026-04-29T21:53:29","slug":"la-carrera-por-extraer-minerales-criticos-para-la-ia-y-la-energia-limpia-es","status":"publish","type":"post","link":"https:\/\/stacatarina.mx\/consejos\/la-carrera-por-extraer-minerales-criticos-para-la-ia-y-la-energia-limpia-es\/","title":{"rendered":"La carrera por extraer minerales cr\u00edticos para la IA y la energ\u00eda limpia es&#8230;"},"content":{"rendered":"<div class=\"entry-content\">\n<p>Hay una contradicci\u00f3n preocupante en el centro de la transici\u00f3n global hacia un futuro m\u00e1s limpio, m\u00e1s verde e impulsado por la tecnolog\u00eda: las tecnolog\u00edas modernas \u2013desde la inteligencia artificial hasta las turbinas e\u00f3licas, as\u00ed como los tel\u00e9fonos celulares, los veh\u00edculos el\u00e9ctricos y los sistemas de defensa\u2013 dependen de minerales cr\u00edticos. Pero muchas de las comunidades donde se extraen esos minerales terminan con agua contaminada y peor salud debido a la miner\u00eda.<\/p>\n<p>El litio alimenta las bater\u00edas. El cobalto los estabiliza. El cobre transporta electricidad. Los elementos de tierras raras hacen que las turbinas e\u00f3licas y los dispositivos digitales sean eficientes y duraderos. Cada uno de ellos es esencial para las tecnolog\u00edas de la cuarta revoluci\u00f3n industrial, pero tambi\u00e9n son t\u00f3xicos y requieren enormes cantidades de agua para extraerlos.<\/p>\n<p>Como investigadores del Instituto para el Agua, el Medio Ambiente y la Salud de la Universidad de las Naciones Unidas, hemos estado estudiando los impactos de la miner\u00eda de minerales cr\u00edticos en comunidades de todo el mundo. Nuestro nuevo informe muestra por qu\u00e9 la miner\u00eda terminar\u00e1 empeorando las vidas de algunas de las personas m\u00e1s pobres del mundo si no se monitorean y regulan las cadenas de suministro de minerales cr\u00edticos. https:\/\/www.youtube.com\/embed\/ipOeH7GW0M8?wmode=transparent&#038;start=0<\/p>\n<p>Uno de nosotros es de Oriente Medio, una regi\u00f3n que todav\u00eda sufre las consecuencias a largo plazo del suministro del combustible consumido para los notables avances econ\u00f3micos del siglo XX. Y uno de nosotros proviene de \u00c1frica, el continente que ahora act\u00faa como importante proveedor de los minerales cr\u00edticos que impulsan los avances tecnol\u00f3gicos en el siglo XXI.<\/p>\n<p>Bas\u00e1ndonos en nuestras experiencias y nuestras investigaciones, creemos que si no hay cambios importantes en la forma en que los pa\u00edses, las corporaciones y las comunidades administran los minerales cr\u00edticos, la humanidad corre el riesgo de reproducir las injusticias de la era de la extracci\u00f3n de petr\u00f3leo, esta vez con los avances tecnol\u00f3gicos destinados a abordar los problemas creados por los combustibles f\u00f3siles.<\/p>\n<h2 class=\"wp-block-heading\">La miner\u00eda contribuye a la creciente quiebra del agua<\/h2>\n<p>Uno de los impactos m\u00e1s significativos de la extracci\u00f3n de minerales cr\u00edticos es su efecto sobre el agua.<\/p>\n<p>S\u00f3lo en 2024, la producci\u00f3n mundial de litio requiri\u00f3 aproximadamente 456 mil millones de litros de agua. Esto equivale a las necesidades anuales de agua dom\u00e9stica de aproximadamente 62 millones de personas en el \u00c1frica subsahariana. Al mismo tiempo, gran parte del mundo se enfrenta a la quiebra del agua, lo que significa que las personas y las industrias est\u00e1n utilizando m\u00e1s agua dulce de la que la naturaleza puede reponer, lo que provoca da\u00f1os irrecuperables a los ecosistemas.<\/p>\n<figure class=\"wp-block-image\"><\/figure>\n<p>En regiones \u00e1ridas como el Salar de Atacama de Chile, las actividades mineras representan hasta el 65% del uso total del agua en la regi\u00f3n, compitiendo con la agricultura y los ecosistemas. Los niveles de agua subterr\u00e1nea han disminuido, las lagunas saladas se han reducido y los acu\u00edferos de agua dulce corren cada vez m\u00e1s riesgo de agotarse y contaminarse.<\/p>\n<p>La contaminaci\u00f3n del agua agrava problemas como este. La miner\u00eda genera grandes cantidades de desechos t\u00f3xicos y aguas residuales que contienen metales pesados, \u00e1cidos y residuos radiactivos.<\/p>\n<figure class=\"wp-block-image\"><img decoding=\"async\" src=\"https:\/\/images.theconversation.com\/files\/732866\/original\/file-20260428-69-oeg8d9.png?ixlib=rb-4.1.0&amp;q=45&amp;auto=format&amp;w=754&amp;fit=clip\" alt=\"El mapa muestra sitios cr\u00edticos de minas y dep\u00f3sitos de minerales y \u00e1reas con una gran cantidad de ellos.\"><\/figure>\n<p>La producci\u00f3n de minerales de tierras raras, por ejemplo, genera hasta 2.000 toneladas m\u00e9tricas de desechos por cada tonelada m\u00e9trica de material utilizable. Los minerales de tierras raras a menudo se extraen creando estanques de lixiviaci\u00f3n y agregando productos qu\u00edmicos para separar los metales. Cuando el efluente no se trata o se almacena incorrectamente, los qu\u00edmicos pueden filtrarse a las aguas subterr\u00e1neas y cursos de agua, contaminando acu\u00edferos y r\u00edos.<\/p>\n<p>En algunas partes del mundo, los r\u00edos cercanos a las minas de cobalto y cobre se han vuelto tan \u00e1cidos que las comunidades ya no pueden beber agua de ellos. Las poblaciones de peces han colapsado y las tierras de cultivo han sido envenenadas. La inseguridad h\u00eddrica ya no es un efecto secundario de la miner\u00eda; es un costo sist\u00e9mico.<\/p>\n<h2 class=\"wp-block-heading\">Crisis sanitarias ocultas en las cadenas de suministro<\/h2>\n<p>Las comunidades que viven cerca de estos sitios de extracci\u00f3n informan que hay personas que padecen enfermedades de la piel, enfermedades gastrointestinales, problemas de salud reproductiva y condiciones de salud cr\u00f3nicas asociadas con la exposici\u00f3n prolongada a metales pesados \u200b\u200ben agua y suelo contaminados.<\/p>\n<p>La evidencia de las regiones mineras de la Rep\u00fablica Democr\u00e1tica del Congo es particularmente cruda.<\/p>\n<p>Los estudios documentan altas tasas de abortos espont\u00e1neos, malformaciones cong\u00e9nitas y mortalidad infantil entre poblaciones expuestas a ambientes contaminados con cobalto y otros metales. Las salas de maternidad en el sur de la Rep\u00fablica Democr\u00e1tica del Congo que est\u00e1n cerca de las operaciones mineras reportan muchos m\u00e1s defectos de nacimiento que las que est\u00e1n m\u00e1s lejos. https:\/\/www.youtube.com\/embed\/xWt-4U54Y68?wmode=transparent&#038;start=5<\/p>\n<p>En las comunidades cercanas a las operaciones mineras, los residentes hablan de c\u00f3mo las mujeres y ni\u00f1as que viven cerca de las minas de cobalto y cobre han estado experimentando problemas de salud ginecol\u00f3gicos, incluidas infecciones, irregularidades menstruales, abortos espont\u00e1neos e infertilidad. Estos riesgos est\u00e1n relacionados con el contacto prolongado con agua contaminada, agravado por el acceso limitado al saneamiento y la atenci\u00f3n m\u00e9dica.<\/p>\n<p>En la regi\u00f3n de Antofagasta de Chile, la mortalidad por c\u00e1ncer es la m\u00e1s alta del pa\u00eds. Las tasas de c\u00e1ncer de pulm\u00f3n son casi tres veces superiores al promedio nacional. Los m\u00e9dicos de la regi\u00f3n tambi\u00e9n informan de un aumento de casos de trastornos neurol\u00f3gicos y del desarrollo, que relacionan con la exposici\u00f3n temprana al agua y al aire contaminados. https:\/\/www.youtube.com\/embed\/_pEbf5fUgWU?wmode=transparent&#038;start=0<\/p>\n<p>Se estima que miles de ni\u00f1os trabajan en minas artesanales de cobalto en la Rep\u00fablica Democr\u00e1tica del Congo. En las minas informales, pueden estar expuestos al polvo de cobalto y otros materiales peligrosos sin equipo de protecci\u00f3n.<\/p>\n<p>Estos riesgos para la salud se ven agravados por sistemas d\u00e9biles de agua, saneamiento y atenci\u00f3n m\u00e9dica. En 2024, s\u00f3lo alrededor de un tercio de la poblaci\u00f3n de la Rep\u00fablica Democr\u00e1tica del Congo contaba con al menos servicios b\u00e1sicos de agua potable.<\/p>\n<h2 class=\"wp-block-heading\">Costes alimentarios de la transici\u00f3n energ\u00e9tica<\/h2>\n<p>Los problemas de agua causados \u200b\u200bpor la extracci\u00f3n de minerales cr\u00edticos tambi\u00e9n representan una gran amenaza para los sistemas alimentarios locales. En Per\u00fa, la miner\u00eda del zinc ha contaminado la cuenca de Cunas. La escorrent\u00eda contamina el agua utilizada para regar los cultivos y proporcionar agua al ganado.<\/p>\n<p>En la regi\u00f3n boliviana de Uyuni, la miner\u00eda de litio ha provocado una persistente escasez de agua que dificulta cada vez m\u00e1s el cultivo de quinua, un cultivo b\u00e1sico fundamental para las dietas y econom\u00edas locales. En todo el \u201ctri\u00e1ngulo del litio\u201d m\u00e1s amplio formado por Argentina, Chile y Bolivia, la miner\u00eda ha reducido la disponibilidad de agua para cultivos y animales de granja.<\/p>\n<p>Patrones similares son evidentes en partes de la Rep\u00fablica Democr\u00e1tica del Congo y Zambia. En ambos pa\u00edses, los r\u00edos contaminados han contribuido a la disminuci\u00f3n de las poblaciones de peces y a enfermedades del ganado, perjudicando a los hogares que ya luchan por alimentarse.<\/p>\n<h2 class=\"wp-block-heading\">Formas de proteger a las comunidades mineras<\/h2>\n<p>La innovaci\u00f3n y los avances tecnol\u00f3gicos tienen el potencial de hacer el bien. Pero creemos que una transici\u00f3n energ\u00e9tica y digital justa y sostenible requiere acciones deliberadas para evitar la creaci\u00f3n de \u201czonas de sacrificio\u201d, lugares donde el bienestar humano y ecol\u00f3gico se sacrifica por avances tecnol\u00f3gicos.<\/p>\n<figure class=\"wp-block-image\"><img decoding=\"async\" src=\"https:\/\/images.theconversation.com\/files\/732608\/original\/file-20260427-57-elm6d0.jpg?ixlib=rb-4.1.0&amp;q=45&amp;auto=format&amp;w=754&amp;fit=clip\" alt=\"Un hombre con barro seco en los brazos desnudos se encuentra cerca de una mina llena de agua donde un ni\u00f1o y una mujer buscan minerales.\"><\/figure>\n<p>Una opci\u00f3n es crear una gobernanza internacional m\u00e1s fuerte. Ir m\u00e1s all\u00e1 de las directrices voluntarias y adoptar normas internacionales vinculantes, como tratados, leyes aplicables de diligencia debida en la cadena de suministro, normas medioambientales y de derechos humanos obligatorias para las operaciones mineras y, potencialmente, establecer un fideicomiso minero global que gestionar\u00eda los minerales cr\u00edticos como activos planetarios compartidos, podr\u00eda mejorar la protecci\u00f3n del agua, el control de la contaminaci\u00f3n y los derechos humanos en todas las cadenas de suministro de minerales.<\/p>\n<p>Las empresas tambi\u00e9n pueden invertir en tecnolog\u00edas mineras que consuman menos agua. Los pa\u00edses pueden reforzar sus controles de aguas residuales y ampliar el monitoreo y la presentaci\u00f3n de informes ambientales independientes.<\/p>\n<figure class=\"wp-block-image\"><img decoding=\"async\" src=\"https:\/\/images.theconversation.com\/files\/732610\/original\/file-20260427-71-spobgp.jpg?ixlib=rb-4.1.0&amp;q=45&amp;auto=format&amp;w=754&amp;fit=clip\" alt=\"Un gran estanque de contenci\u00f3n con bordes irregulares, caminos a sus lados y monta\u00f1as al fondo.\"><\/figure>\n<p>Los acuerdos de gobernanza que den a las comunidades locales e ind\u00edgenas una voz m\u00e1s fuerte, una participaci\u00f3n justa en los beneficios y una cogobernanza genuina de los recursos podr\u00edan reequilibrar a\u00fan m\u00e1s qui\u00e9n tiene el poder y qui\u00e9n corre el riesgo.<\/p>\n<p>Por el lado del consumo, ampliar la vida \u00fatil de los productos, ampliar el reciclaje y fomentar una menor dependencia de los minerales reci\u00e9n extra\u00eddos aliviar\u00eda la presi\u00f3n sobre las regiones con escasez de agua.<\/p>\n<p>Para las personas que utilizan estas tecnolog\u00edas, los costos sociales y ambientales inherentes a las cadenas de suministro de minerales cr\u00edticos a menudo est\u00e1n fuera de la vista y de la mente. Hacer visibles estos impactos puede permitir a los consumidores tomar decisiones informadas y participar en un mayor escrutinio de las pr\u00e1cticas corporativas.<\/p>\n<p>Los minerales cr\u00edticos son esenciales para avanzar en la sostenibilidad. Pero si se construyen tecnolog\u00edas m\u00e1s limpias de manera que resulten en r\u00edos contaminados, ni\u00f1os enfermos y comunidades despose\u00eddas, la transici\u00f3n no cumplir\u00e1 su promesa.<\/p>\n<p>Abraham Nunbogu, Investigador, Instituto para el Agua, el Medio Ambiente y la Salud (UNU-INWa, <em>Universidad de las Naciones Unidas<\/em> y Kaveh Madani, Director del Instituto de Agua, Medio Ambiente y Salud (UNU-INWEH), <em>Universidad de las Naciones Unidas<\/em><\/p>\n<p>Foto principal de Steve A Johnson en Unsplash<\/p>\n<\/p><\/div>\n","protected":false},"excerpt":{"rendered":"<p>Hay una contradicci\u00f3n preocupante en el centro de la transici\u00f3n global hacia un futuro m\u00e1s limpio, m\u00e1s verde e impulsado por la tecnolog\u00eda: las tecnolog\u00edas<\/p>\n","protected":false},"author":1,"featured_media":8981,"comment_status":"closed","ping_status":"","sticky":false,"template":"","format":"standard","meta":{"footnotes":""},"categories":[68],"tags":[4185,900,457,8326,8625,1810,4699,29,112],"class_list":["post-8980","post","type-post","status-publish","format-standard","has-post-thumbnail","hentry","category-fauna-y-flora","tag-carrera","tag-criticos","tag-energia","tag-es","tag-extraer","tag-limpia","tag-minerales","tag-para","tag-por","generate-columns","tablet-grid-50","mobile-grid-100","grid-parent","grid-50"],"yoast_head":"<!-- This site is optimized with the Yoast SEO plugin v23.4 - https:\/\/yoast.com\/wordpress\/plugins\/seo\/ -->\n<title>La carrera por extraer minerales cr\u00edticos para la IA y la energ\u00eda limpia es... - Consejos - Santa Catarina<\/title>\n<meta name=\"robots\" content=\"index, follow, max-snippet:-1, max-image-preview:large, max-video-preview:-1\" \/>\n<link rel=\"canonical\" href=\"https:\/\/stacatarina.mx\/consejos\/la-carrera-por-extraer-minerales-criticos-para-la-ia-y-la-energia-limpia-es\/\" \/>\n<meta property=\"og:locale\" content=\"es_MX\" \/>\n<meta property=\"og:type\" content=\"article\" \/>\n<meta property=\"og:title\" content=\"La carrera por extraer minerales cr\u00edticos para la IA y la energ\u00eda limpia es... - Consejos - Santa Catarina\" \/>\n<meta property=\"og:description\" content=\"Hay una contradicci\u00f3n preocupante en el centro de la transici\u00f3n global hacia un futuro m\u00e1s limpio, m\u00e1s verde e impulsado por la tecnolog\u00eda: las tecnolog\u00edas\" \/>\n<meta property=\"og:url\" content=\"https:\/\/stacatarina.mx\/consejos\/la-carrera-por-extraer-minerales-criticos-para-la-ia-y-la-energia-limpia-es\/\" \/>\n<meta property=\"og:site_name\" content=\"Santa Catarina\" \/>\n<meta property=\"article:publisher\" content=\"https:\/\/www.facebook.com\/stacatarinagob\/\" \/>\n<meta property=\"article:published_time\" content=\"2026-04-29T21:53:27+00:00\" \/>\n<meta property=\"article:modified_time\" content=\"2026-04-29T21:53:29+00:00\" \/>\n<meta property=\"og:image\" content=\"https:\/\/stacatarina.mx\/consejos\/wp-content\/uploads\/2026\/04\/La-carrera-por-extraer-minerales-criticos-para-la-IA-y.jpeg\" \/>\n\t<meta property=\"og:image:width\" content=\"900\" \/>\n\t<meta property=\"og:image:height\" content=\"506\" \/>\n\t<meta property=\"og:image:type\" content=\"image\/jpeg\" \/>\n<meta name=\"author\" content=\"Pedro Mart\u00ednez\" \/>\n<meta name=\"twitter:card\" content=\"summary_large_image\" \/>\n<meta name=\"twitter:creator\" content=\"@stacatarinagob\" \/>\n<meta name=\"twitter:site\" content=\"@stacatarinagob\" \/>\n<meta name=\"twitter:label1\" content=\"Escrito por\" \/>\n\t<meta name=\"twitter:data1\" content=\"Pedro Mart\u00ednez\" \/>\n\t<meta name=\"twitter:label2\" content=\"Tiempo de lectura\" \/>\n\t<meta name=\"twitter:data2\" content=\"9 minutos\" \/>\n<script type=\"application\/ld+json\" class=\"yoast-schema-graph\">{\"@context\":\"https:\/\/schema.org\",\"@graph\":[{\"@type\":\"Article\",\"@id\":\"https:\/\/stacatarina.mx\/consejos\/la-carrera-por-extraer-minerales-criticos-para-la-ia-y-la-energia-limpia-es\/#article\",\"isPartOf\":{\"@id\":\"https:\/\/stacatarina.mx\/consejos\/la-carrera-por-extraer-minerales-criticos-para-la-ia-y-la-energia-limpia-es\/\"},\"author\":{\"name\":\"Pedro Mart\u00ednez\",\"@id\":\"https:\/\/stacatarina.mx\/consejos\/#\/schema\/person\/0be60adffa8e4c4d0828fdf021450e8a\"},\"headline\":\"La carrera por extraer minerales cr\u00edticos para la IA y la energ\u00eda limpia es&#8230;\",\"datePublished\":\"2026-04-29T21:53:27+00:00\",\"dateModified\":\"2026-04-29T21:53:29+00:00\",\"mainEntityOfPage\":{\"@id\":\"https:\/\/stacatarina.mx\/consejos\/la-carrera-por-extraer-minerales-criticos-para-la-ia-y-la-energia-limpia-es\/\"},\"wordCount\":1726,\"publisher\":{\"@id\":\"https:\/\/stacatarina.mx\/consejos\/#organization\"},\"image\":{\"@id\":\"https:\/\/stacatarina.mx\/consejos\/la-carrera-por-extraer-minerales-criticos-para-la-ia-y-la-energia-limpia-es\/#primaryimage\"},\"thumbnailUrl\":\"https:\/\/stacatarina.mx\/consejos\/wp-content\/uploads\/2026\/04\/La-carrera-por-extraer-minerales-criticos-para-la-IA-y.jpeg\",\"keywords\":[\"carrera\",\"cr\u00edticos\",\"Energ\u00eda\",\"es..\",\"extraer\",\"limpia\",\"minerales\",\"para\",\"por\"],\"articleSection\":[\"Fauna y Flora\"],\"inLanguage\":\"es\"},{\"@type\":\"WebPage\",\"@id\":\"https:\/\/stacatarina.mx\/consejos\/la-carrera-por-extraer-minerales-criticos-para-la-ia-y-la-energia-limpia-es\/\",\"url\":\"https:\/\/stacatarina.mx\/consejos\/la-carrera-por-extraer-minerales-criticos-para-la-ia-y-la-energia-limpia-es\/\",\"name\":\"La carrera por extraer minerales cr\u00edticos para la IA y la energ\u00eda limpia es... - Consejos - Santa Catarina\",\"isPartOf\":{\"@id\":\"https:\/\/stacatarina.mx\/consejos\/#website\"},\"primaryImageOfPage\":{\"@id\":\"https:\/\/stacatarina.mx\/consejos\/la-carrera-por-extraer-minerales-criticos-para-la-ia-y-la-energia-limpia-es\/#primaryimage\"},\"image\":{\"@id\":\"https:\/\/stacatarina.mx\/consejos\/la-carrera-por-extraer-minerales-criticos-para-la-ia-y-la-energia-limpia-es\/#primaryimage\"},\"thumbnailUrl\":\"https:\/\/stacatarina.mx\/consejos\/wp-content\/uploads\/2026\/04\/La-carrera-por-extraer-minerales-criticos-para-la-IA-y.jpeg\",\"datePublished\":\"2026-04-29T21:53:27+00:00\",\"dateModified\":\"2026-04-29T21:53:29+00:00\",\"breadcrumb\":{\"@id\":\"https:\/\/stacatarina.mx\/consejos\/la-carrera-por-extraer-minerales-criticos-para-la-ia-y-la-energia-limpia-es\/#breadcrumb\"},\"inLanguage\":\"es\",\"potentialAction\":[{\"@type\":\"ReadAction\",\"target\":[\"https:\/\/stacatarina.mx\/consejos\/la-carrera-por-extraer-minerales-criticos-para-la-ia-y-la-energia-limpia-es\/\"]}]},{\"@type\":\"ImageObject\",\"inLanguage\":\"es\",\"@id\":\"https:\/\/stacatarina.mx\/consejos\/la-carrera-por-extraer-minerales-criticos-para-la-ia-y-la-energia-limpia-es\/#primaryimage\",\"url\":\"https:\/\/stacatarina.mx\/consejos\/wp-content\/uploads\/2026\/04\/La-carrera-por-extraer-minerales-criticos-para-la-IA-y.jpeg\",\"contentUrl\":\"https:\/\/stacatarina.mx\/consejos\/wp-content\/uploads\/2026\/04\/La-carrera-por-extraer-minerales-criticos-para-la-IA-y.jpeg\",\"width\":900,\"height\":506,\"caption\":\"The race to mine critical minerals for AI and clean energy is creating \u2018sacrifice zones\u2019 that harm water and health of world\u2019s\u00a0poor\"},{\"@type\":\"BreadcrumbList\",\"@id\":\"https:\/\/stacatarina.mx\/consejos\/la-carrera-por-extraer-minerales-criticos-para-la-ia-y-la-energia-limpia-es\/#breadcrumb\",\"itemListElement\":[{\"@type\":\"ListItem\",\"position\":1,\"name\":\"Inicio\",\"item\":\"https:\/\/stacatarina.mx\/consejos\/\"},{\"@type\":\"ListItem\",\"position\":2,\"name\":\"La carrera por extraer minerales cr\u00edticos para la IA y la energ\u00eda limpia es&#8230;\"}]},{\"@type\":\"WebSite\",\"@id\":\"https:\/\/stacatarina.mx\/consejos\/#website\",\"url\":\"https:\/\/stacatarina.mx\/consejos\/\",\"name\":\"Santa Catarina\",\"description\":\"\",\"publisher\":{\"@id\":\"https:\/\/stacatarina.mx\/consejos\/#organization\"},\"potentialAction\":[{\"@type\":\"SearchAction\",\"target\":{\"@type\":\"EntryPoint\",\"urlTemplate\":\"https:\/\/stacatarina.mx\/consejos\/?s={search_term_string}\"},\"query-input\":{\"@type\":\"PropertyValueSpecification\",\"valueRequired\":true,\"valueName\":\"search_term_string\"}}],\"inLanguage\":\"es\"},{\"@type\":\"Organization\",\"@id\":\"https:\/\/stacatarina.mx\/consejos\/#organization\",\"name\":\"Santa Catarina\",\"url\":\"https:\/\/stacatarina.mx\/consejos\/\",\"logo\":{\"@type\":\"ImageObject\",\"inLanguage\":\"es\",\"@id\":\"https:\/\/stacatarina.mx\/consejos\/#\/schema\/logo\/image\/\",\"url\":\"https:\/\/stacatarina.mx\/consejos\/wp-content\/uploads\/2024\/09\/cropped-favicon-1-1.png\",\"contentUrl\":\"https:\/\/stacatarina.mx\/consejos\/wp-content\/uploads\/2024\/09\/cropped-favicon-1-1.png\",\"width\":512,\"height\":512,\"caption\":\"Santa Catarina\"},\"image\":{\"@id\":\"https:\/\/stacatarina.mx\/consejos\/#\/schema\/logo\/image\/\"},\"sameAs\":[\"https:\/\/www.facebook.com\/stacatarinagob\/\",\"https:\/\/x.com\/stacatarinagob\",\"https:\/\/www.instagram.com\/stacatarinagob\/\",\"https:\/\/www.youtube.com\/channel\/UCK-6cQJL_904665N1_nLTWw\"]},{\"@type\":\"Person\",\"@id\":\"https:\/\/stacatarina.mx\/consejos\/#\/schema\/person\/0be60adffa8e4c4d0828fdf021450e8a\",\"name\":\"Pedro Mart\u00ednez\",\"image\":{\"@type\":\"ImageObject\",\"inLanguage\":\"es\",\"@id\":\"https:\/\/stacatarina.mx\/consejos\/#\/schema\/person\/image\/\",\"url\":\"https:\/\/stacatarina.mx\/consejos\/wp-content\/uploads\/2024\/09\/stacatarina.jpg\",\"contentUrl\":\"https:\/\/stacatarina.mx\/consejos\/wp-content\/uploads\/2024\/09\/stacatarina.jpg\",\"caption\":\"Pedro Mart\u00ednez\"},\"description\":\"Hola, soy Pedro Mart\u00ednez, redactor jefe del sitio oficial del ayuntamiento de Santa Catarina, en M\u00e9xico. Con m\u00e1s de diez a\u00f1os de experiencia en el periodismo local, tengo una pasi\u00f3n por la investigaci\u00f3n y la difusi\u00f3n de informaci\u00f3n que valoriza nuestra hermosa comunidad. Mi compromiso es hacer de Santa Catarina una referencia en materia de transparencia y comunicaci\u00f3n municipal.\",\"sameAs\":[\"https:\/\/stacatarina.mx\/\"]}]}<\/script>\n<!-- \/ Yoast SEO plugin. -->","yoast_head_json":{"title":"La carrera por extraer minerales cr\u00edticos para la IA y la energ\u00eda limpia es... - Consejos - Santa Catarina","robots":{"index":"index","follow":"follow","max-snippet":"max-snippet:-1","max-image-preview":"max-image-preview:large","max-video-preview":"max-video-preview:-1"},"canonical":"https:\/\/stacatarina.mx\/consejos\/la-carrera-por-extraer-minerales-criticos-para-la-ia-y-la-energia-limpia-es\/","og_locale":"es_MX","og_type":"article","og_title":"La carrera por extraer minerales cr\u00edticos para la IA y la energ\u00eda limpia es... - Consejos - Santa Catarina","og_description":"Hay una contradicci\u00f3n preocupante en el centro de la transici\u00f3n global hacia un futuro m\u00e1s limpio, m\u00e1s verde e impulsado por la tecnolog\u00eda: las tecnolog\u00edas","og_url":"https:\/\/stacatarina.mx\/consejos\/la-carrera-por-extraer-minerales-criticos-para-la-ia-y-la-energia-limpia-es\/","og_site_name":"Santa Catarina","article_publisher":"https:\/\/www.facebook.com\/stacatarinagob\/","article_published_time":"2026-04-29T21:53:27+00:00","article_modified_time":"2026-04-29T21:53:29+00:00","og_image":[{"width":900,"height":506,"url":"https:\/\/stacatarina.mx\/consejos\/wp-content\/uploads\/2026\/04\/La-carrera-por-extraer-minerales-criticos-para-la-IA-y.jpeg","type":"image\/jpeg"}],"author":"Pedro Mart\u00ednez","twitter_card":"summary_large_image","twitter_creator":"@stacatarinagob","twitter_site":"@stacatarinagob","twitter_misc":{"Escrito por":"Pedro Mart\u00ednez","Tiempo de lectura":"9 minutos"},"schema":{"@context":"https:\/\/schema.org","@graph":[{"@type":"Article","@id":"https:\/\/stacatarina.mx\/consejos\/la-carrera-por-extraer-minerales-criticos-para-la-ia-y-la-energia-limpia-es\/#article","isPartOf":{"@id":"https:\/\/stacatarina.mx\/consejos\/la-carrera-por-extraer-minerales-criticos-para-la-ia-y-la-energia-limpia-es\/"},"author":{"name":"Pedro Mart\u00ednez","@id":"https:\/\/stacatarina.mx\/consejos\/#\/schema\/person\/0be60adffa8e4c4d0828fdf021450e8a"},"headline":"La carrera por extraer minerales cr\u00edticos para la IA y la energ\u00eda limpia es&#8230;","datePublished":"2026-04-29T21:53:27+00:00","dateModified":"2026-04-29T21:53:29+00:00","mainEntityOfPage":{"@id":"https:\/\/stacatarina.mx\/consejos\/la-carrera-por-extraer-minerales-criticos-para-la-ia-y-la-energia-limpia-es\/"},"wordCount":1726,"publisher":{"@id":"https:\/\/stacatarina.mx\/consejos\/#organization"},"image":{"@id":"https:\/\/stacatarina.mx\/consejos\/la-carrera-por-extraer-minerales-criticos-para-la-ia-y-la-energia-limpia-es\/#primaryimage"},"thumbnailUrl":"https:\/\/stacatarina.mx\/consejos\/wp-content\/uploads\/2026\/04\/La-carrera-por-extraer-minerales-criticos-para-la-IA-y.jpeg","keywords":["carrera","cr\u00edticos","Energ\u00eda","es..","extraer","limpia","minerales","para","por"],"articleSection":["Fauna y Flora"],"inLanguage":"es"},{"@type":"WebPage","@id":"https:\/\/stacatarina.mx\/consejos\/la-carrera-por-extraer-minerales-criticos-para-la-ia-y-la-energia-limpia-es\/","url":"https:\/\/stacatarina.mx\/consejos\/la-carrera-por-extraer-minerales-criticos-para-la-ia-y-la-energia-limpia-es\/","name":"La carrera por extraer minerales cr\u00edticos para la IA y la energ\u00eda limpia es... - Consejos - Santa Catarina","isPartOf":{"@id":"https:\/\/stacatarina.mx\/consejos\/#website"},"primaryImageOfPage":{"@id":"https:\/\/stacatarina.mx\/consejos\/la-carrera-por-extraer-minerales-criticos-para-la-ia-y-la-energia-limpia-es\/#primaryimage"},"image":{"@id":"https:\/\/stacatarina.mx\/consejos\/la-carrera-por-extraer-minerales-criticos-para-la-ia-y-la-energia-limpia-es\/#primaryimage"},"thumbnailUrl":"https:\/\/stacatarina.mx\/consejos\/wp-content\/uploads\/2026\/04\/La-carrera-por-extraer-minerales-criticos-para-la-IA-y.jpeg","datePublished":"2026-04-29T21:53:27+00:00","dateModified":"2026-04-29T21:53:29+00:00","breadcrumb":{"@id":"https:\/\/stacatarina.mx\/consejos\/la-carrera-por-extraer-minerales-criticos-para-la-ia-y-la-energia-limpia-es\/#breadcrumb"},"inLanguage":"es","potentialAction":[{"@type":"ReadAction","target":["https:\/\/stacatarina.mx\/consejos\/la-carrera-por-extraer-minerales-criticos-para-la-ia-y-la-energia-limpia-es\/"]}]},{"@type":"ImageObject","inLanguage":"es","@id":"https:\/\/stacatarina.mx\/consejos\/la-carrera-por-extraer-minerales-criticos-para-la-ia-y-la-energia-limpia-es\/#primaryimage","url":"https:\/\/stacatarina.mx\/consejos\/wp-content\/uploads\/2026\/04\/La-carrera-por-extraer-minerales-criticos-para-la-IA-y.jpeg","contentUrl":"https:\/\/stacatarina.mx\/consejos\/wp-content\/uploads\/2026\/04\/La-carrera-por-extraer-minerales-criticos-para-la-IA-y.jpeg","width":900,"height":506,"caption":"The race to mine critical minerals for AI and clean energy is creating \u2018sacrifice zones\u2019 that harm water and health of world\u2019s\u00a0poor"},{"@type":"BreadcrumbList","@id":"https:\/\/stacatarina.mx\/consejos\/la-carrera-por-extraer-minerales-criticos-para-la-ia-y-la-energia-limpia-es\/#breadcrumb","itemListElement":[{"@type":"ListItem","position":1,"name":"Inicio","item":"https:\/\/stacatarina.mx\/consejos\/"},{"@type":"ListItem","position":2,"name":"La carrera por extraer minerales cr\u00edticos para la IA y la energ\u00eda limpia es&#8230;"}]},{"@type":"WebSite","@id":"https:\/\/stacatarina.mx\/consejos\/#website","url":"https:\/\/stacatarina.mx\/consejos\/","name":"Santa Catarina","description":"","publisher":{"@id":"https:\/\/stacatarina.mx\/consejos\/#organization"},"potentialAction":[{"@type":"SearchAction","target":{"@type":"EntryPoint","urlTemplate":"https:\/\/stacatarina.mx\/consejos\/?s={search_term_string}"},"query-input":{"@type":"PropertyValueSpecification","valueRequired":true,"valueName":"search_term_string"}}],"inLanguage":"es"},{"@type":"Organization","@id":"https:\/\/stacatarina.mx\/consejos\/#organization","name":"Santa Catarina","url":"https:\/\/stacatarina.mx\/consejos\/","logo":{"@type":"ImageObject","inLanguage":"es","@id":"https:\/\/stacatarina.mx\/consejos\/#\/schema\/logo\/image\/","url":"https:\/\/stacatarina.mx\/consejos\/wp-content\/uploads\/2024\/09\/cropped-favicon-1-1.png","contentUrl":"https:\/\/stacatarina.mx\/consejos\/wp-content\/uploads\/2024\/09\/cropped-favicon-1-1.png","width":512,"height":512,"caption":"Santa Catarina"},"image":{"@id":"https:\/\/stacatarina.mx\/consejos\/#\/schema\/logo\/image\/"},"sameAs":["https:\/\/www.facebook.com\/stacatarinagob\/","https:\/\/x.com\/stacatarinagob","https:\/\/www.instagram.com\/stacatarinagob\/","https:\/\/www.youtube.com\/channel\/UCK-6cQJL_904665N1_nLTWw"]},{"@type":"Person","@id":"https:\/\/stacatarina.mx\/consejos\/#\/schema\/person\/0be60adffa8e4c4d0828fdf021450e8a","name":"Pedro Mart\u00ednez","image":{"@type":"ImageObject","inLanguage":"es","@id":"https:\/\/stacatarina.mx\/consejos\/#\/schema\/person\/image\/","url":"https:\/\/stacatarina.mx\/consejos\/wp-content\/uploads\/2024\/09\/stacatarina.jpg","contentUrl":"https:\/\/stacatarina.mx\/consejos\/wp-content\/uploads\/2024\/09\/stacatarina.jpg","caption":"Pedro Mart\u00ednez"},"description":"Hola, soy Pedro Mart\u00ednez, redactor jefe del sitio oficial del ayuntamiento de Santa Catarina, en M\u00e9xico. Con m\u00e1s de diez a\u00f1os de experiencia en el periodismo local, tengo una pasi\u00f3n por la investigaci\u00f3n y la difusi\u00f3n de informaci\u00f3n que valoriza nuestra hermosa comunidad. Mi compromiso es hacer de Santa Catarina una referencia en materia de transparencia y comunicaci\u00f3n municipal.","sameAs":["https:\/\/stacatarina.mx\/"]}]}},"_links":{"self":[{"href":"https:\/\/stacatarina.mx\/consejos\/wp-json\/wp\/v2\/posts\/8980"}],"collection":[{"href":"https:\/\/stacatarina.mx\/consejos\/wp-json\/wp\/v2\/posts"}],"about":[{"href":"https:\/\/stacatarina.mx\/consejos\/wp-json\/wp\/v2\/types\/post"}],"author":[{"embeddable":true,"href":"https:\/\/stacatarina.mx\/consejos\/wp-json\/wp\/v2\/users\/1"}],"replies":[{"embeddable":true,"href":"https:\/\/stacatarina.mx\/consejos\/wp-json\/wp\/v2\/comments?post=8980"}],"version-history":[{"count":1,"href":"https:\/\/stacatarina.mx\/consejos\/wp-json\/wp\/v2\/posts\/8980\/revisions"}],"predecessor-version":[{"id":8982,"href":"https:\/\/stacatarina.mx\/consejos\/wp-json\/wp\/v2\/posts\/8980\/revisions\/8982"}],"wp:featuredmedia":[{"embeddable":true,"href":"https:\/\/stacatarina.mx\/consejos\/wp-json\/wp\/v2\/media\/8981"}],"wp:attachment":[{"href":"https:\/\/stacatarina.mx\/consejos\/wp-json\/wp\/v2\/media?parent=8980"}],"wp:term":[{"taxonomy":"category","embeddable":true,"href":"https:\/\/stacatarina.mx\/consejos\/wp-json\/wp\/v2\/categories?post=8980"},{"taxonomy":"post_tag","embeddable":true,"href":"https:\/\/stacatarina.mx\/consejos\/wp-json\/wp\/v2\/tags?post=8980"}],"curies":[{"name":"wp","href":"https:\/\/api.w.org\/{rel}","templated":true}]}}