{"id":8983,"date":"2026-04-29T20:52:37","date_gmt":"2026-04-30T02:52:37","guid":{"rendered":"https:\/\/stacatarina.mx\/consejos\/las-turberas-son-vitales-para-abordar-el-cambio-climatico-pero-los-cientificos\/"},"modified":"2026-04-29T20:52:38","modified_gmt":"2026-04-30T02:52:38","slug":"las-turberas-son-vitales-para-abordar-el-cambio-climatico-pero-los-cientificos","status":"publish","type":"post","link":"https:\/\/stacatarina.mx\/consejos\/las-turberas-son-vitales-para-abordar-el-cambio-climatico-pero-los-cientificos\/","title":{"rendered":"Las turberas son vitales para abordar el cambio clim\u00e1tico, pero los cient\u00edficos&#8230;"},"content":{"rendered":"<div class=\"entry-content\">\n<p>Empuje un sacatestigos de metal en una turbera y obtendr\u00e1 algo extraordinario: un material oscuro, denso, parecido a una esponja, hecho de plantas parcialmente descompuestas. Esta turba es rica en carbono. En algunos lugares, esa turba se ha ido acumulando durante miles de a\u00f1os. Las turberas son los ecosistemas donde esto sucede.<\/p>\n<p>La turba a menudo se asocia con las turberas de Escocia o Irlanda, pero las turberas se encuentran en todos los continentes, desde el \u00c1rtico hasta los tr\u00f3picos. Pueden asentarse bajo p\u00e1ramos abiertos, bajo bosques pantanosos o en llanuras aluviales remotas. Lo que los une es el agua: en suelos h\u00famedos y pobres en ox\u00edgeno, el material vegetal muerto no se pudre por completo, por lo que el carbono se acumula durante siglos y milenios.<\/p>\n<p>Eso hace que las turberas sean globalmente importantes. Aunque cubren s\u00f3lo entre el 3% y el 4% de la superficie terrestre de la Tierra, almacenan casi un tercio del carbono del suelo del mundo. Cuando permanecen intactos, pueden seguir reteniendo carbono durante per\u00edodos de tiempo muy largos. Pero cuando se drenan o se convierten para la agricultura, la silvicultura o el desarrollo, ese carbono almacenado queda expuesto al aire y devuelto a la atm\u00f3sfera en forma de gases de efecto invernadero, incluido el di\u00f3xido de carbono. Por lo tanto, las turberas pueden convertirse en fuentes importantes de emisiones de gases de efecto invernadero cuando se degradan. A nivel mundial, se estima que la degradaci\u00f3n de las turberas representa alrededor del 5% al \u200b\u200b10% de las emisiones anuales de di\u00f3xido de carbono causadas por el hombre.<\/p>\n<p>Para ecosistemas tan importantes para el ciclo global del carbono, todav\u00eda sabemos sorprendentemente poco sobre algunas cosas b\u00e1sicas.<\/p>\n<p>Una de las preguntas m\u00e1s importantes es sencilla: \u00bfd\u00f3nde est\u00e1n todas las turberas del mundo? Esto puede parecer una pregunta que los cient\u00edficos ya deber\u00edan haber respondido. Pero muchas turberas son dif\u00edciles de detectar desde la superficie, de dif\u00edcil acceso o se encuentran debajo de densos bosques. Grandes zonas de los tr\u00f3picos siguen estando mal cartografiadas.<\/p>\n<p>Lo que podr\u00eda ser el complejo de turberas tropicales m\u00e1s grande del mundo, en la cuenca del Congo, no fue confirmado formalmente a la ciencia hasta 2017. Ese descubrimiento fue sorprendente no solo por su tama\u00f1o, sino porque demostr\u00f3 que importantes reservas de carbono a nivel mundial a\u00fan pueden permanecer efectivamente ocultas a simple vista.<\/p>\n<p>Esta incertidumbre importa. Si los pa\u00edses no saben d\u00f3nde est\u00e1n sus turberas, no pueden tenerlas plenamente en cuenta en los planes clim\u00e1ticos, las estrategias de biodiversidad o los inventarios nacionales de gases de efecto invernadero. Y si todav\u00eda estamos refinando las estimaciones de la extensi\u00f3n de las turberas, tambi\u00e9n estamos refinando las estimaciones de cu\u00e1nto carbono almacenan.<\/p>\n<p>Esa brecha fue una de las razones detr\u00e1s de un nuevo estudio del que soy coautor. En lugar de intentar responder una \u00fanica pregunta sobre las turberas, planteamos una m\u00e1s amplia: \u00bfqu\u00e9 cree la comunidad de las turberas que la ciencia necesita resolver con mayor urgencia?<\/p>\n<p>Trabajando con una red global de m\u00e1s de 100 coautores, mi equipo realiz\u00f3 una encuesta abierta en 21 idiomas y recibi\u00f3 respuestas de m\u00e1s de 450 personas en 54 pa\u00edses. Entre los participantes hab\u00eda investigadores, responsables pol\u00edticos y profesionales. Luego, un panel independiente prioriz\u00f3 las respuestas y gener\u00f3 50 preguntas para la ciencia de las turberas durante la pr\u00f3xima d\u00e9cada. Lo que surgi\u00f3 no fue s\u00f3lo un conjunto de cuestiones t\u00e9cnicas estrechas. Mostr\u00f3 una disciplina que est\u00e1 cambiando r\u00e1pidamente.<\/p>\n<figure class=\"wp-block-image\"><\/figure>\n<p>Algunas prioridades fueron sorprendentemente fundamentales. Los participantes destacaron la necesidad de mapear mejor las turberas, especialmente en las regiones tropicales mal estudiadas (las turberas del Congo son un excelente ejemplo de este punto), y de mejorar las estimaciones del almacenamiento global de carbono y las emisiones de gases de efecto invernadero. Otros se centraron en c\u00f3mo responder\u00e1n las turberas al cambio clim\u00e1tico: si la sequ\u00eda, los incendios y el calentamiento podr\u00edan empujar a algunas turberas a superar puntos cr\u00edticos en los que liberan m\u00e1s carbono del que almacenan.<\/p>\n<p>La restauraci\u00f3n fue otra preocupaci\u00f3n importante. Ya existe un amplio acuerdo en que conservar las turberas intactas y rehumedecer las drenadas es esencial para los objetivos clim\u00e1ticos y de biodiversidad: es necesario rehumedecer al menos 30 millones de hect\u00e1reas de turberas degradadas para 2030 como primer paso hacia el cumplimiento de los objetivos de cambio clim\u00e1tico. Pero la restauraci\u00f3n no es una receta sencilla. Una turbera da\u00f1ada en Gran Breta\u00f1a es diferente a un bosque pantanoso de turba tropical drenado en Indonesia o a una turbera de permafrost en el \u00c1rtico. Lo que funciona en un lugar puede no traducirse claramente en otro.<\/p>\n<h2 class=\"wp-block-heading\">Turba, energ\u00eda y gente.<\/h2>\n<p>Igual de sorprendente fue la frecuencia con la que la gente plante\u00f3 preguntas sobre las comunidades, los medios de vida, el poder y la justicia. Las turberas no son paisajes vac\u00edos esperando ser arreglados.<\/p>\n<p>En muchos lugares se viven, se trabajan y son culturalmente significativos. Los participantes preguntaron c\u00f3mo el conocimiento local e ind\u00edgena puede dar forma a la restauraci\u00f3n, c\u00f3mo la \u201cpaludicultura\u201d de agricultura h\u00fameda (cultivos en turberas o humedales rehumedecidos) y otros medios de vida en las turberas podr\u00edan funcionar en la pr\u00e1ctica, y si los beneficios del financiamiento y la conservaci\u00f3n del carbono realmente llegar\u00e1n a las comunidades locales.<\/p>\n<p>As\u00ed pues, la ciencia de las turberas ya no se limita a describir estos ecosistemas. Se trata cada vez m\u00e1s de decisiones: qu\u00e9 turberas se protegen, cu\u00e1les se restauran, c\u00f3mo se utiliza la tierra, qui\u00e9n soporta los costos y qui\u00e9n se beneficia.<\/p>\n<p>Nuestro estudio tiene l\u00edmites. La mayor\u00eda de los encuestados eran investigadores, y algunas regiones y perspectivas ricas en turberas estaban menos representadas que otras. As\u00ed que este no es un modelo final de c\u00f3mo deber\u00eda ser la ciencia de las turberas en todas partes. Pero s\u00ed ofrece una instant\u00e1nea informada por la comunidad de d\u00f3nde se encuentran ahora las mayores brechas.<\/p>\n<p>Durante mucho tiempo, las turberas fueron tratadas como lugares marginales y empapados en el borde de tierras m\u00e1s \u00fatiles. Las turberas ahora se est\u00e1n volviendo fundamentales para la regulaci\u00f3n del clima, la seguridad h\u00eddrica, la biodiversidad y los medios de vida de muchas personas que viven en ellas y sus alrededores.<\/p>\n<p>Sacar turba del suelo significa tocar material que se ha ido acumulando durante milenios. Es un recordatorio de que estos paisajes funcionan en escalas de tiempo mucho m\u00e1s largas que la nuestra. Pero las decisiones que dar\u00e1n forma a su futuro se est\u00e1n tomando ahora y ayudar\u00e1n a decidir no s\u00f3lo si las turberas siguen siendo un amortiguador clim\u00e1tico o se convierten en otra fuente de inestabilidad, sino tambi\u00e9n qui\u00e9n se beneficiar\u00e1 de su protecci\u00f3n y restauraci\u00f3n en el futuro.<\/p>\n<hr class=\"wp-block-separator has-alpha-channel-opacity\">\n<p>Alice Milner, Profesora Asociada, Departamento de Geograf\u00eda, <em>Royal Holloway, Universidad de Londres<\/em><\/p>\n<p>Foto principal: Una turbera en el Parque Nacional Tierra del Fuego, Argentina. Ororu\/Shutterstock<\/p>\n<\/p><\/div>\n","protected":false},"excerpt":{"rendered":"<p>Empuje un sacatestigos de metal en una turbera y obtendr\u00e1 algo extraordinario: un material oscuro, denso, parecido a una esponja, hecho de plantas parcialmente descompuestas.<\/p>\n","protected":false},"author":1,"featured_media":8984,"comment_status":"closed","ping_status":"","sticky":false,"template":"","format":"standard","meta":{"footnotes":""},"categories":[68],"tags":[1003,349,2237,350,34,62,29,165,369,7967,5356],"class_list":["post-8983","post","type-post","status-publish","format-standard","has-post-thumbnail","hentry","category-fauna-y-flora","tag-abordar","tag-cambio","tag-cientificos","tag-climatico","tag-las","tag-los","tag-para","tag-pero","tag-son","tag-turberas","tag-vitales","generate-columns","tablet-grid-50","mobile-grid-100","grid-parent","grid-50"],"yoast_head":"<!-- This site is optimized with the Yoast SEO plugin v23.4 - https:\/\/yoast.com\/wordpress\/plugins\/seo\/ -->\n<title>Las turberas son vitales para abordar el cambio clim\u00e1tico, pero los cient\u00edficos... - Consejos - Santa Catarina<\/title>\n<meta name=\"robots\" content=\"index, follow, max-snippet:-1, max-image-preview:large, max-video-preview:-1\" \/>\n<link rel=\"canonical\" href=\"https:\/\/stacatarina.mx\/consejos\/las-turberas-son-vitales-para-abordar-el-cambio-climatico-pero-los-cientificos\/\" \/>\n<meta property=\"og:locale\" content=\"es_MX\" \/>\n<meta property=\"og:type\" content=\"article\" \/>\n<meta property=\"og:title\" content=\"Las turberas son vitales para abordar el cambio clim\u00e1tico, pero los cient\u00edficos... - Consejos - Santa Catarina\" \/>\n<meta property=\"og:description\" content=\"Empuje un sacatestigos de metal en una turbera y obtendr\u00e1 algo extraordinario: un material oscuro, denso, parecido a una esponja, hecho de plantas parcialmente descompuestas.\" \/>\n<meta property=\"og:url\" content=\"https:\/\/stacatarina.mx\/consejos\/las-turberas-son-vitales-para-abordar-el-cambio-climatico-pero-los-cientificos\/\" \/>\n<meta property=\"og:site_name\" content=\"Santa Catarina\" \/>\n<meta property=\"article:publisher\" content=\"https:\/\/www.facebook.com\/stacatarinagob\/\" \/>\n<meta property=\"article:published_time\" content=\"2026-04-30T02:52:37+00:00\" \/>\n<meta property=\"article:modified_time\" content=\"2026-04-30T02:52:38+00:00\" \/>\n<meta property=\"og:image\" content=\"https:\/\/stacatarina.mx\/consejos\/wp-content\/uploads\/2026\/04\/Las-turberas-son-vitales-para-abordar-el-cambio-climatico-pero.jpg\" \/>\n\t<meta property=\"og:image:width\" content=\"753\" \/>\n\t<meta property=\"og:image:height\" content=\"423\" \/>\n\t<meta property=\"og:image:type\" content=\"image\/jpeg\" \/>\n<meta name=\"author\" content=\"Pedro Mart\u00ednez\" \/>\n<meta name=\"twitter:card\" content=\"summary_large_image\" \/>\n<meta name=\"twitter:creator\" content=\"@stacatarinagob\" \/>\n<meta name=\"twitter:site\" content=\"@stacatarinagob\" \/>\n<meta name=\"twitter:label1\" content=\"Escrito por\" \/>\n\t<meta name=\"twitter:data1\" content=\"Pedro Mart\u00ednez\" \/>\n\t<meta name=\"twitter:label2\" content=\"Tiempo de lectura\" \/>\n\t<meta name=\"twitter:data2\" content=\"6 minutos\" \/>\n<script type=\"application\/ld+json\" class=\"yoast-schema-graph\">{\"@context\":\"https:\/\/schema.org\",\"@graph\":[{\"@type\":\"Article\",\"@id\":\"https:\/\/stacatarina.mx\/consejos\/las-turberas-son-vitales-para-abordar-el-cambio-climatico-pero-los-cientificos\/#article\",\"isPartOf\":{\"@id\":\"https:\/\/stacatarina.mx\/consejos\/las-turberas-son-vitales-para-abordar-el-cambio-climatico-pero-los-cientificos\/\"},\"author\":{\"name\":\"Pedro Mart\u00ednez\",\"@id\":\"https:\/\/stacatarina.mx\/consejos\/#\/schema\/person\/0be60adffa8e4c4d0828fdf021450e8a\"},\"headline\":\"Las turberas son vitales para abordar el cambio clim\u00e1tico, pero los cient\u00edficos&#8230;\",\"datePublished\":\"2026-04-30T02:52:37+00:00\",\"dateModified\":\"2026-04-30T02:52:38+00:00\",\"mainEntityOfPage\":{\"@id\":\"https:\/\/stacatarina.mx\/consejos\/las-turberas-son-vitales-para-abordar-el-cambio-climatico-pero-los-cientificos\/\"},\"wordCount\":1229,\"publisher\":{\"@id\":\"https:\/\/stacatarina.mx\/consejos\/#organization\"},\"image\":{\"@id\":\"https:\/\/stacatarina.mx\/consejos\/las-turberas-son-vitales-para-abordar-el-cambio-climatico-pero-los-cientificos\/#primaryimage\"},\"thumbnailUrl\":\"https:\/\/stacatarina.mx\/consejos\/wp-content\/uploads\/2026\/04\/Las-turberas-son-vitales-para-abordar-el-cambio-climatico-pero.jpg\",\"keywords\":[\"abordar\",\"cambio\",\"cient\u00edficos\",\"clim\u00e1tico\",\"Las\",\"los\",\"para\",\"pero\",\"son\",\"turberas\",\"vitales\"],\"articleSection\":[\"Fauna y Flora\"],\"inLanguage\":\"es\"},{\"@type\":\"WebPage\",\"@id\":\"https:\/\/stacatarina.mx\/consejos\/las-turberas-son-vitales-para-abordar-el-cambio-climatico-pero-los-cientificos\/\",\"url\":\"https:\/\/stacatarina.mx\/consejos\/las-turberas-son-vitales-para-abordar-el-cambio-climatico-pero-los-cientificos\/\",\"name\":\"Las turberas son vitales para abordar el cambio clim\u00e1tico, pero los cient\u00edficos... - Consejos - Santa Catarina\",\"isPartOf\":{\"@id\":\"https:\/\/stacatarina.mx\/consejos\/#website\"},\"primaryImageOfPage\":{\"@id\":\"https:\/\/stacatarina.mx\/consejos\/las-turberas-son-vitales-para-abordar-el-cambio-climatico-pero-los-cientificos\/#primaryimage\"},\"image\":{\"@id\":\"https:\/\/stacatarina.mx\/consejos\/las-turberas-son-vitales-para-abordar-el-cambio-climatico-pero-los-cientificos\/#primaryimage\"},\"thumbnailUrl\":\"https:\/\/stacatarina.mx\/consejos\/wp-content\/uploads\/2026\/04\/Las-turberas-son-vitales-para-abordar-el-cambio-climatico-pero.jpg\",\"datePublished\":\"2026-04-30T02:52:37+00:00\",\"dateModified\":\"2026-04-30T02:52:38+00:00\",\"breadcrumb\":{\"@id\":\"https:\/\/stacatarina.mx\/consejos\/las-turberas-son-vitales-para-abordar-el-cambio-climatico-pero-los-cientificos\/#breadcrumb\"},\"inLanguage\":\"es\",\"potentialAction\":[{\"@type\":\"ReadAction\",\"target\":[\"https:\/\/stacatarina.mx\/consejos\/las-turberas-son-vitales-para-abordar-el-cambio-climatico-pero-los-cientificos\/\"]}]},{\"@type\":\"ImageObject\",\"inLanguage\":\"es\",\"@id\":\"https:\/\/stacatarina.mx\/consejos\/las-turberas-son-vitales-para-abordar-el-cambio-climatico-pero-los-cientificos\/#primaryimage\",\"url\":\"https:\/\/stacatarina.mx\/consejos\/wp-content\/uploads\/2026\/04\/Las-turberas-son-vitales-para-abordar-el-cambio-climatico-pero.jpg\",\"contentUrl\":\"https:\/\/stacatarina.mx\/consejos\/wp-content\/uploads\/2026\/04\/Las-turberas-son-vitales-para-abordar-el-cambio-climatico-pero.jpg\",\"width\":753,\"height\":423,\"caption\":\"Peatlands are vital for tackling climate change, yet scientists still haven\u2019t found them\u00a0all\"},{\"@type\":\"BreadcrumbList\",\"@id\":\"https:\/\/stacatarina.mx\/consejos\/las-turberas-son-vitales-para-abordar-el-cambio-climatico-pero-los-cientificos\/#breadcrumb\",\"itemListElement\":[{\"@type\":\"ListItem\",\"position\":1,\"name\":\"Inicio\",\"item\":\"https:\/\/stacatarina.mx\/consejos\/\"},{\"@type\":\"ListItem\",\"position\":2,\"name\":\"Las turberas son vitales para abordar el cambio clim\u00e1tico, pero los cient\u00edficos&#8230;\"}]},{\"@type\":\"WebSite\",\"@id\":\"https:\/\/stacatarina.mx\/consejos\/#website\",\"url\":\"https:\/\/stacatarina.mx\/consejos\/\",\"name\":\"Santa Catarina\",\"description\":\"\",\"publisher\":{\"@id\":\"https:\/\/stacatarina.mx\/consejos\/#organization\"},\"potentialAction\":[{\"@type\":\"SearchAction\",\"target\":{\"@type\":\"EntryPoint\",\"urlTemplate\":\"https:\/\/stacatarina.mx\/consejos\/?s={search_term_string}\"},\"query-input\":{\"@type\":\"PropertyValueSpecification\",\"valueRequired\":true,\"valueName\":\"search_term_string\"}}],\"inLanguage\":\"es\"},{\"@type\":\"Organization\",\"@id\":\"https:\/\/stacatarina.mx\/consejos\/#organization\",\"name\":\"Santa Catarina\",\"url\":\"https:\/\/stacatarina.mx\/consejos\/\",\"logo\":{\"@type\":\"ImageObject\",\"inLanguage\":\"es\",\"@id\":\"https:\/\/stacatarina.mx\/consejos\/#\/schema\/logo\/image\/\",\"url\":\"https:\/\/stacatarina.mx\/consejos\/wp-content\/uploads\/2024\/09\/cropped-favicon-1-1.png\",\"contentUrl\":\"https:\/\/stacatarina.mx\/consejos\/wp-content\/uploads\/2024\/09\/cropped-favicon-1-1.png\",\"width\":512,\"height\":512,\"caption\":\"Santa Catarina\"},\"image\":{\"@id\":\"https:\/\/stacatarina.mx\/consejos\/#\/schema\/logo\/image\/\"},\"sameAs\":[\"https:\/\/www.facebook.com\/stacatarinagob\/\",\"https:\/\/x.com\/stacatarinagob\",\"https:\/\/www.instagram.com\/stacatarinagob\/\",\"https:\/\/www.youtube.com\/channel\/UCK-6cQJL_904665N1_nLTWw\"]},{\"@type\":\"Person\",\"@id\":\"https:\/\/stacatarina.mx\/consejos\/#\/schema\/person\/0be60adffa8e4c4d0828fdf021450e8a\",\"name\":\"Pedro Mart\u00ednez\",\"image\":{\"@type\":\"ImageObject\",\"inLanguage\":\"es\",\"@id\":\"https:\/\/stacatarina.mx\/consejos\/#\/schema\/person\/image\/\",\"url\":\"https:\/\/stacatarina.mx\/consejos\/wp-content\/uploads\/2024\/09\/stacatarina.jpg\",\"contentUrl\":\"https:\/\/stacatarina.mx\/consejos\/wp-content\/uploads\/2024\/09\/stacatarina.jpg\",\"caption\":\"Pedro Mart\u00ednez\"},\"description\":\"Hola, soy Pedro Mart\u00ednez, redactor jefe del sitio oficial del ayuntamiento de Santa Catarina, en M\u00e9xico. Con m\u00e1s de diez a\u00f1os de experiencia en el periodismo local, tengo una pasi\u00f3n por la investigaci\u00f3n y la difusi\u00f3n de informaci\u00f3n que valoriza nuestra hermosa comunidad. Mi compromiso es hacer de Santa Catarina una referencia en materia de transparencia y comunicaci\u00f3n municipal.\",\"sameAs\":[\"https:\/\/stacatarina.mx\/\"]}]}<\/script>\n<!-- \/ Yoast SEO plugin. -->","yoast_head_json":{"title":"Las turberas son vitales para abordar el cambio clim\u00e1tico, pero los cient\u00edficos... - Consejos - Santa Catarina","robots":{"index":"index","follow":"follow","max-snippet":"max-snippet:-1","max-image-preview":"max-image-preview:large","max-video-preview":"max-video-preview:-1"},"canonical":"https:\/\/stacatarina.mx\/consejos\/las-turberas-son-vitales-para-abordar-el-cambio-climatico-pero-los-cientificos\/","og_locale":"es_MX","og_type":"article","og_title":"Las turberas son vitales para abordar el cambio clim\u00e1tico, pero los cient\u00edficos... - Consejos - Santa Catarina","og_description":"Empuje un sacatestigos de metal en una turbera y obtendr\u00e1 algo extraordinario: un material oscuro, denso, parecido a una esponja, hecho de plantas parcialmente descompuestas.","og_url":"https:\/\/stacatarina.mx\/consejos\/las-turberas-son-vitales-para-abordar-el-cambio-climatico-pero-los-cientificos\/","og_site_name":"Santa Catarina","article_publisher":"https:\/\/www.facebook.com\/stacatarinagob\/","article_published_time":"2026-04-30T02:52:37+00:00","article_modified_time":"2026-04-30T02:52:38+00:00","og_image":[{"width":753,"height":423,"url":"https:\/\/stacatarina.mx\/consejos\/wp-content\/uploads\/2026\/04\/Las-turberas-son-vitales-para-abordar-el-cambio-climatico-pero.jpg","type":"image\/jpeg"}],"author":"Pedro Mart\u00ednez","twitter_card":"summary_large_image","twitter_creator":"@stacatarinagob","twitter_site":"@stacatarinagob","twitter_misc":{"Escrito por":"Pedro Mart\u00ednez","Tiempo de lectura":"6 minutos"},"schema":{"@context":"https:\/\/schema.org","@graph":[{"@type":"Article","@id":"https:\/\/stacatarina.mx\/consejos\/las-turberas-son-vitales-para-abordar-el-cambio-climatico-pero-los-cientificos\/#article","isPartOf":{"@id":"https:\/\/stacatarina.mx\/consejos\/las-turberas-son-vitales-para-abordar-el-cambio-climatico-pero-los-cientificos\/"},"author":{"name":"Pedro Mart\u00ednez","@id":"https:\/\/stacatarina.mx\/consejos\/#\/schema\/person\/0be60adffa8e4c4d0828fdf021450e8a"},"headline":"Las turberas son vitales para abordar el cambio clim\u00e1tico, pero los cient\u00edficos&#8230;","datePublished":"2026-04-30T02:52:37+00:00","dateModified":"2026-04-30T02:52:38+00:00","mainEntityOfPage":{"@id":"https:\/\/stacatarina.mx\/consejos\/las-turberas-son-vitales-para-abordar-el-cambio-climatico-pero-los-cientificos\/"},"wordCount":1229,"publisher":{"@id":"https:\/\/stacatarina.mx\/consejos\/#organization"},"image":{"@id":"https:\/\/stacatarina.mx\/consejos\/las-turberas-son-vitales-para-abordar-el-cambio-climatico-pero-los-cientificos\/#primaryimage"},"thumbnailUrl":"https:\/\/stacatarina.mx\/consejos\/wp-content\/uploads\/2026\/04\/Las-turberas-son-vitales-para-abordar-el-cambio-climatico-pero.jpg","keywords":["abordar","cambio","cient\u00edficos","clim\u00e1tico","Las","los","para","pero","son","turberas","vitales"],"articleSection":["Fauna y Flora"],"inLanguage":"es"},{"@type":"WebPage","@id":"https:\/\/stacatarina.mx\/consejos\/las-turberas-son-vitales-para-abordar-el-cambio-climatico-pero-los-cientificos\/","url":"https:\/\/stacatarina.mx\/consejos\/las-turberas-son-vitales-para-abordar-el-cambio-climatico-pero-los-cientificos\/","name":"Las turberas son vitales para abordar el cambio clim\u00e1tico, pero los cient\u00edficos... - Consejos - Santa Catarina","isPartOf":{"@id":"https:\/\/stacatarina.mx\/consejos\/#website"},"primaryImageOfPage":{"@id":"https:\/\/stacatarina.mx\/consejos\/las-turberas-son-vitales-para-abordar-el-cambio-climatico-pero-los-cientificos\/#primaryimage"},"image":{"@id":"https:\/\/stacatarina.mx\/consejos\/las-turberas-son-vitales-para-abordar-el-cambio-climatico-pero-los-cientificos\/#primaryimage"},"thumbnailUrl":"https:\/\/stacatarina.mx\/consejos\/wp-content\/uploads\/2026\/04\/Las-turberas-son-vitales-para-abordar-el-cambio-climatico-pero.jpg","datePublished":"2026-04-30T02:52:37+00:00","dateModified":"2026-04-30T02:52:38+00:00","breadcrumb":{"@id":"https:\/\/stacatarina.mx\/consejos\/las-turberas-son-vitales-para-abordar-el-cambio-climatico-pero-los-cientificos\/#breadcrumb"},"inLanguage":"es","potentialAction":[{"@type":"ReadAction","target":["https:\/\/stacatarina.mx\/consejos\/las-turberas-son-vitales-para-abordar-el-cambio-climatico-pero-los-cientificos\/"]}]},{"@type":"ImageObject","inLanguage":"es","@id":"https:\/\/stacatarina.mx\/consejos\/las-turberas-son-vitales-para-abordar-el-cambio-climatico-pero-los-cientificos\/#primaryimage","url":"https:\/\/stacatarina.mx\/consejos\/wp-content\/uploads\/2026\/04\/Las-turberas-son-vitales-para-abordar-el-cambio-climatico-pero.jpg","contentUrl":"https:\/\/stacatarina.mx\/consejos\/wp-content\/uploads\/2026\/04\/Las-turberas-son-vitales-para-abordar-el-cambio-climatico-pero.jpg","width":753,"height":423,"caption":"Peatlands are vital for tackling climate change, yet scientists still haven\u2019t found them\u00a0all"},{"@type":"BreadcrumbList","@id":"https:\/\/stacatarina.mx\/consejos\/las-turberas-son-vitales-para-abordar-el-cambio-climatico-pero-los-cientificos\/#breadcrumb","itemListElement":[{"@type":"ListItem","position":1,"name":"Inicio","item":"https:\/\/stacatarina.mx\/consejos\/"},{"@type":"ListItem","position":2,"name":"Las turberas son vitales para abordar el cambio clim\u00e1tico, pero los cient\u00edficos&#8230;"}]},{"@type":"WebSite","@id":"https:\/\/stacatarina.mx\/consejos\/#website","url":"https:\/\/stacatarina.mx\/consejos\/","name":"Santa Catarina","description":"","publisher":{"@id":"https:\/\/stacatarina.mx\/consejos\/#organization"},"potentialAction":[{"@type":"SearchAction","target":{"@type":"EntryPoint","urlTemplate":"https:\/\/stacatarina.mx\/consejos\/?s={search_term_string}"},"query-input":{"@type":"PropertyValueSpecification","valueRequired":true,"valueName":"search_term_string"}}],"inLanguage":"es"},{"@type":"Organization","@id":"https:\/\/stacatarina.mx\/consejos\/#organization","name":"Santa Catarina","url":"https:\/\/stacatarina.mx\/consejos\/","logo":{"@type":"ImageObject","inLanguage":"es","@id":"https:\/\/stacatarina.mx\/consejos\/#\/schema\/logo\/image\/","url":"https:\/\/stacatarina.mx\/consejos\/wp-content\/uploads\/2024\/09\/cropped-favicon-1-1.png","contentUrl":"https:\/\/stacatarina.mx\/consejos\/wp-content\/uploads\/2024\/09\/cropped-favicon-1-1.png","width":512,"height":512,"caption":"Santa Catarina"},"image":{"@id":"https:\/\/stacatarina.mx\/consejos\/#\/schema\/logo\/image\/"},"sameAs":["https:\/\/www.facebook.com\/stacatarinagob\/","https:\/\/x.com\/stacatarinagob","https:\/\/www.instagram.com\/stacatarinagob\/","https:\/\/www.youtube.com\/channel\/UCK-6cQJL_904665N1_nLTWw"]},{"@type":"Person","@id":"https:\/\/stacatarina.mx\/consejos\/#\/schema\/person\/0be60adffa8e4c4d0828fdf021450e8a","name":"Pedro Mart\u00ednez","image":{"@type":"ImageObject","inLanguage":"es","@id":"https:\/\/stacatarina.mx\/consejos\/#\/schema\/person\/image\/","url":"https:\/\/stacatarina.mx\/consejos\/wp-content\/uploads\/2024\/09\/stacatarina.jpg","contentUrl":"https:\/\/stacatarina.mx\/consejos\/wp-content\/uploads\/2024\/09\/stacatarina.jpg","caption":"Pedro Mart\u00ednez"},"description":"Hola, soy Pedro Mart\u00ednez, redactor jefe del sitio oficial del ayuntamiento de Santa Catarina, en M\u00e9xico. Con m\u00e1s de diez a\u00f1os de experiencia en el periodismo local, tengo una pasi\u00f3n por la investigaci\u00f3n y la difusi\u00f3n de informaci\u00f3n que valoriza nuestra hermosa comunidad. Mi compromiso es hacer de Santa Catarina una referencia en materia de transparencia y comunicaci\u00f3n municipal.","sameAs":["https:\/\/stacatarina.mx\/"]}]}},"_links":{"self":[{"href":"https:\/\/stacatarina.mx\/consejos\/wp-json\/wp\/v2\/posts\/8983"}],"collection":[{"href":"https:\/\/stacatarina.mx\/consejos\/wp-json\/wp\/v2\/posts"}],"about":[{"href":"https:\/\/stacatarina.mx\/consejos\/wp-json\/wp\/v2\/types\/post"}],"author":[{"embeddable":true,"href":"https:\/\/stacatarina.mx\/consejos\/wp-json\/wp\/v2\/users\/1"}],"replies":[{"embeddable":true,"href":"https:\/\/stacatarina.mx\/consejos\/wp-json\/wp\/v2\/comments?post=8983"}],"version-history":[{"count":1,"href":"https:\/\/stacatarina.mx\/consejos\/wp-json\/wp\/v2\/posts\/8983\/revisions"}],"predecessor-version":[{"id":8985,"href":"https:\/\/stacatarina.mx\/consejos\/wp-json\/wp\/v2\/posts\/8983\/revisions\/8985"}],"wp:featuredmedia":[{"embeddable":true,"href":"https:\/\/stacatarina.mx\/consejos\/wp-json\/wp\/v2\/media\/8984"}],"wp:attachment":[{"href":"https:\/\/stacatarina.mx\/consejos\/wp-json\/wp\/v2\/media?parent=8983"}],"wp:term":[{"taxonomy":"category","embeddable":true,"href":"https:\/\/stacatarina.mx\/consejos\/wp-json\/wp\/v2\/categories?post=8983"},{"taxonomy":"post_tag","embeddable":true,"href":"https:\/\/stacatarina.mx\/consejos\/wp-json\/wp\/v2\/tags?post=8983"}],"curies":[{"name":"wp","href":"https:\/\/api.w.org\/{rel}","templated":true}]}}