{"id":8986,"date":"2026-04-30T03:53:02","date_gmt":"2026-04-30T09:53:02","guid":{"rendered":"https:\/\/stacatarina.mx\/consejos\/la-familia-de-bruce-willis-donara-su-cerebro-a-la-ciencia-tras-su-muerte-para-contribuir-a-la-investigacion-de-la-demencia-frontotemporal\/"},"modified":"2026-04-30T03:53:05","modified_gmt":"2026-04-30T09:53:05","slug":"la-familia-de-bruce-willis-donara-su-cerebro-a-la-ciencia-tras-su-muerte-para-contribuir-a-la-investigacion-de-la-demencia-frontotemporal","status":"publish","type":"post","link":"https:\/\/stacatarina.mx\/consejos\/la-familia-de-bruce-willis-donara-su-cerebro-a-la-ciencia-tras-su-muerte-para-contribuir-a-la-investigacion-de-la-demencia-frontotemporal\/","title":{"rendered":"La familia de Bruce Willis donar\u00e1 su cerebro a la ciencia tras su muerte (para contribuir a la investigaci\u00f3n de la demencia frontotemporal)"},"content":{"rendered":"<p><\/p>\n<p>La familia de Bruce Willis ha tomado una decisi\u00f3n que dejar\u00e1 huella en la investigaci\u00f3n neurol\u00f3gica. Tras la muerte del actor, su cerebro ser\u00e1 donado a la ciencia para contribuir a los estudios sobre la demencia frontotemporal, la enfermedad neurodegenerativa que ha cambiado radicalmente su vida en los \u00faltimos a\u00f1os. Su esposa Emma Heming Willis lo anunci\u00f3 en su libro. <em>El viaje inesperado<\/em> explicando c\u00f3mo esta elecci\u00f3n se desarroll\u00f3 lentamente, entre meses de reflexi\u00f3n y la conciencia de estar ante una patolog\u00eda a\u00fan poco comprendida por la medicina.<\/p>\n<p>Bruce Willis, que ahora tiene setenta a\u00f1os, vive asistido por especialistas en un centro especializado y requiere cuidados continuos tras el progresivo empeoramiento de su condici\u00f3n. Al actor le diagnosticaron inicialmente en 2022 afasia, un trastorno que altera el lenguaje y la comunicaci\u00f3n. Posteriormente, los m\u00e9dicos confirmaron la presencia de demencia frontotemporal, una enfermedad que afecta principalmente a los l\u00f3bulos frontal y temporal del cerebro, alterando el lenguaje, el comportamiento, la personalidad y las capacidades cognitivas.<\/p>\n<div class=\"responsive-container\">\n<blockquote class=\"instagram-media\" data-instgrm-captioned data-instgrm-permalink=\"https:\/\/www.instagram.com\/p\/DIjeC-0pY6b\/?utm_source=ig_embed&amp;utm_campaign=loading\" data-instgrm-version=\"14\" style=\"background:#FFF;border:0;border-radius:3px;margin: 1px;max-width:500px;min-width:326px;padding:0;width:99.375%;width:-webkit-calc(100% - 2px);width:calc(100% - 2px)\">\n<div style=\"padding:16px\">\n<div style=\"flex-direction: row;align-items: center\">\n<div style=\"background-color: #F4F4F4;border-radius: 50%;flex-grow: 0;height: 40px;margin-right: 14px;width: 40px\"><\/div>\n<div style=\"flex-direction: column;flex-grow: 1;justify-content: center\">\n<div style=\"background-color: #F4F4F4;border-radius: 4px;flex-grow: 0;height: 14px;margin-bottom: 6px;width: 100px\"><\/div>\n<div style=\"background-color: #F4F4F4;border-radius: 4px;flex-grow: 0;height: 14px;width: 60px\"><\/div>\n<\/div>\n<\/div>\n<div style=\"padding: 19% 0\"><\/div>\n<div style=\"height:50px;margin:0 auto 12px;width:50px\"><\/div>\n<div style=\"padding-top: 8px\">\n<div style=\"color:#3897f0;font-family:Arial,sans-serif;font-size:14px;font-style:normal;font-weight:550;line-height:18px\">Ver esta publicaci\u00f3n en Instagram<\/div>\n<\/div>\n<div style=\"padding: 12.5% 0\"><\/div>\n<div style=\"flex-direction: row;margin-bottom: 14px;align-items: center\">\n<div>\n<div style=\"background-color: #F4F4F4;border-radius: 50%;height: 12.5px;width: 12.5px\"><\/div>\n<div style=\"background-color: #F4F4F4;height: 12.5px;width: 12.5px;flex-grow: 0;margin-right: 14px;margin-left: 2px\"><\/div>\n<div style=\"background-color: #F4F4F4;border-radius: 50%;height: 12.5px;width: 12.5px\"><\/div>\n<\/div>\n<div style=\"margin-left: 8px\">\n<div style=\"background-color: #F4F4F4;border-radius: 50%;flex-grow: 0;height: 20px;width: 20px\"><\/div>\n<div style=\"width: 0;height: 0;border-top: 2px solid transparent;border-left: 6px solid #f4f4f4;border-bottom: 2px solid transparent\"><\/div>\n<\/div>\n<div style=\"margin-left: auto\">\n<div style=\"width: 0px;border-top: 8px solid #F4F4F4;border-right: 8px solid transparent\"><\/div>\n<div style=\"background-color: #F4F4F4;flex-grow: 0;height: 12px;width: 16px\"><\/div>\n<div style=\"width: 0;height: 0;border-top: 8px solid #F4F4F4;border-left: 8px solid transparent\"><\/div>\n<\/div>\n<\/div>\n<div style=\"flex-direction: column;flex-grow: 1;justify-content: center;margin-bottom: 24px\">\n<div style=\"background-color: #F4F4F4;border-radius: 4px;flex-grow: 0;height: 14px;margin-bottom: 6px;width: 224px\"><\/div>\n<div style=\"background-color: #F4F4F4;border-radius: 4px;flex-grow: 0;height: 14px;width: 144px\"><\/div>\n<\/div>\n<\/div>\n<\/blockquote>\n<\/div>\n<h2>Qu\u00e9 es la demencia frontotemporal y por qu\u00e9 es tan dif\u00edcil de estudiar<\/h2>\n<p>A diferencia del Alzheimer, la demencia frontotemporal no borra inmediatamente los recuerdos, sino que cambia progresivamente la forma de ser de la persona. Los pacientes pueden perder la capacidad de hablar, leer, reconocer emociones o gestionar las relaciones y la independencia diaria. Seg\u00fan los expertos, el gran obst\u00e1culo en la investigaci\u00f3n es que las herramientas de diagn\u00f3stico actuales -como la resonancia magn\u00e9tica, la PET y el an\u00e1lisis del l\u00edquido cefalorraqu\u00eddeo- permiten observar el deterioro, pero a nivel celular y molecular. Por este motivo, la donaci\u00f3n de cerebros representa un recurso precioso. Los investigadores podr\u00e1n analizar directamente el tejido cerebral, identificando prote\u00ednas anormales, mutaciones gen\u00e9ticas y mecanismos degenerativos invisibles durante la vida del paciente.<\/p>\n<h2>Una enfermedad rara pero creciente en la investigaci\u00f3n neurol\u00f3gica<\/h2>\n<p>En Europa se registran aproximadamente 12 mil nuevos casos de demencia frontotemporal al a\u00f1o, con mayor incidencia entre los 45 y 65 a\u00f1os. A\u00fan no existe una cura definitiva y muchos casos se diagnostican a\u00f1os tarde porque los s\u00edntomas iniciales pueden confundirse con trastornos psiqui\u00e1tricos o cambios de car\u00e1cter. Los cerebros donados para la investigaci\u00f3n son todav\u00eda relativamente pocos, tambi\u00e9n porque el proceso requiere autorizaci\u00f3n familiar, estructuras especializadas e intervenciones muy r\u00e1pidas despu\u00e9s de la muerte para preservar los tejidos.<\/p>\n<p>En el caso de Bruce Willis, los estudiosos esperan comprender mejor la progresi\u00f3n de la enfermedad, especialmente la transici\u00f3n de la afasia a la p\u00e9rdida casi total del lenguaje. Los an\u00e1lisis tambi\u00e9n podr\u00edan ayudar al desarrollo de nuevas terapias experimentales, incluidas algunas investigaciones sobre terapia g\u00e9nica que se est\u00e1n llevando a cabo actualmente en Estados Unidos, Canad\u00e1 e incluso Italia. Mientras tanto, la familia Willis contin\u00faa hablando p\u00fablicamente de su convivencia diaria con la enfermedad, transformando una historia privada en una contribuci\u00f3n concreta al conocimiento cient\u00edfico.<\/p>\n<div class=\"responsive-container\">\n<blockquote class=\"instagram-media\" data-instgrm-captioned data-instgrm-permalink=\"https:\/\/www.instagram.com\/p\/DV04vZMESwz\/?utm_source=ig_embed&amp;utm_campaign=loading\" data-instgrm-version=\"14\" style=\"background:#FFF;border:0;border-radius:3px;margin: 1px;max-width:500px;min-width:326px;padding:0;width:99.375%;width:-webkit-calc(100% - 2px);width:calc(100% - 2px)\">\n<div style=\"padding:16px\">\n<div style=\"flex-direction: row;align-items: center\">\n<div style=\"background-color: #F4F4F4;border-radius: 50%;flex-grow: 0;height: 40px;margin-right: 14px;width: 40px\"><\/div>\n<div style=\"flex-direction: column;flex-grow: 1;justify-content: center\">\n<div style=\"background-color: #F4F4F4;border-radius: 4px;flex-grow: 0;height: 14px;margin-bottom: 6px;width: 100px\"><\/div>\n<div style=\"background-color: #F4F4F4;border-radius: 4px;flex-grow: 0;height: 14px;width: 60px\"><\/div>\n<\/div>\n<\/div>\n<div style=\"padding: 19% 0\"><\/div>\n<div style=\"height:50px;margin:0 auto 12px;width:50px\"><\/div>\n<div style=\"padding-top: 8px\">\n<div style=\"color:#3897f0;font-family:Arial,sans-serif;font-size:14px;font-style:normal;font-weight:550;line-height:18px\">Ver esta publicaci\u00f3n en Instagram<\/div>\n<\/div>\n<div style=\"padding: 12.5% 0\"><\/div>\n<div style=\"flex-direction: row;margin-bottom: 14px;align-items: center\">\n<div>\n<div style=\"background-color: #F4F4F4;border-radius: 50%;height: 12.5px;width: 12.5px\"><\/div>\n<div style=\"background-color: #F4F4F4;height: 12.5px;width: 12.5px;flex-grow: 0;margin-right: 14px;margin-left: 2px\"><\/div>\n<div style=\"background-color: #F4F4F4;border-radius: 50%;height: 12.5px;width: 12.5px\"><\/div>\n<\/div>\n<div style=\"margin-left: 8px\">\n<div style=\"background-color: #F4F4F4;border-radius: 50%;flex-grow: 0;height: 20px;width: 20px\"><\/div>\n<div style=\"width: 0;height: 0;border-top: 2px solid transparent;border-left: 6px solid #f4f4f4;border-bottom: 2px solid transparent\"><\/div>\n<\/div>\n<div style=\"margin-left: auto\">\n<div style=\"width: 0px;border-top: 8px solid #F4F4F4;border-right: 8px solid transparent\"><\/div>\n<div style=\"background-color: #F4F4F4;flex-grow: 0;height: 12px;width: 16px\"><\/div>\n<div style=\"width: 0;height: 0;border-top: 8px solid #F4F4F4;border-left: 8px solid transparent\"><\/div>\n<\/div>\n<\/div>\n<div style=\"flex-direction: column;flex-grow: 1;justify-content: center;margin-bottom: 24px\">\n<div style=\"background-color: #F4F4F4;border-radius: 4px;flex-grow: 0;height: 14px;margin-bottom: 6px;width: 224px\"><\/div>\n<div style=\"background-color: #F4F4F4;border-radius: 4px;flex-grow: 0;height: 14px;width: 144px\"><\/div>\n<\/div>\n<\/div>\n<\/blockquote>\n<\/div>\n<p><script async src=\"\/\/www.instagram.com\/embed.js\"><\/script><\/p>\n","protected":false},"excerpt":{"rendered":"<p>La familia de Bruce Willis ha tomado una decisi\u00f3n que dejar\u00e1 huella en la investigaci\u00f3n neurol\u00f3gica. Tras la muerte del actor, su cerebro ser\u00e1 donado<\/p>\n","protected":false},"author":1,"featured_media":8987,"comment_status":"closed","ping_status":"","sticky":false,"template":"","format":"standard","meta":{"footnotes":""},"categories":[762],"tags":[8626,915,1545,8629,1422,8628,2075,8630,634,1272,29,788,8627],"class_list":["post-8986","post","type-post","status-publish","format-standard","has-post-thumbnail","hentry","category-salud","tag-bruce","tag-cerebro","tag-ciencia","tag-contribuir","tag-demencia","tag-donara","tag-familia","tag-frontotemporal","tag-investigacion","tag-muerte","tag-para","tag-tras","tag-willis","generate-columns","tablet-grid-50","mobile-grid-100","grid-parent","grid-50"],"yoast_head":"<!-- This site is optimized with the Yoast SEO plugin v23.4 - https:\/\/yoast.com\/wordpress\/plugins\/seo\/ -->\n<title>La familia de Bruce Willis donar\u00e1 su cerebro a la ciencia tras su muerte (para contribuir a la investigaci\u00f3n de la demencia frontotemporal) - Consejos - Santa Catarina<\/title>\n<meta name=\"robots\" content=\"index, follow, max-snippet:-1, max-image-preview:large, max-video-preview:-1\" \/>\n<link rel=\"canonical\" href=\"https:\/\/stacatarina.mx\/consejos\/la-familia-de-bruce-willis-donara-su-cerebro-a-la-ciencia-tras-su-muerte-para-contribuir-a-la-investigacion-de-la-demencia-frontotemporal\/\" \/>\n<meta property=\"og:locale\" content=\"es_MX\" \/>\n<meta property=\"og:type\" content=\"article\" \/>\n<meta property=\"og:title\" content=\"La familia de Bruce Willis donar\u00e1 su cerebro a la ciencia tras su muerte (para contribuir a la investigaci\u00f3n de la demencia frontotemporal) - Consejos - Santa Catarina\" \/>\n<meta property=\"og:description\" content=\"La familia de Bruce Willis ha tomado una decisi\u00f3n que dejar\u00e1 huella en la investigaci\u00f3n neurol\u00f3gica. Tras la muerte del actor, su cerebro ser\u00e1 donado\" \/>\n<meta property=\"og:url\" content=\"https:\/\/stacatarina.mx\/consejos\/la-familia-de-bruce-willis-donara-su-cerebro-a-la-ciencia-tras-su-muerte-para-contribuir-a-la-investigacion-de-la-demencia-frontotemporal\/\" \/>\n<meta property=\"og:site_name\" content=\"Santa Catarina\" \/>\n<meta property=\"article:publisher\" content=\"https:\/\/www.facebook.com\/stacatarinagob\/\" \/>\n<meta property=\"article:published_time\" content=\"2026-04-30T09:53:02+00:00\" \/>\n<meta property=\"article:modified_time\" content=\"2026-04-30T09:53:05+00:00\" \/>\n<meta property=\"og:image\" content=\"https:\/\/stacatarina.mx\/consejos\/wp-content\/uploads\/2026\/04\/La-familia-de-Bruce-Willis-donara-su-cerebro-a-la.jpg\" \/>\n\t<meta property=\"og:image:width\" content=\"1500\" \/>\n\t<meta property=\"og:image:height\" content=\"1000\" \/>\n\t<meta property=\"og:image:type\" content=\"image\/jpeg\" \/>\n<meta name=\"author\" content=\"Pedro Mart\u00ednez\" \/>\n<meta name=\"twitter:card\" content=\"summary_large_image\" \/>\n<meta name=\"twitter:creator\" content=\"@stacatarinagob\" \/>\n<meta name=\"twitter:site\" content=\"@stacatarinagob\" \/>\n<meta name=\"twitter:label1\" content=\"Escrito por\" \/>\n\t<meta name=\"twitter:data1\" content=\"Pedro Mart\u00ednez\" \/>\n\t<meta name=\"twitter:label2\" content=\"Tiempo de lectura\" \/>\n\t<meta name=\"twitter:data2\" content=\"3 minutos\" \/>\n<script type=\"application\/ld+json\" class=\"yoast-schema-graph\">{\"@context\":\"https:\/\/schema.org\",\"@graph\":[{\"@type\":\"Article\",\"@id\":\"https:\/\/stacatarina.mx\/consejos\/la-familia-de-bruce-willis-donara-su-cerebro-a-la-ciencia-tras-su-muerte-para-contribuir-a-la-investigacion-de-la-demencia-frontotemporal\/#article\",\"isPartOf\":{\"@id\":\"https:\/\/stacatarina.mx\/consejos\/la-familia-de-bruce-willis-donara-su-cerebro-a-la-ciencia-tras-su-muerte-para-contribuir-a-la-investigacion-de-la-demencia-frontotemporal\/\"},\"author\":{\"name\":\"Pedro Mart\u00ednez\",\"@id\":\"https:\/\/stacatarina.mx\/consejos\/#\/schema\/person\/0be60adffa8e4c4d0828fdf021450e8a\"},\"headline\":\"La familia de Bruce Willis donar\u00e1 su cerebro a la ciencia tras su muerte (para contribuir a la investigaci\u00f3n de la demencia frontotemporal)\",\"datePublished\":\"2026-04-30T09:53:02+00:00\",\"dateModified\":\"2026-04-30T09:53:05+00:00\",\"mainEntityOfPage\":{\"@id\":\"https:\/\/stacatarina.mx\/consejos\/la-familia-de-bruce-willis-donara-su-cerebro-a-la-ciencia-tras-su-muerte-para-contribuir-a-la-investigacion-de-la-demencia-frontotemporal\/\"},\"wordCount\":551,\"publisher\":{\"@id\":\"https:\/\/stacatarina.mx\/consejos\/#organization\"},\"image\":{\"@id\":\"https:\/\/stacatarina.mx\/consejos\/la-familia-de-bruce-willis-donara-su-cerebro-a-la-ciencia-tras-su-muerte-para-contribuir-a-la-investigacion-de-la-demencia-frontotemporal\/#primaryimage\"},\"thumbnailUrl\":\"https:\/\/stacatarina.mx\/consejos\/wp-content\/uploads\/2026\/04\/La-familia-de-Bruce-Willis-donara-su-cerebro-a-la.jpg\",\"keywords\":[\"Bruce\",\"cerebro\",\"ciencia\",\"contribuir\",\"demencia\",\"donar\u00e1\",\"familia\",\"frontotemporal\",\"investigaci\u00f3n\",\"Muerte\",\"para\",\"tras\",\"Willis\"],\"articleSection\":[\"Salud\"],\"inLanguage\":\"es\"},{\"@type\":\"WebPage\",\"@id\":\"https:\/\/stacatarina.mx\/consejos\/la-familia-de-bruce-willis-donara-su-cerebro-a-la-ciencia-tras-su-muerte-para-contribuir-a-la-investigacion-de-la-demencia-frontotemporal\/\",\"url\":\"https:\/\/stacatarina.mx\/consejos\/la-familia-de-bruce-willis-donara-su-cerebro-a-la-ciencia-tras-su-muerte-para-contribuir-a-la-investigacion-de-la-demencia-frontotemporal\/\",\"name\":\"La familia de Bruce Willis donar\u00e1 su cerebro a la ciencia tras su muerte (para contribuir a la investigaci\u00f3n de la demencia frontotemporal) - Consejos - Santa Catarina\",\"isPartOf\":{\"@id\":\"https:\/\/stacatarina.mx\/consejos\/#website\"},\"primaryImageOfPage\":{\"@id\":\"https:\/\/stacatarina.mx\/consejos\/la-familia-de-bruce-willis-donara-su-cerebro-a-la-ciencia-tras-su-muerte-para-contribuir-a-la-investigacion-de-la-demencia-frontotemporal\/#primaryimage\"},\"image\":{\"@id\":\"https:\/\/stacatarina.mx\/consejos\/la-familia-de-bruce-willis-donara-su-cerebro-a-la-ciencia-tras-su-muerte-para-contribuir-a-la-investigacion-de-la-demencia-frontotemporal\/#primaryimage\"},\"thumbnailUrl\":\"https:\/\/stacatarina.mx\/consejos\/wp-content\/uploads\/2026\/04\/La-familia-de-Bruce-Willis-donara-su-cerebro-a-la.jpg\",\"datePublished\":\"2026-04-30T09:53:02+00:00\",\"dateModified\":\"2026-04-30T09:53:05+00:00\",\"breadcrumb\":{\"@id\":\"https:\/\/stacatarina.mx\/consejos\/la-familia-de-bruce-willis-donara-su-cerebro-a-la-ciencia-tras-su-muerte-para-contribuir-a-la-investigacion-de-la-demencia-frontotemporal\/#breadcrumb\"},\"inLanguage\":\"es\",\"potentialAction\":[{\"@type\":\"ReadAction\",\"target\":[\"https:\/\/stacatarina.mx\/consejos\/la-familia-de-bruce-willis-donara-su-cerebro-a-la-ciencia-tras-su-muerte-para-contribuir-a-la-investigacion-de-la-demencia-frontotemporal\/\"]}]},{\"@type\":\"ImageObject\",\"inLanguage\":\"es\",\"@id\":\"https:\/\/stacatarina.mx\/consejos\/la-familia-de-bruce-willis-donara-su-cerebro-a-la-ciencia-tras-su-muerte-para-contribuir-a-la-investigacion-de-la-demencia-frontotemporal\/#primaryimage\",\"url\":\"https:\/\/stacatarina.mx\/consejos\/wp-content\/uploads\/2026\/04\/La-familia-de-Bruce-Willis-donara-su-cerebro-a-la.jpg\",\"contentUrl\":\"https:\/\/stacatarina.mx\/consejos\/wp-content\/uploads\/2026\/04\/La-familia-de-Bruce-Willis-donara-su-cerebro-a-la.jpg\",\"width\":1500,\"height\":1000,\"caption\":\"Bruce Willis\"},{\"@type\":\"BreadcrumbList\",\"@id\":\"https:\/\/stacatarina.mx\/consejos\/la-familia-de-bruce-willis-donara-su-cerebro-a-la-ciencia-tras-su-muerte-para-contribuir-a-la-investigacion-de-la-demencia-frontotemporal\/#breadcrumb\",\"itemListElement\":[{\"@type\":\"ListItem\",\"position\":1,\"name\":\"Inicio\",\"item\":\"https:\/\/stacatarina.mx\/consejos\/\"},{\"@type\":\"ListItem\",\"position\":2,\"name\":\"La familia de Bruce Willis donar\u00e1 su cerebro a la ciencia tras su muerte (para contribuir a la investigaci\u00f3n de la demencia frontotemporal)\"}]},{\"@type\":\"WebSite\",\"@id\":\"https:\/\/stacatarina.mx\/consejos\/#website\",\"url\":\"https:\/\/stacatarina.mx\/consejos\/\",\"name\":\"Santa Catarina\",\"description\":\"\",\"publisher\":{\"@id\":\"https:\/\/stacatarina.mx\/consejos\/#organization\"},\"potentialAction\":[{\"@type\":\"SearchAction\",\"target\":{\"@type\":\"EntryPoint\",\"urlTemplate\":\"https:\/\/stacatarina.mx\/consejos\/?s={search_term_string}\"},\"query-input\":{\"@type\":\"PropertyValueSpecification\",\"valueRequired\":true,\"valueName\":\"search_term_string\"}}],\"inLanguage\":\"es\"},{\"@type\":\"Organization\",\"@id\":\"https:\/\/stacatarina.mx\/consejos\/#organization\",\"name\":\"Santa Catarina\",\"url\":\"https:\/\/stacatarina.mx\/consejos\/\",\"logo\":{\"@type\":\"ImageObject\",\"inLanguage\":\"es\",\"@id\":\"https:\/\/stacatarina.mx\/consejos\/#\/schema\/logo\/image\/\",\"url\":\"https:\/\/stacatarina.mx\/consejos\/wp-content\/uploads\/2024\/09\/cropped-favicon-1-1.png\",\"contentUrl\":\"https:\/\/stacatarina.mx\/consejos\/wp-content\/uploads\/2024\/09\/cropped-favicon-1-1.png\",\"width\":512,\"height\":512,\"caption\":\"Santa Catarina\"},\"image\":{\"@id\":\"https:\/\/stacatarina.mx\/consejos\/#\/schema\/logo\/image\/\"},\"sameAs\":[\"https:\/\/www.facebook.com\/stacatarinagob\/\",\"https:\/\/x.com\/stacatarinagob\",\"https:\/\/www.instagram.com\/stacatarinagob\/\",\"https:\/\/www.youtube.com\/channel\/UCK-6cQJL_904665N1_nLTWw\"]},{\"@type\":\"Person\",\"@id\":\"https:\/\/stacatarina.mx\/consejos\/#\/schema\/person\/0be60adffa8e4c4d0828fdf021450e8a\",\"name\":\"Pedro Mart\u00ednez\",\"image\":{\"@type\":\"ImageObject\",\"inLanguage\":\"es\",\"@id\":\"https:\/\/stacatarina.mx\/consejos\/#\/schema\/person\/image\/\",\"url\":\"https:\/\/stacatarina.mx\/consejos\/wp-content\/uploads\/2024\/09\/stacatarina.jpg\",\"contentUrl\":\"https:\/\/stacatarina.mx\/consejos\/wp-content\/uploads\/2024\/09\/stacatarina.jpg\",\"caption\":\"Pedro Mart\u00ednez\"},\"description\":\"Hola, soy Pedro Mart\u00ednez, redactor jefe del sitio oficial del ayuntamiento de Santa Catarina, en M\u00e9xico. Con m\u00e1s de diez a\u00f1os de experiencia en el periodismo local, tengo una pasi\u00f3n por la investigaci\u00f3n y la difusi\u00f3n de informaci\u00f3n que valoriza nuestra hermosa comunidad. Mi compromiso es hacer de Santa Catarina una referencia en materia de transparencia y comunicaci\u00f3n municipal.\",\"sameAs\":[\"https:\/\/stacatarina.mx\/\"]}]}<\/script>\n<!-- \/ Yoast SEO plugin. -->","yoast_head_json":{"title":"La familia de Bruce Willis donar\u00e1 su cerebro a la ciencia tras su muerte (para contribuir a la investigaci\u00f3n de la demencia frontotemporal) - Consejos - Santa Catarina","robots":{"index":"index","follow":"follow","max-snippet":"max-snippet:-1","max-image-preview":"max-image-preview:large","max-video-preview":"max-video-preview:-1"},"canonical":"https:\/\/stacatarina.mx\/consejos\/la-familia-de-bruce-willis-donara-su-cerebro-a-la-ciencia-tras-su-muerte-para-contribuir-a-la-investigacion-de-la-demencia-frontotemporal\/","og_locale":"es_MX","og_type":"article","og_title":"La familia de Bruce Willis donar\u00e1 su cerebro a la ciencia tras su muerte (para contribuir a la investigaci\u00f3n de la demencia frontotemporal) - Consejos - Santa Catarina","og_description":"La familia de Bruce Willis ha tomado una decisi\u00f3n que dejar\u00e1 huella en la investigaci\u00f3n neurol\u00f3gica. Tras la muerte del actor, su cerebro ser\u00e1 donado","og_url":"https:\/\/stacatarina.mx\/consejos\/la-familia-de-bruce-willis-donara-su-cerebro-a-la-ciencia-tras-su-muerte-para-contribuir-a-la-investigacion-de-la-demencia-frontotemporal\/","og_site_name":"Santa Catarina","article_publisher":"https:\/\/www.facebook.com\/stacatarinagob\/","article_published_time":"2026-04-30T09:53:02+00:00","article_modified_time":"2026-04-30T09:53:05+00:00","og_image":[{"width":1500,"height":1000,"url":"https:\/\/stacatarina.mx\/consejos\/wp-content\/uploads\/2026\/04\/La-familia-de-Bruce-Willis-donara-su-cerebro-a-la.jpg","type":"image\/jpeg"}],"author":"Pedro Mart\u00ednez","twitter_card":"summary_large_image","twitter_creator":"@stacatarinagob","twitter_site":"@stacatarinagob","twitter_misc":{"Escrito por":"Pedro Mart\u00ednez","Tiempo de lectura":"3 minutos"},"schema":{"@context":"https:\/\/schema.org","@graph":[{"@type":"Article","@id":"https:\/\/stacatarina.mx\/consejos\/la-familia-de-bruce-willis-donara-su-cerebro-a-la-ciencia-tras-su-muerte-para-contribuir-a-la-investigacion-de-la-demencia-frontotemporal\/#article","isPartOf":{"@id":"https:\/\/stacatarina.mx\/consejos\/la-familia-de-bruce-willis-donara-su-cerebro-a-la-ciencia-tras-su-muerte-para-contribuir-a-la-investigacion-de-la-demencia-frontotemporal\/"},"author":{"name":"Pedro Mart\u00ednez","@id":"https:\/\/stacatarina.mx\/consejos\/#\/schema\/person\/0be60adffa8e4c4d0828fdf021450e8a"},"headline":"La familia de Bruce Willis donar\u00e1 su cerebro a la ciencia tras su muerte (para contribuir a la investigaci\u00f3n de la demencia frontotemporal)","datePublished":"2026-04-30T09:53:02+00:00","dateModified":"2026-04-30T09:53:05+00:00","mainEntityOfPage":{"@id":"https:\/\/stacatarina.mx\/consejos\/la-familia-de-bruce-willis-donara-su-cerebro-a-la-ciencia-tras-su-muerte-para-contribuir-a-la-investigacion-de-la-demencia-frontotemporal\/"},"wordCount":551,"publisher":{"@id":"https:\/\/stacatarina.mx\/consejos\/#organization"},"image":{"@id":"https:\/\/stacatarina.mx\/consejos\/la-familia-de-bruce-willis-donara-su-cerebro-a-la-ciencia-tras-su-muerte-para-contribuir-a-la-investigacion-de-la-demencia-frontotemporal\/#primaryimage"},"thumbnailUrl":"https:\/\/stacatarina.mx\/consejos\/wp-content\/uploads\/2026\/04\/La-familia-de-Bruce-Willis-donara-su-cerebro-a-la.jpg","keywords":["Bruce","cerebro","ciencia","contribuir","demencia","donar\u00e1","familia","frontotemporal","investigaci\u00f3n","Muerte","para","tras","Willis"],"articleSection":["Salud"],"inLanguage":"es"},{"@type":"WebPage","@id":"https:\/\/stacatarina.mx\/consejos\/la-familia-de-bruce-willis-donara-su-cerebro-a-la-ciencia-tras-su-muerte-para-contribuir-a-la-investigacion-de-la-demencia-frontotemporal\/","url":"https:\/\/stacatarina.mx\/consejos\/la-familia-de-bruce-willis-donara-su-cerebro-a-la-ciencia-tras-su-muerte-para-contribuir-a-la-investigacion-de-la-demencia-frontotemporal\/","name":"La familia de Bruce Willis donar\u00e1 su cerebro a la ciencia tras su muerte (para contribuir a la investigaci\u00f3n de la demencia frontotemporal) - Consejos - Santa Catarina","isPartOf":{"@id":"https:\/\/stacatarina.mx\/consejos\/#website"},"primaryImageOfPage":{"@id":"https:\/\/stacatarina.mx\/consejos\/la-familia-de-bruce-willis-donara-su-cerebro-a-la-ciencia-tras-su-muerte-para-contribuir-a-la-investigacion-de-la-demencia-frontotemporal\/#primaryimage"},"image":{"@id":"https:\/\/stacatarina.mx\/consejos\/la-familia-de-bruce-willis-donara-su-cerebro-a-la-ciencia-tras-su-muerte-para-contribuir-a-la-investigacion-de-la-demencia-frontotemporal\/#primaryimage"},"thumbnailUrl":"https:\/\/stacatarina.mx\/consejos\/wp-content\/uploads\/2026\/04\/La-familia-de-Bruce-Willis-donara-su-cerebro-a-la.jpg","datePublished":"2026-04-30T09:53:02+00:00","dateModified":"2026-04-30T09:53:05+00:00","breadcrumb":{"@id":"https:\/\/stacatarina.mx\/consejos\/la-familia-de-bruce-willis-donara-su-cerebro-a-la-ciencia-tras-su-muerte-para-contribuir-a-la-investigacion-de-la-demencia-frontotemporal\/#breadcrumb"},"inLanguage":"es","potentialAction":[{"@type":"ReadAction","target":["https:\/\/stacatarina.mx\/consejos\/la-familia-de-bruce-willis-donara-su-cerebro-a-la-ciencia-tras-su-muerte-para-contribuir-a-la-investigacion-de-la-demencia-frontotemporal\/"]}]},{"@type":"ImageObject","inLanguage":"es","@id":"https:\/\/stacatarina.mx\/consejos\/la-familia-de-bruce-willis-donara-su-cerebro-a-la-ciencia-tras-su-muerte-para-contribuir-a-la-investigacion-de-la-demencia-frontotemporal\/#primaryimage","url":"https:\/\/stacatarina.mx\/consejos\/wp-content\/uploads\/2026\/04\/La-familia-de-Bruce-Willis-donara-su-cerebro-a-la.jpg","contentUrl":"https:\/\/stacatarina.mx\/consejos\/wp-content\/uploads\/2026\/04\/La-familia-de-Bruce-Willis-donara-su-cerebro-a-la.jpg","width":1500,"height":1000,"caption":"Bruce Willis"},{"@type":"BreadcrumbList","@id":"https:\/\/stacatarina.mx\/consejos\/la-familia-de-bruce-willis-donara-su-cerebro-a-la-ciencia-tras-su-muerte-para-contribuir-a-la-investigacion-de-la-demencia-frontotemporal\/#breadcrumb","itemListElement":[{"@type":"ListItem","position":1,"name":"Inicio","item":"https:\/\/stacatarina.mx\/consejos\/"},{"@type":"ListItem","position":2,"name":"La familia de Bruce Willis donar\u00e1 su cerebro a la ciencia tras su muerte (para contribuir a la investigaci\u00f3n de la demencia frontotemporal)"}]},{"@type":"WebSite","@id":"https:\/\/stacatarina.mx\/consejos\/#website","url":"https:\/\/stacatarina.mx\/consejos\/","name":"Santa Catarina","description":"","publisher":{"@id":"https:\/\/stacatarina.mx\/consejos\/#organization"},"potentialAction":[{"@type":"SearchAction","target":{"@type":"EntryPoint","urlTemplate":"https:\/\/stacatarina.mx\/consejos\/?s={search_term_string}"},"query-input":{"@type":"PropertyValueSpecification","valueRequired":true,"valueName":"search_term_string"}}],"inLanguage":"es"},{"@type":"Organization","@id":"https:\/\/stacatarina.mx\/consejos\/#organization","name":"Santa Catarina","url":"https:\/\/stacatarina.mx\/consejos\/","logo":{"@type":"ImageObject","inLanguage":"es","@id":"https:\/\/stacatarina.mx\/consejos\/#\/schema\/logo\/image\/","url":"https:\/\/stacatarina.mx\/consejos\/wp-content\/uploads\/2024\/09\/cropped-favicon-1-1.png","contentUrl":"https:\/\/stacatarina.mx\/consejos\/wp-content\/uploads\/2024\/09\/cropped-favicon-1-1.png","width":512,"height":512,"caption":"Santa Catarina"},"image":{"@id":"https:\/\/stacatarina.mx\/consejos\/#\/schema\/logo\/image\/"},"sameAs":["https:\/\/www.facebook.com\/stacatarinagob\/","https:\/\/x.com\/stacatarinagob","https:\/\/www.instagram.com\/stacatarinagob\/","https:\/\/www.youtube.com\/channel\/UCK-6cQJL_904665N1_nLTWw"]},{"@type":"Person","@id":"https:\/\/stacatarina.mx\/consejos\/#\/schema\/person\/0be60adffa8e4c4d0828fdf021450e8a","name":"Pedro Mart\u00ednez","image":{"@type":"ImageObject","inLanguage":"es","@id":"https:\/\/stacatarina.mx\/consejos\/#\/schema\/person\/image\/","url":"https:\/\/stacatarina.mx\/consejos\/wp-content\/uploads\/2024\/09\/stacatarina.jpg","contentUrl":"https:\/\/stacatarina.mx\/consejos\/wp-content\/uploads\/2024\/09\/stacatarina.jpg","caption":"Pedro Mart\u00ednez"},"description":"Hola, soy Pedro Mart\u00ednez, redactor jefe del sitio oficial del ayuntamiento de Santa Catarina, en M\u00e9xico. Con m\u00e1s de diez a\u00f1os de experiencia en el periodismo local, tengo una pasi\u00f3n por la investigaci\u00f3n y la difusi\u00f3n de informaci\u00f3n que valoriza nuestra hermosa comunidad. Mi compromiso es hacer de Santa Catarina una referencia en materia de transparencia y comunicaci\u00f3n municipal.","sameAs":["https:\/\/stacatarina.mx\/"]}]}},"_links":{"self":[{"href":"https:\/\/stacatarina.mx\/consejos\/wp-json\/wp\/v2\/posts\/8986"}],"collection":[{"href":"https:\/\/stacatarina.mx\/consejos\/wp-json\/wp\/v2\/posts"}],"about":[{"href":"https:\/\/stacatarina.mx\/consejos\/wp-json\/wp\/v2\/types\/post"}],"author":[{"embeddable":true,"href":"https:\/\/stacatarina.mx\/consejos\/wp-json\/wp\/v2\/users\/1"}],"replies":[{"embeddable":true,"href":"https:\/\/stacatarina.mx\/consejos\/wp-json\/wp\/v2\/comments?post=8986"}],"version-history":[{"count":1,"href":"https:\/\/stacatarina.mx\/consejos\/wp-json\/wp\/v2\/posts\/8986\/revisions"}],"predecessor-version":[{"id":8988,"href":"https:\/\/stacatarina.mx\/consejos\/wp-json\/wp\/v2\/posts\/8986\/revisions\/8988"}],"wp:featuredmedia":[{"embeddable":true,"href":"https:\/\/stacatarina.mx\/consejos\/wp-json\/wp\/v2\/media\/8987"}],"wp:attachment":[{"href":"https:\/\/stacatarina.mx\/consejos\/wp-json\/wp\/v2\/media?parent=8986"}],"wp:term":[{"taxonomy":"category","embeddable":true,"href":"https:\/\/stacatarina.mx\/consejos\/wp-json\/wp\/v2\/categories?post=8986"},{"taxonomy":"post_tag","embeddable":true,"href":"https:\/\/stacatarina.mx\/consejos\/wp-json\/wp\/v2\/tags?post=8986"}],"curies":[{"name":"wp","href":"https:\/\/api.w.org\/{rel}","templated":true}]}}