{"id":8992,"date":"2026-04-30T08:52:42","date_gmt":"2026-04-30T14:52:42","guid":{"rendered":"https:\/\/stacatarina.mx\/consejos\/pastillas-abortivas-escondidas-en-cajas-secretas-en-malta-la-protesta-que-desafia-una-de-las-leyes-mas-duras-de-europa\/"},"modified":"2026-04-30T08:52:45","modified_gmt":"2026-04-30T14:52:45","slug":"pastillas-abortivas-escondidas-en-cajas-secretas-en-malta-la-protesta-que-desafia-una-de-las-leyes-mas-duras-de-europa","status":"publish","type":"post","link":"https:\/\/stacatarina.mx\/consejos\/pastillas-abortivas-escondidas-en-cajas-secretas-en-malta-la-protesta-que-desafia-una-de-las-leyes-mas-duras-de-europa\/","title":{"rendered":"Pastillas abortivas escondidas en cajas secretas en Malta: la protesta que desaf\u00eda una de las leyes m\u00e1s duras de Europa"},"content":{"rendered":"<p><\/p>\n<p>En Malta, la batalla por el derecho al aborto tambi\u00e9n se libra ahora a trav\u00e9s de cajas de seguridad repartidas por las calles y lugares del archipi\u00e9lago. Dentro hay pastillas abortivas. La instalaci\u00f3n fue organizada por la asociaci\u00f3n holandesa Women on Waves, que lanz\u00f3 una campa\u00f1a destinada a provocar un choque pol\u00edtico y cultural en uno de los pa\u00edses m\u00e1s restrictivos de Europa en materia de aborto.<\/p>\n<p>Las llamadas cajas de seguridad se han colocado en varios lugares de Malta y de la isla de Gozo. Las mujeres con menos de nueve semanas de embarazo que quieran interrumpir su embarazo pueden contactar a los activistas por correo electr\u00f3nico para recibir instrucciones y c\u00f3digos de acceso. En los primeros ocho d\u00edas de campa\u00f1a, 16 mujeres ya han pedido ayuda, una cifra que los organizadores interpretan como se\u00f1al de una pregunta sumergida y hasta ahora sin respuesta.<\/p>\n<h2>Una de las leyes m\u00e1s estrictas de la Uni\u00f3n Europea.<\/h2>\n<p>Malta sigue representando una excepci\u00f3n en el panorama occidental. La interrupci\u00f3n voluntaria del embarazo sigue siendo ilegal en casi todas las circunstancias: no est\u00e1 permitida ni siquiera en casos de violaci\u00f3n, incesto o malformaciones fetales graves. A partir de 2023, la legislaci\u00f3n permite el aborto s\u00f3lo cuando la vida de la mujer est\u00e9 concretamente en peligro y s\u00f3lo tras el dictamen favorable de tres m\u00e9dicos, que deben certificar la ausencia de alternativas terap\u00e9uticas.<\/p>\n<p>Durante d\u00e9cadas la prohibici\u00f3n fue absoluta. Lo que cambi\u00f3 parcialmente el panorama fue un caso que atrajo la atenci\u00f3n internacional en 2022: una turista estadounidense, durante unas vacaciones en la isla, sufri\u00f3 un aborto espont\u00e1neo incompleto. Los m\u00e9dicos se negaron a intervenir para interrumpir el embarazo por temor a consecuencias legales. Luego, la mujer fue trasladada a Espa\u00f1a para recibir el tratamiento necesario.<\/p>\n<h2>Cientos de mujeres se someten a abortos ilegales<\/h2>\n<p>La iniciativa Women on Waves provoc\u00f3 inmediatamente un debate p\u00fablico. Las organizaciones antiaborto han pedido a las autoridades que abran una investigaci\u00f3n, acusando a los activistas de eludir la ley maltesa. Por otro lado, los movimientos por los derechos de las mujeres denuncian una situaci\u00f3n que obliga a cientos de mujeres a viajar al extranjero gastando miles de euros o a recurrir a abortos clandestinos. Sin embargo, el problema no se refiere s\u00f3lo a la ley, sino tambi\u00e9n a la falta de educaci\u00f3n sexual y al acceso limitado a los anticonceptivos, elementos que agravan a\u00fan m\u00e1s la condici\u00f3n de las mujeres maltesas.<\/p>\n<h2>Una realidad que muchas veces es invisible<\/h2>\n<p>La campa\u00f1a de las cintas secretas saca a la luz una realidad que ha permanecido invisible durante a\u00f1os. Malta se enfrenta ahora a un choque que no s\u00f3lo concierne a la legalidad de las pastillas abortivas, sino tambi\u00e9n al significado mismo de la autodeterminaci\u00f3n y la salud p\u00fablica. En un pa\u00eds donde una mujer fue condenada recientemente a una pena suspendida por un aborto autoinducido, la red construida por activistas representa mucho m\u00e1s que una protesta simb\u00f3lica: es un intento concreto de crear una alternativa en un sistema que contin\u00faa dejando a miles de mujeres sin opci\u00f3n.<\/p>\n<div class=\"responsive-container\"><\/div><\/p>\n","protected":false},"excerpt":{"rendered":"<p>En Malta, la batalla por el derecho al aborto tambi\u00e9n se libra ahora a trav\u00e9s de cajas de seguridad repartidas por las calles y lugares<\/p>\n","protected":false},"author":1,"featured_media":8993,"comment_status":"closed","ping_status":"","sticky":false,"template":"","format":"standard","meta":{"footnotes":""},"categories":[762],"tags":[8633,4019,6260,8636,8634,1015,34,510,8635,137,6436,2344,7521,37],"class_list":["post-8992","post","type-post","status-publish","format-standard","has-post-thumbnail","hentry","category-salud","tag-abortivas","tag-cajas","tag-desafia","tag-duras","tag-escondidas","tag-europa","tag-las","tag-leyes","tag-malta","tag-mas","tag-pastillas","tag-protesta","tag-secretas","tag-una","generate-columns","tablet-grid-50","mobile-grid-100","grid-parent","grid-50"],"yoast_head":"<!-- This site is optimized with the Yoast SEO plugin v23.4 - https:\/\/yoast.com\/wordpress\/plugins\/seo\/ -->\n<title>Pastillas abortivas escondidas en cajas secretas en Malta: la protesta que desaf\u00eda una de las leyes m\u00e1s duras de Europa - Consejos - Santa Catarina<\/title>\n<meta name=\"robots\" content=\"index, follow, max-snippet:-1, max-image-preview:large, max-video-preview:-1\" \/>\n<link rel=\"canonical\" href=\"https:\/\/stacatarina.mx\/consejos\/pastillas-abortivas-escondidas-en-cajas-secretas-en-malta-la-protesta-que-desafia-una-de-las-leyes-mas-duras-de-europa\/\" \/>\n<meta property=\"og:locale\" content=\"es_MX\" \/>\n<meta property=\"og:type\" content=\"article\" \/>\n<meta property=\"og:title\" content=\"Pastillas abortivas escondidas en cajas secretas en Malta: la protesta que desaf\u00eda una de las leyes m\u00e1s duras de Europa - Consejos - Santa Catarina\" \/>\n<meta property=\"og:description\" content=\"En Malta, la batalla por el derecho al aborto tambi\u00e9n se libra ahora a trav\u00e9s de cajas de seguridad repartidas por las calles y lugares\" \/>\n<meta property=\"og:url\" content=\"https:\/\/stacatarina.mx\/consejos\/pastillas-abortivas-escondidas-en-cajas-secretas-en-malta-la-protesta-que-desafia-una-de-las-leyes-mas-duras-de-europa\/\" \/>\n<meta property=\"og:site_name\" content=\"Santa Catarina\" \/>\n<meta property=\"article:publisher\" content=\"https:\/\/www.facebook.com\/stacatarinagob\/\" \/>\n<meta property=\"article:published_time\" content=\"2026-04-30T14:52:42+00:00\" \/>\n<meta property=\"article:modified_time\" content=\"2026-04-30T14:52:45+00:00\" \/>\n<meta property=\"og:image\" content=\"https:\/\/stacatarina.mx\/consejos\/wp-content\/uploads\/2026\/04\/Pastillas-abortivas-escondidas-en-cajas-secretas-en-Malta-la-protesta.jpg\" \/>\n\t<meta property=\"og:image:width\" content=\"1500\" \/>\n\t<meta property=\"og:image:height\" content=\"1000\" \/>\n\t<meta property=\"og:image:type\" content=\"image\/jpeg\" \/>\n<meta name=\"author\" content=\"Pedro Mart\u00ednez\" \/>\n<meta name=\"twitter:card\" content=\"summary_large_image\" \/>\n<meta name=\"twitter:creator\" content=\"@stacatarinagob\" \/>\n<meta name=\"twitter:site\" content=\"@stacatarinagob\" \/>\n<meta name=\"twitter:label1\" content=\"Escrito por\" \/>\n\t<meta name=\"twitter:data1\" content=\"Pedro Mart\u00ednez\" \/>\n\t<meta name=\"twitter:label2\" content=\"Tiempo de lectura\" \/>\n\t<meta name=\"twitter:data2\" content=\"3 minutos\" \/>\n<script type=\"application\/ld+json\" class=\"yoast-schema-graph\">{\"@context\":\"https:\/\/schema.org\",\"@graph\":[{\"@type\":\"Article\",\"@id\":\"https:\/\/stacatarina.mx\/consejos\/pastillas-abortivas-escondidas-en-cajas-secretas-en-malta-la-protesta-que-desafia-una-de-las-leyes-mas-duras-de-europa\/#article\",\"isPartOf\":{\"@id\":\"https:\/\/stacatarina.mx\/consejos\/pastillas-abortivas-escondidas-en-cajas-secretas-en-malta-la-protesta-que-desafia-una-de-las-leyes-mas-duras-de-europa\/\"},\"author\":{\"name\":\"Pedro Mart\u00ednez\",\"@id\":\"https:\/\/stacatarina.mx\/consejos\/#\/schema\/person\/0be60adffa8e4c4d0828fdf021450e8a\"},\"headline\":\"Pastillas abortivas escondidas en cajas secretas en Malta: la protesta que desaf\u00eda una de las leyes m\u00e1s duras de Europa\",\"datePublished\":\"2026-04-30T14:52:42+00:00\",\"dateModified\":\"2026-04-30T14:52:45+00:00\",\"mainEntityOfPage\":{\"@id\":\"https:\/\/stacatarina.mx\/consejos\/pastillas-abortivas-escondidas-en-cajas-secretas-en-malta-la-protesta-que-desafia-una-de-las-leyes-mas-duras-de-europa\/\"},\"wordCount\":574,\"publisher\":{\"@id\":\"https:\/\/stacatarina.mx\/consejos\/#organization\"},\"image\":{\"@id\":\"https:\/\/stacatarina.mx\/consejos\/pastillas-abortivas-escondidas-en-cajas-secretas-en-malta-la-protesta-que-desafia-una-de-las-leyes-mas-duras-de-europa\/#primaryimage\"},\"thumbnailUrl\":\"https:\/\/stacatarina.mx\/consejos\/wp-content\/uploads\/2026\/04\/Pastillas-abortivas-escondidas-en-cajas-secretas-en-Malta-la-protesta.jpg\",\"keywords\":[\"abortivas\",\"cajas\",\"desaf\u00eda\",\"duras\",\"escondidas\",\"Europa\",\"Las\",\"leyes\",\"Malta\",\"m\u00e1s\",\"pastillas\",\"Protesta\",\"secretas\",\"una\"],\"articleSection\":[\"Salud\"],\"inLanguage\":\"es\"},{\"@type\":\"WebPage\",\"@id\":\"https:\/\/stacatarina.mx\/consejos\/pastillas-abortivas-escondidas-en-cajas-secretas-en-malta-la-protesta-que-desafia-una-de-las-leyes-mas-duras-de-europa\/\",\"url\":\"https:\/\/stacatarina.mx\/consejos\/pastillas-abortivas-escondidas-en-cajas-secretas-en-malta-la-protesta-que-desafia-una-de-las-leyes-mas-duras-de-europa\/\",\"name\":\"Pastillas abortivas escondidas en cajas secretas en Malta: la protesta que desaf\u00eda una de las leyes m\u00e1s duras de Europa - Consejos - Santa Catarina\",\"isPartOf\":{\"@id\":\"https:\/\/stacatarina.mx\/consejos\/#website\"},\"primaryImageOfPage\":{\"@id\":\"https:\/\/stacatarina.mx\/consejos\/pastillas-abortivas-escondidas-en-cajas-secretas-en-malta-la-protesta-que-desafia-una-de-las-leyes-mas-duras-de-europa\/#primaryimage\"},\"image\":{\"@id\":\"https:\/\/stacatarina.mx\/consejos\/pastillas-abortivas-escondidas-en-cajas-secretas-en-malta-la-protesta-que-desafia-una-de-las-leyes-mas-duras-de-europa\/#primaryimage\"},\"thumbnailUrl\":\"https:\/\/stacatarina.mx\/consejos\/wp-content\/uploads\/2026\/04\/Pastillas-abortivas-escondidas-en-cajas-secretas-en-Malta-la-protesta.jpg\",\"datePublished\":\"2026-04-30T14:52:42+00:00\",\"dateModified\":\"2026-04-30T14:52:45+00:00\",\"breadcrumb\":{\"@id\":\"https:\/\/stacatarina.mx\/consejos\/pastillas-abortivas-escondidas-en-cajas-secretas-en-malta-la-protesta-que-desafia-una-de-las-leyes-mas-duras-de-europa\/#breadcrumb\"},\"inLanguage\":\"es\",\"potentialAction\":[{\"@type\":\"ReadAction\",\"target\":[\"https:\/\/stacatarina.mx\/consejos\/pastillas-abortivas-escondidas-en-cajas-secretas-en-malta-la-protesta-que-desafia-una-de-las-leyes-mas-duras-de-europa\/\"]}]},{\"@type\":\"ImageObject\",\"inLanguage\":\"es\",\"@id\":\"https:\/\/stacatarina.mx\/consejos\/pastillas-abortivas-escondidas-en-cajas-secretas-en-malta-la-protesta-que-desafia-una-de-las-leyes-mas-duras-de-europa\/#primaryimage\",\"url\":\"https:\/\/stacatarina.mx\/consejos\/wp-content\/uploads\/2026\/04\/Pastillas-abortivas-escondidas-en-cajas-secretas-en-Malta-la-protesta.jpg\",\"contentUrl\":\"https:\/\/stacatarina.mx\/consejos\/wp-content\/uploads\/2026\/04\/Pastillas-abortivas-escondidas-en-cajas-secretas-en-Malta-la-protesta.jpg\",\"width\":1500,\"height\":1000,\"caption\":\"Pillole abortive Malta\"},{\"@type\":\"BreadcrumbList\",\"@id\":\"https:\/\/stacatarina.mx\/consejos\/pastillas-abortivas-escondidas-en-cajas-secretas-en-malta-la-protesta-que-desafia-una-de-las-leyes-mas-duras-de-europa\/#breadcrumb\",\"itemListElement\":[{\"@type\":\"ListItem\",\"position\":1,\"name\":\"Inicio\",\"item\":\"https:\/\/stacatarina.mx\/consejos\/\"},{\"@type\":\"ListItem\",\"position\":2,\"name\":\"Pastillas abortivas escondidas en cajas secretas en Malta: la protesta que desaf\u00eda una de las leyes m\u00e1s duras de Europa\"}]},{\"@type\":\"WebSite\",\"@id\":\"https:\/\/stacatarina.mx\/consejos\/#website\",\"url\":\"https:\/\/stacatarina.mx\/consejos\/\",\"name\":\"Santa Catarina\",\"description\":\"\",\"publisher\":{\"@id\":\"https:\/\/stacatarina.mx\/consejos\/#organization\"},\"potentialAction\":[{\"@type\":\"SearchAction\",\"target\":{\"@type\":\"EntryPoint\",\"urlTemplate\":\"https:\/\/stacatarina.mx\/consejos\/?s={search_term_string}\"},\"query-input\":{\"@type\":\"PropertyValueSpecification\",\"valueRequired\":true,\"valueName\":\"search_term_string\"}}],\"inLanguage\":\"es\"},{\"@type\":\"Organization\",\"@id\":\"https:\/\/stacatarina.mx\/consejos\/#organization\",\"name\":\"Santa Catarina\",\"url\":\"https:\/\/stacatarina.mx\/consejos\/\",\"logo\":{\"@type\":\"ImageObject\",\"inLanguage\":\"es\",\"@id\":\"https:\/\/stacatarina.mx\/consejos\/#\/schema\/logo\/image\/\",\"url\":\"https:\/\/stacatarina.mx\/consejos\/wp-content\/uploads\/2024\/09\/cropped-favicon-1-1.png\",\"contentUrl\":\"https:\/\/stacatarina.mx\/consejos\/wp-content\/uploads\/2024\/09\/cropped-favicon-1-1.png\",\"width\":512,\"height\":512,\"caption\":\"Santa Catarina\"},\"image\":{\"@id\":\"https:\/\/stacatarina.mx\/consejos\/#\/schema\/logo\/image\/\"},\"sameAs\":[\"https:\/\/www.facebook.com\/stacatarinagob\/\",\"https:\/\/x.com\/stacatarinagob\",\"https:\/\/www.instagram.com\/stacatarinagob\/\",\"https:\/\/www.youtube.com\/channel\/UCK-6cQJL_904665N1_nLTWw\"]},{\"@type\":\"Person\",\"@id\":\"https:\/\/stacatarina.mx\/consejos\/#\/schema\/person\/0be60adffa8e4c4d0828fdf021450e8a\",\"name\":\"Pedro Mart\u00ednez\",\"image\":{\"@type\":\"ImageObject\",\"inLanguage\":\"es\",\"@id\":\"https:\/\/stacatarina.mx\/consejos\/#\/schema\/person\/image\/\",\"url\":\"https:\/\/stacatarina.mx\/consejos\/wp-content\/uploads\/2024\/09\/stacatarina.jpg\",\"contentUrl\":\"https:\/\/stacatarina.mx\/consejos\/wp-content\/uploads\/2024\/09\/stacatarina.jpg\",\"caption\":\"Pedro Mart\u00ednez\"},\"description\":\"Hola, soy Pedro Mart\u00ednez, redactor jefe del sitio oficial del ayuntamiento de Santa Catarina, en M\u00e9xico. Con m\u00e1s de diez a\u00f1os de experiencia en el periodismo local, tengo una pasi\u00f3n por la investigaci\u00f3n y la difusi\u00f3n de informaci\u00f3n que valoriza nuestra hermosa comunidad. Mi compromiso es hacer de Santa Catarina una referencia en materia de transparencia y comunicaci\u00f3n municipal.\",\"sameAs\":[\"https:\/\/stacatarina.mx\/\"]}]}<\/script>\n<!-- \/ Yoast SEO plugin. -->","yoast_head_json":{"title":"Pastillas abortivas escondidas en cajas secretas en Malta: la protesta que desaf\u00eda una de las leyes m\u00e1s duras de Europa - Consejos - Santa Catarina","robots":{"index":"index","follow":"follow","max-snippet":"max-snippet:-1","max-image-preview":"max-image-preview:large","max-video-preview":"max-video-preview:-1"},"canonical":"https:\/\/stacatarina.mx\/consejos\/pastillas-abortivas-escondidas-en-cajas-secretas-en-malta-la-protesta-que-desafia-una-de-las-leyes-mas-duras-de-europa\/","og_locale":"es_MX","og_type":"article","og_title":"Pastillas abortivas escondidas en cajas secretas en Malta: la protesta que desaf\u00eda una de las leyes m\u00e1s duras de Europa - Consejos - Santa Catarina","og_description":"En Malta, la batalla por el derecho al aborto tambi\u00e9n se libra ahora a trav\u00e9s de cajas de seguridad repartidas por las calles y lugares","og_url":"https:\/\/stacatarina.mx\/consejos\/pastillas-abortivas-escondidas-en-cajas-secretas-en-malta-la-protesta-que-desafia-una-de-las-leyes-mas-duras-de-europa\/","og_site_name":"Santa Catarina","article_publisher":"https:\/\/www.facebook.com\/stacatarinagob\/","article_published_time":"2026-04-30T14:52:42+00:00","article_modified_time":"2026-04-30T14:52:45+00:00","og_image":[{"width":1500,"height":1000,"url":"https:\/\/stacatarina.mx\/consejos\/wp-content\/uploads\/2026\/04\/Pastillas-abortivas-escondidas-en-cajas-secretas-en-Malta-la-protesta.jpg","type":"image\/jpeg"}],"author":"Pedro Mart\u00ednez","twitter_card":"summary_large_image","twitter_creator":"@stacatarinagob","twitter_site":"@stacatarinagob","twitter_misc":{"Escrito por":"Pedro Mart\u00ednez","Tiempo de lectura":"3 minutos"},"schema":{"@context":"https:\/\/schema.org","@graph":[{"@type":"Article","@id":"https:\/\/stacatarina.mx\/consejos\/pastillas-abortivas-escondidas-en-cajas-secretas-en-malta-la-protesta-que-desafia-una-de-las-leyes-mas-duras-de-europa\/#article","isPartOf":{"@id":"https:\/\/stacatarina.mx\/consejos\/pastillas-abortivas-escondidas-en-cajas-secretas-en-malta-la-protesta-que-desafia-una-de-las-leyes-mas-duras-de-europa\/"},"author":{"name":"Pedro Mart\u00ednez","@id":"https:\/\/stacatarina.mx\/consejos\/#\/schema\/person\/0be60adffa8e4c4d0828fdf021450e8a"},"headline":"Pastillas abortivas escondidas en cajas secretas en Malta: la protesta que desaf\u00eda una de las leyes m\u00e1s duras de Europa","datePublished":"2026-04-30T14:52:42+00:00","dateModified":"2026-04-30T14:52:45+00:00","mainEntityOfPage":{"@id":"https:\/\/stacatarina.mx\/consejos\/pastillas-abortivas-escondidas-en-cajas-secretas-en-malta-la-protesta-que-desafia-una-de-las-leyes-mas-duras-de-europa\/"},"wordCount":574,"publisher":{"@id":"https:\/\/stacatarina.mx\/consejos\/#organization"},"image":{"@id":"https:\/\/stacatarina.mx\/consejos\/pastillas-abortivas-escondidas-en-cajas-secretas-en-malta-la-protesta-que-desafia-una-de-las-leyes-mas-duras-de-europa\/#primaryimage"},"thumbnailUrl":"https:\/\/stacatarina.mx\/consejos\/wp-content\/uploads\/2026\/04\/Pastillas-abortivas-escondidas-en-cajas-secretas-en-Malta-la-protesta.jpg","keywords":["abortivas","cajas","desaf\u00eda","duras","escondidas","Europa","Las","leyes","Malta","m\u00e1s","pastillas","Protesta","secretas","una"],"articleSection":["Salud"],"inLanguage":"es"},{"@type":"WebPage","@id":"https:\/\/stacatarina.mx\/consejos\/pastillas-abortivas-escondidas-en-cajas-secretas-en-malta-la-protesta-que-desafia-una-de-las-leyes-mas-duras-de-europa\/","url":"https:\/\/stacatarina.mx\/consejos\/pastillas-abortivas-escondidas-en-cajas-secretas-en-malta-la-protesta-que-desafia-una-de-las-leyes-mas-duras-de-europa\/","name":"Pastillas abortivas escondidas en cajas secretas en Malta: la protesta que desaf\u00eda una de las leyes m\u00e1s duras de Europa - Consejos - Santa Catarina","isPartOf":{"@id":"https:\/\/stacatarina.mx\/consejos\/#website"},"primaryImageOfPage":{"@id":"https:\/\/stacatarina.mx\/consejos\/pastillas-abortivas-escondidas-en-cajas-secretas-en-malta-la-protesta-que-desafia-una-de-las-leyes-mas-duras-de-europa\/#primaryimage"},"image":{"@id":"https:\/\/stacatarina.mx\/consejos\/pastillas-abortivas-escondidas-en-cajas-secretas-en-malta-la-protesta-que-desafia-una-de-las-leyes-mas-duras-de-europa\/#primaryimage"},"thumbnailUrl":"https:\/\/stacatarina.mx\/consejos\/wp-content\/uploads\/2026\/04\/Pastillas-abortivas-escondidas-en-cajas-secretas-en-Malta-la-protesta.jpg","datePublished":"2026-04-30T14:52:42+00:00","dateModified":"2026-04-30T14:52:45+00:00","breadcrumb":{"@id":"https:\/\/stacatarina.mx\/consejos\/pastillas-abortivas-escondidas-en-cajas-secretas-en-malta-la-protesta-que-desafia-una-de-las-leyes-mas-duras-de-europa\/#breadcrumb"},"inLanguage":"es","potentialAction":[{"@type":"ReadAction","target":["https:\/\/stacatarina.mx\/consejos\/pastillas-abortivas-escondidas-en-cajas-secretas-en-malta-la-protesta-que-desafia-una-de-las-leyes-mas-duras-de-europa\/"]}]},{"@type":"ImageObject","inLanguage":"es","@id":"https:\/\/stacatarina.mx\/consejos\/pastillas-abortivas-escondidas-en-cajas-secretas-en-malta-la-protesta-que-desafia-una-de-las-leyes-mas-duras-de-europa\/#primaryimage","url":"https:\/\/stacatarina.mx\/consejos\/wp-content\/uploads\/2026\/04\/Pastillas-abortivas-escondidas-en-cajas-secretas-en-Malta-la-protesta.jpg","contentUrl":"https:\/\/stacatarina.mx\/consejos\/wp-content\/uploads\/2026\/04\/Pastillas-abortivas-escondidas-en-cajas-secretas-en-Malta-la-protesta.jpg","width":1500,"height":1000,"caption":"Pillole abortive Malta"},{"@type":"BreadcrumbList","@id":"https:\/\/stacatarina.mx\/consejos\/pastillas-abortivas-escondidas-en-cajas-secretas-en-malta-la-protesta-que-desafia-una-de-las-leyes-mas-duras-de-europa\/#breadcrumb","itemListElement":[{"@type":"ListItem","position":1,"name":"Inicio","item":"https:\/\/stacatarina.mx\/consejos\/"},{"@type":"ListItem","position":2,"name":"Pastillas abortivas escondidas en cajas secretas en Malta: la protesta que desaf\u00eda una de las leyes m\u00e1s duras de Europa"}]},{"@type":"WebSite","@id":"https:\/\/stacatarina.mx\/consejos\/#website","url":"https:\/\/stacatarina.mx\/consejos\/","name":"Santa Catarina","description":"","publisher":{"@id":"https:\/\/stacatarina.mx\/consejos\/#organization"},"potentialAction":[{"@type":"SearchAction","target":{"@type":"EntryPoint","urlTemplate":"https:\/\/stacatarina.mx\/consejos\/?s={search_term_string}"},"query-input":{"@type":"PropertyValueSpecification","valueRequired":true,"valueName":"search_term_string"}}],"inLanguage":"es"},{"@type":"Organization","@id":"https:\/\/stacatarina.mx\/consejos\/#organization","name":"Santa Catarina","url":"https:\/\/stacatarina.mx\/consejos\/","logo":{"@type":"ImageObject","inLanguage":"es","@id":"https:\/\/stacatarina.mx\/consejos\/#\/schema\/logo\/image\/","url":"https:\/\/stacatarina.mx\/consejos\/wp-content\/uploads\/2024\/09\/cropped-favicon-1-1.png","contentUrl":"https:\/\/stacatarina.mx\/consejos\/wp-content\/uploads\/2024\/09\/cropped-favicon-1-1.png","width":512,"height":512,"caption":"Santa Catarina"},"image":{"@id":"https:\/\/stacatarina.mx\/consejos\/#\/schema\/logo\/image\/"},"sameAs":["https:\/\/www.facebook.com\/stacatarinagob\/","https:\/\/x.com\/stacatarinagob","https:\/\/www.instagram.com\/stacatarinagob\/","https:\/\/www.youtube.com\/channel\/UCK-6cQJL_904665N1_nLTWw"]},{"@type":"Person","@id":"https:\/\/stacatarina.mx\/consejos\/#\/schema\/person\/0be60adffa8e4c4d0828fdf021450e8a","name":"Pedro Mart\u00ednez","image":{"@type":"ImageObject","inLanguage":"es","@id":"https:\/\/stacatarina.mx\/consejos\/#\/schema\/person\/image\/","url":"https:\/\/stacatarina.mx\/consejos\/wp-content\/uploads\/2024\/09\/stacatarina.jpg","contentUrl":"https:\/\/stacatarina.mx\/consejos\/wp-content\/uploads\/2024\/09\/stacatarina.jpg","caption":"Pedro Mart\u00ednez"},"description":"Hola, soy Pedro Mart\u00ednez, redactor jefe del sitio oficial del ayuntamiento de Santa Catarina, en M\u00e9xico. Con m\u00e1s de diez a\u00f1os de experiencia en el periodismo local, tengo una pasi\u00f3n por la investigaci\u00f3n y la difusi\u00f3n de informaci\u00f3n que valoriza nuestra hermosa comunidad. Mi compromiso es hacer de Santa Catarina una referencia en materia de transparencia y comunicaci\u00f3n municipal.","sameAs":["https:\/\/stacatarina.mx\/"]}]}},"_links":{"self":[{"href":"https:\/\/stacatarina.mx\/consejos\/wp-json\/wp\/v2\/posts\/8992"}],"collection":[{"href":"https:\/\/stacatarina.mx\/consejos\/wp-json\/wp\/v2\/posts"}],"about":[{"href":"https:\/\/stacatarina.mx\/consejos\/wp-json\/wp\/v2\/types\/post"}],"author":[{"embeddable":true,"href":"https:\/\/stacatarina.mx\/consejos\/wp-json\/wp\/v2\/users\/1"}],"replies":[{"embeddable":true,"href":"https:\/\/stacatarina.mx\/consejos\/wp-json\/wp\/v2\/comments?post=8992"}],"version-history":[{"count":1,"href":"https:\/\/stacatarina.mx\/consejos\/wp-json\/wp\/v2\/posts\/8992\/revisions"}],"predecessor-version":[{"id":8994,"href":"https:\/\/stacatarina.mx\/consejos\/wp-json\/wp\/v2\/posts\/8992\/revisions\/8994"}],"wp:featuredmedia":[{"embeddable":true,"href":"https:\/\/stacatarina.mx\/consejos\/wp-json\/wp\/v2\/media\/8993"}],"wp:attachment":[{"href":"https:\/\/stacatarina.mx\/consejos\/wp-json\/wp\/v2\/media?parent=8992"}],"wp:term":[{"taxonomy":"category","embeddable":true,"href":"https:\/\/stacatarina.mx\/consejos\/wp-json\/wp\/v2\/categories?post=8992"},{"taxonomy":"post_tag","embeddable":true,"href":"https:\/\/stacatarina.mx\/consejos\/wp-json\/wp\/v2\/tags?post=8992"}],"curies":[{"name":"wp","href":"https:\/\/api.w.org\/{rel}","templated":true}]}}