{"id":9001,"date":"2026-04-30T16:52:35","date_gmt":"2026-04-30T22:52:35","guid":{"rendered":"https:\/\/stacatarina.mx\/consejos\/estado-europeo-del-clima-2025\/"},"modified":"2026-04-30T16:52:37","modified_gmt":"2026-04-30T22:52:37","slug":"estado-europeo-del-clima-2025","status":"publish","type":"post","link":"https:\/\/stacatarina.mx\/consejos\/estado-europeo-del-clima-2025\/","title":{"rendered":"Estado europeo del clima 2025"},"content":{"rendered":"<div class=\"entry-content\">\n<h4 class=\"wp-block-heading\">El informe del ECMWF y la OMM destaca los impactos del cambio clim\u00e1tico en las personas y la biodiversidad en el continente que se calienta m\u00e1s r\u00e1pido.<\/h4>\n<p>Mensajes clave<\/p>\n<ul class=\"wp-block-list\">\n<li>Las olas de calor se extienden desde el \u00c1rtico hasta el Mediterr\u00e1neo<\/li>\n<li>La temperatura de la superficie del mar es la m\u00e1s alta jam\u00e1s registrada<\/li>\n<li>Los incendios forestales quemaron la mayor superficie jam\u00e1s registrada.<\/li>\n<li>El 70% de los r\u00edos ten\u00edan caudales anuales inferiores a la media<\/li>\n<li>Europa act\u00faa sobre el clima y la biodiversidad<\/li>\n<\/ul>\n<p>El r\u00e1pido calentamiento en Europa est\u00e1 reduciendo la capa de nieve y hielo, mientras que las temperaturas del aire peligrosamente altas, las sequ\u00edas, las olas de calor y las temperaturas r\u00e9cord de los oc\u00e9anos est\u00e1n afectando a regiones desde el \u00c1rtico hasta el Mediterr\u00e1neo. Europa, junto con muchas otras regiones del mundo, est\u00e1 expuesta a impactos cada vez mayores \u2013desde olas de calor r\u00e9cord en tierra y mar hasta incendios forestales devastadores y una p\u00e9rdida continua de biodiversidad\u2013 con consecuencias para las sociedades y los ecosistemas de toda Europa.<\/p>\n<p>Los hallazgos se publican hoy dentro del informe Estado Europeo del Clima (ESOTC) 2025, elaborado por el Centro Europeo de Pron\u00f3sticos Meteorol\u00f3gicos a Plazo Medio (ECMWF), que implementa el Servicio de Cambio Clim\u00e1tico Copernicus, y la Organizaci\u00f3n Meteorol\u00f3gica Mundial (OMM). El informe re\u00fane el trabajo de alrededor de 100 colaboradores cient\u00edficos y proporciona una descripci\u00f3n general completa de los cambios clave en los indicadores clim\u00e1ticos para el continente que se calienta m\u00e1s r\u00e1pido del mundo, incluidos ambientes fr\u00edos, ecosistemas marinos, r\u00edos y lagos, riesgo de incendios forestales y m\u00e1s.  Se est\u00e1 poniendo a disposici\u00f3n una amplia gama de gr\u00e1ficos y elementos visuales que destacan los hallazgos clave de los datos.<\/p>\n<figure class=\"wp-block-image size-full\"><\/figure>\n<h4 class=\"wp-block-heading\">Informar hallazgos clave<\/h4>\n<ul class=\"wp-block-list\">\n<li>Al menos el 95% de Europa experiment\u00f3 temperaturas anuales superiores a la media en 2025. <\/li>\n<li>Una ola de calor r\u00e9cord de tres semanas afect\u00f3 a la Fennoscandia sub\u00e1rtica, con temperaturas cercanas al C\u00edrculo Polar \u00c1rtico y dentro de \u00e9l que superaron los 30\u00b0C.<\/li>\n<li>Los glaciares de todas las regiones europeas experimentaron una p\u00e9rdida neta de masa; Islandia registr\u00f3 la segunda p\u00e9rdida de glaciar m\u00e1s grande jam\u00e1s registrada; la capa de nieve estuvo un 31% por debajo del promedio; la capa de hielo de Groenlandia perdi\u00f3 139 gigatoneladas (139 mil millones de toneladas) de hielo.<\/li>\n<li>La temperatura anual de la superficie del mar en la regi\u00f3n europea fue la m\u00e1s alta jam\u00e1s registrada, y el 86% de la regi\u00f3n experiment\u00f3 al menos olas de calor marinas &#8220;fuertes&#8221;. <\/li>\n<li>Los incendios forestales quemaron alrededor de 1.034.550 hect\u00e1reas, la mayor superficie jam\u00e1s registrada.<\/li>\n<li>Los caudales de los r\u00edos estuvieron por debajo del promedio durante 11 meses del a\u00f1o en toda Europa, y el 70% de los r\u00edos registraron caudales anuales por debajo del promedio.<\/li>\n<li>Las tormentas y las inundaciones afectaron a miles de personas en toda Europa, aunque las lluvias e inundaciones extremas fueron menos generalizadas que en los \u00faltimos a\u00f1os.<\/li>\n<li>Las energ\u00edas renovables suministraron casi la mitad (46,4%) de la electricidad de Europa en 2025, y la energ\u00eda solar alcanz\u00f3 un nuevo r\u00e9cord de contribuci\u00f3n del 12,5%.<\/li>\n<li>La biodiversidad es vital para un futuro sostenible, pero el cambio clim\u00e1tico es una de las principales causas de su degradaci\u00f3n. El cambio clim\u00e1tico y la biodiversidad est\u00e1n fuertemente conectados dentro de las pol\u00edticas y los marcos europeos.<\/li>\n<\/ul>\n<figure class=\"wp-block-image size-full\"><img loading=\"lazy\" decoding=\"async\" width=\"624\" height=\"660\" src=\"https:\/\/stacatarina.mx\/consejos\/wp-content\/uploads\/2026\/04\/1777589555_781_Estado-europeo-del-clima-2025.png\" alt=\"C3S: ECMWF\" class=\"wp-image-33554\"  ><\/figure>\n<p><strong>Florian Pappenberger, Director General del Centro Europeo de Previsiones Meteorol\u00f3gicas a Plazo Medio<\/strong>dijo: &#8220;Europa es el continente que se calienta m\u00e1s r\u00e1pido, y los impactos ya son graves. Casi toda la regi\u00f3n ha experimentado temperaturas anuales superiores a la media. En 2025, Noruega sub\u00e1rtica, Suecia y Finlandia registraron su peor ola de calor registrada con 21 d\u00edas consecutivos y temperaturas superiores a 30 \u00b0C dentro del propio C\u00edrculo Polar \u00c1rtico. El informe de 2025 ofrece informaci\u00f3n clara y pr\u00e1ctica para respaldar las decisiones pol\u00edticas y ayudar al p\u00fablico a comprender mejor el clima cambiante en el que vivimos&#8221;.<\/p>\n<p><strong>Celeste Saulo, Secretaria General de la Organizaci\u00f3n Meteorol\u00f3gica Mundial<\/strong>dijo: &#8220;El Estado del Clima de la OMM ha revelado el desequilibrio de energ\u00eda en nuestro planeta, y el Estado del Clima Europeo elaborado conjuntamente por la OMM y el ECMWF refleja los impactos para Europa. Nuestro esfuerzo conjunto para producir el ESOTC refleja c\u00f3mo el cambio clim\u00e1tico est\u00e1 impactando la biodiversidad y las audaces iniciativas tomadas por los responsables pol\u00edticos europeos para protegerla y restaurarla&#8221;.<\/p>\n<h4 class=\"wp-block-heading\">Los r\u00e1pidos cambios afectan a las regiones m\u00e1s fr\u00edas de Europa <\/h4>\n<p>El informe muestra una tendencia continua de calentamiento r\u00e1pido en las regiones m\u00e1s fr\u00edas de Europa, incluidos el \u00c1rtico y los Alpes, donde la nieve y el hielo desempe\u00f1an un papel fundamental en la desaceleraci\u00f3n del cambio clim\u00e1tico al reflejar la luz solar hacia el espacio (el efecto albedo).<\/p>\n<p>Al menos el 95% de Europa experiment\u00f3 temperaturas anuales superiores a la media en 2025, mientras que el \u00e1rea de Europa que experimenta d\u00edas de invierno con temperaturas g\u00e9lidas se est\u00e1 reduciendo. La Fennoscandia sub\u00e1rtica experiment\u00f3 en julio su ola de calor m\u00e1s larga jam\u00e1s registrada, que dur\u00f3 tres semanas. Durante ese per\u00edodo, las temperaturas cerca y dentro del C\u00edrculo Polar \u00c1rtico alcanzaron y superaron los 30\u00b0C, alcanzando un m\u00e1ximo de 34,9\u00b0C en Frosta, Noruega. Mientras tanto, Europa en su conjunto experiment\u00f3 un n\u00famero r\u00e9cord de d\u00edas de estr\u00e9s por fr\u00edo, y el 90% del continente experiment\u00f3 menos d\u00edas que el promedio con al menos un estr\u00e9s por fr\u00edo &#8220;fuerte&#8221;. Las temperaturas m\u00ednimas se mantuvieron por encima de la media durante la mayor parte del a\u00f1o.<\/p>\n<figure class=\"wp-block-image size-full\"><img loading=\"lazy\" decoding=\"async\" width=\"900\" height=\"574\" src=\"https:\/\/stacatarina.mx\/consejos\/wp-content\/uploads\/2026\/04\/1777589555_878_Estado-europeo-del-clima-2025.png\" alt=\"\" class=\"wp-image-33555\"  ><\/figure>\n<p>Las temperaturas superiores a la media y las precipitaciones inferiores a la media provocaron una p\u00e9rdida significativa de capa de nieve y hielo. En marzo de 2025, la superficie cubierta de nieve en Europa estaba aproximadamente 1,32 millones de kil\u00f3metros cuadrados (31%) por debajo del promedio, equivalente a la superficie combinada de Francia, Italia, Alemania, Suiza y Austria. Esto marc\u00f3 la tercera extensi\u00f3n de nieve m\u00e1s baja desde que comenzaron los registros en 1983. Los glaciares tambi\u00e9n experimentaron una p\u00e9rdida neta de masa, e Islandia registr\u00f3 la segunda mayor p\u00e9rdida de masa de glaciar jam\u00e1s registrada. Adem\u00e1s, la capa de hielo de Groenlandia perdi\u00f3 139 gigatoneladas (139 mil millones de toneladas) de hielo, alrededor de 1,5 veces el volumen almacenado en todos los glaciares de los Alpes europeos. Esta p\u00e9rdida de hielo contribuye al aumento del nivel del mar en todo el mundo, y cada cent\u00edmetro de aumento expone a 6 millones de personas m\u00e1s a inundaciones costeras.<\/p>\n<p><strong>Samantha Burgess, l\u00edder estrat\u00e9gica para el clima en ECMWF<\/strong>dijo: &#8220;El ESOTC 2025 presenta un panorama sombr\u00edo: el ritmo del cambio clim\u00e1tico exige una acci\u00f3n m\u00e1s urgente. Con el aumento de las temperaturas y los incendios forestales y la sequ\u00eda generalizados, la evidencia es inequ\u00edvoca; el cambio clim\u00e1tico no es una amenaza futura, es nuestra realidad presente. Al enfrentar el impacto en la p\u00e9rdida de biodiversidad, debemos igualar la velocidad de adaptaci\u00f3n que se produce en la transici\u00f3n a la energ\u00eda limpia y, al mismo tiempo, garantizar que una ciencia s\u00f3lida siga sustentando nuestras pol\u00edticas y decisiones&#8221;.<\/p>\n<h4 class=\"wp-block-heading\">R\u00e9cord de calor marino y calentamiento de los oc\u00e9anos<\/h4>\n<p>El oc\u00e9ano global ha absorbido alrededor del 90% del exceso de calor causado por las emisiones de gases de efecto invernadero inducidas por el hombre. En 2025, la regi\u00f3n oce\u00e1nica europea experiment\u00f3 la temperatura superficial del mar m\u00e1s alta jam\u00e1s registrada, lo que marc\u00f3 el cuarto a\u00f1o consecutivo de calor r\u00e9cord. Esta tendencia a largo plazo afecta negativamente a la biodiversidad, las especies y los h\u00e1bitats. Las olas de calor marinas tambi\u00e9n pueden coincidir con olas de calor terrestres, lo que contribuye a temperaturas y humedad m\u00e1s extremas, incluso durante la noche, lo que puede retrasar la recuperaci\u00f3n de las personas del estr\u00e9s por calor y alterar el sue\u00f1o.<\/p>\n<p>Las olas de calor marinas fueron generalizadas en 2025 y afectaron al 86% de la regi\u00f3n oce\u00e1nica de Europa. Tambi\u00e9n fueron m\u00e1s intensas: el 36% de la regi\u00f3n experiment\u00f3 condiciones &#8220;graves&#8221; o &#8220;extremas&#8221;, la proporci\u00f3n m\u00e1s alta registrada. <\/p>\n<figure class=\"wp-block-image size-full\"><img loading=\"lazy\" decoding=\"async\" width=\"624\" height=\"375\" src=\"https:\/\/stacatarina.mx\/consejos\/wp-content\/uploads\/2026\/04\/1777589555_556_Estado-europeo-del-clima-2025.png\" alt=\"\" class=\"wp-image-33559\"  ><\/figure>\n<p>Todo el Mar Mediterr\u00e1neo ha experimentado al menos un d\u00eda con condiciones de ola de calor marina &#8220;fuerte&#8221; en cada uno de los \u00faltimos tres a\u00f1os, y en 2025 la temperatura media anual de la superficie del mar fue la segunda m\u00e1s alta jam\u00e1s observada. Tambi\u00e9n se produjeron condiciones de ola de calor marina &#8220;graves&#8221; en el Mar de Noruega, que se extiende por el norte de Europa y el \u00c1rtico, coincidiendo con la ola de calor r\u00e9cord sobre la Fennoscandia sub\u00e1rtica y poniendo de relieve la propagaci\u00f3n geogr\u00e1fica del calentamiento de los oc\u00e9anos en toda Europa.<\/p>\n<p><strong>Mauro Facchini, jefe de la Unidad Cop\u00e9rnico de la Comisi\u00f3n Europea<\/strong>dijo: &#8220;El informe sobre el estado europeo del clima 2025 demuestra una vez m\u00e1s el valor de nuestros esfuerzos conjuntos para tener un sistema europeo de observaci\u00f3n de la Tierra de clase mundial. Mantener nuestros propios registros de datos confiables y de \u00faltima generaci\u00f3n de nuestro sistema terrestre es vital para tomar decisiones pol\u00edticas informadas en nuestro clima r\u00e1pidamente cambiante. Copernicus es fundamental para ayudarnos a preservar nuestra soberan\u00eda, nuestro medio ambiente, sistemas alimentarios, seguridad y econom\u00eda&#8221;.<\/p>\n<h4 class=\"wp-block-heading\">Las condiciones clim\u00e1ticas ejercen presi\u00f3n sobre el agua de Europa\u00a8<\/h4>\n<p>En toda Europa, alrededor del 70% de los r\u00edos experimentaron caudales inferiores al promedio, mientras que fue uno de los tres a\u00f1os m\u00e1s secos en t\u00e9rminos de humedad del suelo desde 1992. En mayo, alrededor de la mitad de Europa (53%) se vio afectada por condiciones de sequ\u00eda. Estos patrones reflejan una combinaci\u00f3n de factores que incluyen la circulaci\u00f3n atmosf\u00e9rica y la variabilidad de las precipitaciones, junto con tendencias clim\u00e1ticas a m\u00e1s largo plazo.<\/p>\n<p><strong>Du\u0161an Chrenek, asesor principal para la transici\u00f3n verde digital de la DG Clima<\/strong>dijo: &#8220;La se\u00f1al del cambio clim\u00e1tico sigue siendo inequ\u00edvoca en toda Europa, y el informe sobre el estado europeo del clima 2025 es un claro recordatorio de que debemos mantener y acelerar los esfuerzos de adaptaci\u00f3n y mitigaci\u00f3n. Esta edici\u00f3n proporciona pruebas convincentes de los profundos impactos del cambio clim\u00e1tico en la intensidad de los fen\u00f3menos meteorol\u00f3gicos extremos, la biodiversidad y la econom\u00eda, al tiempo que refuerza la ambici\u00f3n estrat\u00e9gica de Europa de fortalecer a\u00fan m\u00e1s sus capacidades de observaci\u00f3n de la Tierra aprovechando tecnolog\u00edas de vanguardia&#8221;.<\/p>\n<h4 class=\"wp-block-heading\">Aumento de las temperaturas e intensificaci\u00f3n de los incendios forestales<\/h4>\n<p>En toda Europa, en 2025 se produjeron condiciones c\u00e1lidas generalizadas, con temperaturas superiores a la media registradas en al menos el 95% del continente. Las olas de calor afectaron a gran parte de Europa, desde el Mediterr\u00e1neo hasta el \u00c1rtico, incluida la segunda ola de calor m\u00e1s grave jam\u00e1s registrada en Europa y la ola de calor m\u00e1s larga y grave de la Fennoscandia sub\u00e1rtica, en julio. Gran parte de Europa tambi\u00e9n experiment\u00f3 m\u00e1s d\u00edas que el promedio con al menos un estr\u00e9s t\u00e9rmico &#8220;fuerte&#8221;, y el sur y el este de Espa\u00f1a registraron hasta 50 d\u00edas m\u00e1s que el promedio con temperaturas &#8220;parecidas&#8221; por encima de los 32\u00baC.<\/p>\n<figure class=\"wp-block-image size-full\"><img loading=\"lazy\" decoding=\"async\" width=\"900\" height=\"685\" src=\"https:\/\/stacatarina.mx\/consejos\/wp-content\/uploads\/2026\/04\/1777589555_729_Estado-europeo-del-clima-2025.png\" alt=\"\" class=\"wp-image-33557\"  ><\/figure>\n<p>Las condiciones c\u00e1lidas y secas contribuyeron a una actividad r\u00e9cord de incendios forestales en toda Europa. En total, se quem\u00f3 una superficie r\u00e9cord de alrededor de 1.034.000 hect\u00e1reas en toda Europa (un \u00e1rea mayor que Chipre) y las emisiones de incendios forestales alcanzaron los niveles m\u00e1s altos jam\u00e1s registrados. Espa\u00f1a se vio especialmente afectada y represent\u00f3 alrededor de la mitad de las emisiones. Adem\u00e1s de Espa\u00f1a, Chipre, el Reino Unido, los Pa\u00edses Bajos y Alemania registraron las mayores emisiones de incendios forestales jam\u00e1s registradas. Los incendios forestales tambi\u00e9n suponen un riesgo importante para la biodiversidad y los incendios forestales en las turberas pueden liberar grandes reservas de carbono, amplificando a\u00fan m\u00e1s el cambio clim\u00e1tico. La Comisi\u00f3n Europea ha identificado el creciente riesgo de incendios forestales como una prioridad clave, ya que las proyecciones del Sexto Informe de Evaluaci\u00f3n del Panel Intergubernamental sobre el Cambio Clim\u00e1tico muestran que es probable que las amenazas de incendios forestales aumenten en todas las regiones de Europa.<\/p>\n<h4 class=\"wp-block-heading\">Los impactos clim\u00e1ticos afectan cada vez m\u00e1s a la biodiversidad<\/h4>\n<p>Numerosos eventos extremos en 2025 \u2013incluidas sequ\u00edas, incendios forestales y olas de calor terrestres y marinas\u2013 afectaron la biodiversidad en los ecosistemas marinos y terrestres. Adem\u00e1s, la naturaleza est\u00e1 sometida a un estr\u00e9s cada vez mayor debido a la reducci\u00f3n y los cambios en los h\u00e1bitats, la alteraci\u00f3n de los patrones estacionales debido al aumento de las temperaturas y los cambios en las precipitaciones. El informe describe ejemplos concretos de los impactos del cambio clim\u00e1tico en ecosistemas sensibles, como los impactos de las olas de calor marinas en las praderas de pastos marinos en el mar Mediterr\u00e1neo y los incendios forestales en las turberas. La gobernanza ambiental en Europa ha reconocido cada vez m\u00e1s los estrechos v\u00ednculos entre el clima y la biodiversidad, con enfoques coordinados &#8216;naturaleza-clima&#8217; dise\u00f1ados para fortalecer la resiliencia de los ecosistemas.<\/p>\n<p>La Uni\u00f3n Europea se ha comprometido a objetivos jur\u00eddicamente vinculantes para restaurar los ecosistemas a escala, incluido al menos el 20% de las \u00e1reas terrestres y marinas para 2030 y todos los ecosistemas necesitados para 2050. Este trabajo tambi\u00e9n est\u00e1 respaldado por el Pacto Verde Europeo y la Ley del Clima de la UE, que incorporan la protecci\u00f3n de la biodiversidad dentro de estrategias clim\u00e1ticas m\u00e1s amplias. Adem\u00e1s, las soluciones basadas en la naturaleza, como la restauraci\u00f3n de praderas marinas, est\u00e1n siendo reconocidas por su papel en el apoyo a la biodiversidad, el almacenamiento de carbono y el fortalecimiento de la resiliencia costera. Si bien estos pasos representan acciones importantes, el progreso en Europa debe acelerarse para hacer m\u00e1s y mejor para proteger la naturaleza y la biodiversidad. <\/p>\n<hr class=\"wp-block-separator has-alpha-channel-opacity\">\n<p>Fuente: Organizaci\u00f3n Meteorol\u00f3gica Mundial (OMM), \u201cEstado europeo del clima 2025: olas de calor r\u00e9cord desde el Mediterr\u00e1neo hasta el \u00c1rtico, mientras los glaciares se reducen y la capa de nieve disminuye\u201d<\/p>\n<p>Descargo de responsabilidad:<br \/>Las opiniones expresadas en art\u00edculos o anuncios que aparecen en este documento son opiniones del autor o del anunciante y no reflejan necesariamente las de la OMM o sus Miembros.<\/p>\n<p>El uso del material de la OMM es responsabilidad exclusiva del usuario. Bajo ninguna circunstancia la OMM ser\u00e1 responsable de ninguna p\u00e9rdida, da\u00f1o, responsabilidad o gasto incurrido o sufrido que se afirme haber resultado del uso de cualquier material de la OMM, sin limitaci\u00f3n, cualquier falla, error, omisi\u00f3n, interrupci\u00f3n o demora con respecto al mismo. Nada de lo dispuesto en el presente constituir\u00e1 ni se considerar\u00e1 una limitaci\u00f3n o una renuncia a los privilegios e inmunidades de la OMM, que est\u00e1n espec\u00edficamente reservados.<\/p>\n<\/p><\/div>\n","protected":false},"excerpt":{"rendered":"<p>El informe del ECMWF y la OMM destaca los impactos del cambio clim\u00e1tico en las personas y la biodiversidad en el continente que se calienta<\/p>\n","protected":false},"author":1,"featured_media":9002,"comment_status":"closed","ping_status":"","sticky":false,"template":"","format":"standard","meta":{"footnotes":""},"categories":[68],"tags":[529,23,1200,399],"class_list":["post-9001","post","type-post","status-publish","format-standard","has-post-thumbnail","hentry","category-fauna-y-flora","tag-clima","tag-del","tag-estado","tag-europeo","generate-columns","tablet-grid-50","mobile-grid-100","grid-parent","grid-50"],"yoast_head":"<!-- This site is optimized with the Yoast SEO plugin v23.4 - https:\/\/yoast.com\/wordpress\/plugins\/seo\/ -->\n<title>Estado europeo del clima 2025 - Consejos - Santa Catarina<\/title>\n<meta name=\"robots\" content=\"index, follow, max-snippet:-1, max-image-preview:large, max-video-preview:-1\" \/>\n<link rel=\"canonical\" href=\"https:\/\/stacatarina.mx\/consejos\/estado-europeo-del-clima-2025\/\" \/>\n<meta property=\"og:locale\" content=\"es_MX\" \/>\n<meta property=\"og:type\" content=\"article\" \/>\n<meta property=\"og:title\" content=\"Estado europeo del clima 2025 - Consejos - Santa Catarina\" \/>\n<meta property=\"og:description\" content=\"El informe del ECMWF y la OMM destaca los impactos del cambio clim\u00e1tico en las personas y la biodiversidad en el continente que se calienta\" \/>\n<meta property=\"og:url\" content=\"https:\/\/stacatarina.mx\/consejos\/estado-europeo-del-clima-2025\/\" \/>\n<meta property=\"og:site_name\" content=\"Santa Catarina\" \/>\n<meta property=\"article:publisher\" content=\"https:\/\/www.facebook.com\/stacatarinagob\/\" \/>\n<meta property=\"article:published_time\" content=\"2026-04-30T22:52:35+00:00\" \/>\n<meta property=\"article:modified_time\" content=\"2026-04-30T22:52:37+00:00\" \/>\n<meta property=\"og:image\" content=\"https:\/\/stacatarina.mx\/consejos\/wp-content\/uploads\/2026\/04\/Estado-europeo-del-clima-2025.jpg\" \/>\n\t<meta property=\"og:image:width\" content=\"900\" \/>\n\t<meta property=\"og:image:height\" content=\"600\" \/>\n\t<meta property=\"og:image:type\" content=\"image\/jpeg\" \/>\n<meta name=\"author\" content=\"Pedro Mart\u00ednez\" \/>\n<meta name=\"twitter:card\" content=\"summary_large_image\" \/>\n<meta name=\"twitter:creator\" content=\"@stacatarinagob\" \/>\n<meta name=\"twitter:site\" content=\"@stacatarinagob\" \/>\n<meta name=\"twitter:label1\" content=\"Escrito por\" \/>\n\t<meta name=\"twitter:data1\" content=\"Pedro Mart\u00ednez\" \/>\n\t<meta name=\"twitter:label2\" content=\"Tiempo de lectura\" \/>\n\t<meta name=\"twitter:data2\" content=\"13 minutos\" \/>\n<script type=\"application\/ld+json\" class=\"yoast-schema-graph\">{\"@context\":\"https:\/\/schema.org\",\"@graph\":[{\"@type\":\"Article\",\"@id\":\"https:\/\/stacatarina.mx\/consejos\/estado-europeo-del-clima-2025\/#article\",\"isPartOf\":{\"@id\":\"https:\/\/stacatarina.mx\/consejos\/estado-europeo-del-clima-2025\/\"},\"author\":{\"name\":\"Pedro Mart\u00ednez\",\"@id\":\"https:\/\/stacatarina.mx\/consejos\/#\/schema\/person\/0be60adffa8e4c4d0828fdf021450e8a\"},\"headline\":\"Estado europeo del clima 2025\",\"datePublished\":\"2026-04-30T22:52:35+00:00\",\"dateModified\":\"2026-04-30T22:52:37+00:00\",\"mainEntityOfPage\":{\"@id\":\"https:\/\/stacatarina.mx\/consejos\/estado-europeo-del-clima-2025\/\"},\"wordCount\":2608,\"publisher\":{\"@id\":\"https:\/\/stacatarina.mx\/consejos\/#organization\"},\"image\":{\"@id\":\"https:\/\/stacatarina.mx\/consejos\/estado-europeo-del-clima-2025\/#primaryimage\"},\"thumbnailUrl\":\"https:\/\/stacatarina.mx\/consejos\/wp-content\/uploads\/2026\/04\/Estado-europeo-del-clima-2025.jpg\",\"keywords\":[\"clima\",\"del\",\"Estado\",\"europeo\"],\"articleSection\":[\"Fauna y Flora\"],\"inLanguage\":\"es\"},{\"@type\":\"WebPage\",\"@id\":\"https:\/\/stacatarina.mx\/consejos\/estado-europeo-del-clima-2025\/\",\"url\":\"https:\/\/stacatarina.mx\/consejos\/estado-europeo-del-clima-2025\/\",\"name\":\"Estado europeo del clima 2025 - Consejos - Santa Catarina\",\"isPartOf\":{\"@id\":\"https:\/\/stacatarina.mx\/consejos\/#website\"},\"primaryImageOfPage\":{\"@id\":\"https:\/\/stacatarina.mx\/consejos\/estado-europeo-del-clima-2025\/#primaryimage\"},\"image\":{\"@id\":\"https:\/\/stacatarina.mx\/consejos\/estado-europeo-del-clima-2025\/#primaryimage\"},\"thumbnailUrl\":\"https:\/\/stacatarina.mx\/consejos\/wp-content\/uploads\/2026\/04\/Estado-europeo-del-clima-2025.jpg\",\"datePublished\":\"2026-04-30T22:52:35+00:00\",\"dateModified\":\"2026-04-30T22:52:37+00:00\",\"breadcrumb\":{\"@id\":\"https:\/\/stacatarina.mx\/consejos\/estado-europeo-del-clima-2025\/#breadcrumb\"},\"inLanguage\":\"es\",\"potentialAction\":[{\"@type\":\"ReadAction\",\"target\":[\"https:\/\/stacatarina.mx\/consejos\/estado-europeo-del-clima-2025\/\"]}]},{\"@type\":\"ImageObject\",\"inLanguage\":\"es\",\"@id\":\"https:\/\/stacatarina.mx\/consejos\/estado-europeo-del-clima-2025\/#primaryimage\",\"url\":\"https:\/\/stacatarina.mx\/consejos\/wp-content\/uploads\/2026\/04\/Estado-europeo-del-clima-2025.jpg\",\"contentUrl\":\"https:\/\/stacatarina.mx\/consejos\/wp-content\/uploads\/2026\/04\/Estado-europeo-del-clima-2025.jpg\",\"width\":900,\"height\":600,\"caption\":\"European state of the climate 2025\"},{\"@type\":\"BreadcrumbList\",\"@id\":\"https:\/\/stacatarina.mx\/consejos\/estado-europeo-del-clima-2025\/#breadcrumb\",\"itemListElement\":[{\"@type\":\"ListItem\",\"position\":1,\"name\":\"Inicio\",\"item\":\"https:\/\/stacatarina.mx\/consejos\/\"},{\"@type\":\"ListItem\",\"position\":2,\"name\":\"Estado europeo del clima 2025\"}]},{\"@type\":\"WebSite\",\"@id\":\"https:\/\/stacatarina.mx\/consejos\/#website\",\"url\":\"https:\/\/stacatarina.mx\/consejos\/\",\"name\":\"Santa Catarina\",\"description\":\"\",\"publisher\":{\"@id\":\"https:\/\/stacatarina.mx\/consejos\/#organization\"},\"potentialAction\":[{\"@type\":\"SearchAction\",\"target\":{\"@type\":\"EntryPoint\",\"urlTemplate\":\"https:\/\/stacatarina.mx\/consejos\/?s={search_term_string}\"},\"query-input\":{\"@type\":\"PropertyValueSpecification\",\"valueRequired\":true,\"valueName\":\"search_term_string\"}}],\"inLanguage\":\"es\"},{\"@type\":\"Organization\",\"@id\":\"https:\/\/stacatarina.mx\/consejos\/#organization\",\"name\":\"Santa Catarina\",\"url\":\"https:\/\/stacatarina.mx\/consejos\/\",\"logo\":{\"@type\":\"ImageObject\",\"inLanguage\":\"es\",\"@id\":\"https:\/\/stacatarina.mx\/consejos\/#\/schema\/logo\/image\/\",\"url\":\"https:\/\/stacatarina.mx\/consejos\/wp-content\/uploads\/2024\/09\/cropped-favicon-1-1.png\",\"contentUrl\":\"https:\/\/stacatarina.mx\/consejos\/wp-content\/uploads\/2024\/09\/cropped-favicon-1-1.png\",\"width\":512,\"height\":512,\"caption\":\"Santa Catarina\"},\"image\":{\"@id\":\"https:\/\/stacatarina.mx\/consejos\/#\/schema\/logo\/image\/\"},\"sameAs\":[\"https:\/\/www.facebook.com\/stacatarinagob\/\",\"https:\/\/x.com\/stacatarinagob\",\"https:\/\/www.instagram.com\/stacatarinagob\/\",\"https:\/\/www.youtube.com\/channel\/UCK-6cQJL_904665N1_nLTWw\"]},{\"@type\":\"Person\",\"@id\":\"https:\/\/stacatarina.mx\/consejos\/#\/schema\/person\/0be60adffa8e4c4d0828fdf021450e8a\",\"name\":\"Pedro Mart\u00ednez\",\"image\":{\"@type\":\"ImageObject\",\"inLanguage\":\"es\",\"@id\":\"https:\/\/stacatarina.mx\/consejos\/#\/schema\/person\/image\/\",\"url\":\"https:\/\/stacatarina.mx\/consejos\/wp-content\/uploads\/2024\/09\/stacatarina.jpg\",\"contentUrl\":\"https:\/\/stacatarina.mx\/consejos\/wp-content\/uploads\/2024\/09\/stacatarina.jpg\",\"caption\":\"Pedro Mart\u00ednez\"},\"description\":\"Hola, soy Pedro Mart\u00ednez, redactor jefe del sitio oficial del ayuntamiento de Santa Catarina, en M\u00e9xico. Con m\u00e1s de diez a\u00f1os de experiencia en el periodismo local, tengo una pasi\u00f3n por la investigaci\u00f3n y la difusi\u00f3n de informaci\u00f3n que valoriza nuestra hermosa comunidad. Mi compromiso es hacer de Santa Catarina una referencia en materia de transparencia y comunicaci\u00f3n municipal.\",\"sameAs\":[\"https:\/\/stacatarina.mx\/\"]}]}<\/script>\n<!-- \/ Yoast SEO plugin. -->","yoast_head_json":{"title":"Estado europeo del clima 2025 - Consejos - Santa Catarina","robots":{"index":"index","follow":"follow","max-snippet":"max-snippet:-1","max-image-preview":"max-image-preview:large","max-video-preview":"max-video-preview:-1"},"canonical":"https:\/\/stacatarina.mx\/consejos\/estado-europeo-del-clima-2025\/","og_locale":"es_MX","og_type":"article","og_title":"Estado europeo del clima 2025 - Consejos - Santa Catarina","og_description":"El informe del ECMWF y la OMM destaca los impactos del cambio clim\u00e1tico en las personas y la biodiversidad en el continente que se calienta","og_url":"https:\/\/stacatarina.mx\/consejos\/estado-europeo-del-clima-2025\/","og_site_name":"Santa Catarina","article_publisher":"https:\/\/www.facebook.com\/stacatarinagob\/","article_published_time":"2026-04-30T22:52:35+00:00","article_modified_time":"2026-04-30T22:52:37+00:00","og_image":[{"width":900,"height":600,"url":"https:\/\/stacatarina.mx\/consejos\/wp-content\/uploads\/2026\/04\/Estado-europeo-del-clima-2025.jpg","type":"image\/jpeg"}],"author":"Pedro Mart\u00ednez","twitter_card":"summary_large_image","twitter_creator":"@stacatarinagob","twitter_site":"@stacatarinagob","twitter_misc":{"Escrito por":"Pedro Mart\u00ednez","Tiempo de lectura":"13 minutos"},"schema":{"@context":"https:\/\/schema.org","@graph":[{"@type":"Article","@id":"https:\/\/stacatarina.mx\/consejos\/estado-europeo-del-clima-2025\/#article","isPartOf":{"@id":"https:\/\/stacatarina.mx\/consejos\/estado-europeo-del-clima-2025\/"},"author":{"name":"Pedro Mart\u00ednez","@id":"https:\/\/stacatarina.mx\/consejos\/#\/schema\/person\/0be60adffa8e4c4d0828fdf021450e8a"},"headline":"Estado europeo del clima 2025","datePublished":"2026-04-30T22:52:35+00:00","dateModified":"2026-04-30T22:52:37+00:00","mainEntityOfPage":{"@id":"https:\/\/stacatarina.mx\/consejos\/estado-europeo-del-clima-2025\/"},"wordCount":2608,"publisher":{"@id":"https:\/\/stacatarina.mx\/consejos\/#organization"},"image":{"@id":"https:\/\/stacatarina.mx\/consejos\/estado-europeo-del-clima-2025\/#primaryimage"},"thumbnailUrl":"https:\/\/stacatarina.mx\/consejos\/wp-content\/uploads\/2026\/04\/Estado-europeo-del-clima-2025.jpg","keywords":["clima","del","Estado","europeo"],"articleSection":["Fauna y Flora"],"inLanguage":"es"},{"@type":"WebPage","@id":"https:\/\/stacatarina.mx\/consejos\/estado-europeo-del-clima-2025\/","url":"https:\/\/stacatarina.mx\/consejos\/estado-europeo-del-clima-2025\/","name":"Estado europeo del clima 2025 - Consejos - Santa Catarina","isPartOf":{"@id":"https:\/\/stacatarina.mx\/consejos\/#website"},"primaryImageOfPage":{"@id":"https:\/\/stacatarina.mx\/consejos\/estado-europeo-del-clima-2025\/#primaryimage"},"image":{"@id":"https:\/\/stacatarina.mx\/consejos\/estado-europeo-del-clima-2025\/#primaryimage"},"thumbnailUrl":"https:\/\/stacatarina.mx\/consejos\/wp-content\/uploads\/2026\/04\/Estado-europeo-del-clima-2025.jpg","datePublished":"2026-04-30T22:52:35+00:00","dateModified":"2026-04-30T22:52:37+00:00","breadcrumb":{"@id":"https:\/\/stacatarina.mx\/consejos\/estado-europeo-del-clima-2025\/#breadcrumb"},"inLanguage":"es","potentialAction":[{"@type":"ReadAction","target":["https:\/\/stacatarina.mx\/consejos\/estado-europeo-del-clima-2025\/"]}]},{"@type":"ImageObject","inLanguage":"es","@id":"https:\/\/stacatarina.mx\/consejos\/estado-europeo-del-clima-2025\/#primaryimage","url":"https:\/\/stacatarina.mx\/consejos\/wp-content\/uploads\/2026\/04\/Estado-europeo-del-clima-2025.jpg","contentUrl":"https:\/\/stacatarina.mx\/consejos\/wp-content\/uploads\/2026\/04\/Estado-europeo-del-clima-2025.jpg","width":900,"height":600,"caption":"European state of the climate 2025"},{"@type":"BreadcrumbList","@id":"https:\/\/stacatarina.mx\/consejos\/estado-europeo-del-clima-2025\/#breadcrumb","itemListElement":[{"@type":"ListItem","position":1,"name":"Inicio","item":"https:\/\/stacatarina.mx\/consejos\/"},{"@type":"ListItem","position":2,"name":"Estado europeo del clima 2025"}]},{"@type":"WebSite","@id":"https:\/\/stacatarina.mx\/consejos\/#website","url":"https:\/\/stacatarina.mx\/consejos\/","name":"Santa Catarina","description":"","publisher":{"@id":"https:\/\/stacatarina.mx\/consejos\/#organization"},"potentialAction":[{"@type":"SearchAction","target":{"@type":"EntryPoint","urlTemplate":"https:\/\/stacatarina.mx\/consejos\/?s={search_term_string}"},"query-input":{"@type":"PropertyValueSpecification","valueRequired":true,"valueName":"search_term_string"}}],"inLanguage":"es"},{"@type":"Organization","@id":"https:\/\/stacatarina.mx\/consejos\/#organization","name":"Santa Catarina","url":"https:\/\/stacatarina.mx\/consejos\/","logo":{"@type":"ImageObject","inLanguage":"es","@id":"https:\/\/stacatarina.mx\/consejos\/#\/schema\/logo\/image\/","url":"https:\/\/stacatarina.mx\/consejos\/wp-content\/uploads\/2024\/09\/cropped-favicon-1-1.png","contentUrl":"https:\/\/stacatarina.mx\/consejos\/wp-content\/uploads\/2024\/09\/cropped-favicon-1-1.png","width":512,"height":512,"caption":"Santa Catarina"},"image":{"@id":"https:\/\/stacatarina.mx\/consejos\/#\/schema\/logo\/image\/"},"sameAs":["https:\/\/www.facebook.com\/stacatarinagob\/","https:\/\/x.com\/stacatarinagob","https:\/\/www.instagram.com\/stacatarinagob\/","https:\/\/www.youtube.com\/channel\/UCK-6cQJL_904665N1_nLTWw"]},{"@type":"Person","@id":"https:\/\/stacatarina.mx\/consejos\/#\/schema\/person\/0be60adffa8e4c4d0828fdf021450e8a","name":"Pedro Mart\u00ednez","image":{"@type":"ImageObject","inLanguage":"es","@id":"https:\/\/stacatarina.mx\/consejos\/#\/schema\/person\/image\/","url":"https:\/\/stacatarina.mx\/consejos\/wp-content\/uploads\/2024\/09\/stacatarina.jpg","contentUrl":"https:\/\/stacatarina.mx\/consejos\/wp-content\/uploads\/2024\/09\/stacatarina.jpg","caption":"Pedro Mart\u00ednez"},"description":"Hola, soy Pedro Mart\u00ednez, redactor jefe del sitio oficial del ayuntamiento de Santa Catarina, en M\u00e9xico. Con m\u00e1s de diez a\u00f1os de experiencia en el periodismo local, tengo una pasi\u00f3n por la investigaci\u00f3n y la difusi\u00f3n de informaci\u00f3n que valoriza nuestra hermosa comunidad. Mi compromiso es hacer de Santa Catarina una referencia en materia de transparencia y comunicaci\u00f3n municipal.","sameAs":["https:\/\/stacatarina.mx\/"]}]}},"_links":{"self":[{"href":"https:\/\/stacatarina.mx\/consejos\/wp-json\/wp\/v2\/posts\/9001"}],"collection":[{"href":"https:\/\/stacatarina.mx\/consejos\/wp-json\/wp\/v2\/posts"}],"about":[{"href":"https:\/\/stacatarina.mx\/consejos\/wp-json\/wp\/v2\/types\/post"}],"author":[{"embeddable":true,"href":"https:\/\/stacatarina.mx\/consejos\/wp-json\/wp\/v2\/users\/1"}],"replies":[{"embeddable":true,"href":"https:\/\/stacatarina.mx\/consejos\/wp-json\/wp\/v2\/comments?post=9001"}],"version-history":[{"count":1,"href":"https:\/\/stacatarina.mx\/consejos\/wp-json\/wp\/v2\/posts\/9001\/revisions"}],"predecessor-version":[{"id":9003,"href":"https:\/\/stacatarina.mx\/consejos\/wp-json\/wp\/v2\/posts\/9001\/revisions\/9003"}],"wp:featuredmedia":[{"embeddable":true,"href":"https:\/\/stacatarina.mx\/consejos\/wp-json\/wp\/v2\/media\/9002"}],"wp:attachment":[{"href":"https:\/\/stacatarina.mx\/consejos\/wp-json\/wp\/v2\/media?parent=9001"}],"wp:term":[{"taxonomy":"category","embeddable":true,"href":"https:\/\/stacatarina.mx\/consejos\/wp-json\/wp\/v2\/categories?post=9001"},{"taxonomy":"post_tag","embeddable":true,"href":"https:\/\/stacatarina.mx\/consejos\/wp-json\/wp\/v2\/tags?post=9001"}],"curies":[{"name":"wp","href":"https:\/\/api.w.org\/{rel}","templated":true}]}}