{"id":9010,"date":"2026-05-01T02:53:25","date_gmt":"2026-05-01T08:53:25","guid":{"rendered":"https:\/\/stacatarina.mx\/consejos\/el-campo-gales-lo-que-los-verdes-y-los-reformistas-prometen\/"},"modified":"2026-05-01T02:53:27","modified_gmt":"2026-05-01T08:53:27","slug":"el-campo-gales-lo-que-los-verdes-y-los-reformistas-prometen","status":"publish","type":"post","link":"https:\/\/stacatarina.mx\/consejos\/el-campo-gales-lo-que-los-verdes-y-los-reformistas-prometen\/","title":{"rendered":"El campo gal\u00e9s: lo que los Verdes y los Reformistas prometen&#8230;"},"content":{"rendered":"<div class=\"entry-content\">\n<p><em>En la \u00faltima parte de nuestra serie sobre cuestiones ambientales y la campa\u00f1a electoral de Gales, analizamos particularmente las pol\u00edticas rurales de dos partidos que son nuevos contendientes por esca\u00f1os en el Senedd.<\/em><\/p>\n<p>Las elecciones al parlamento de Gales, el Senedd, el 7 de mayo ser\u00e1n las m\u00e1s impredecibles desde la creaci\u00f3n del gobierno descentralizado en 1999. Dado que las encuestas actuales indican contiendas re\u00f1idas en muchos distritos electorales, los votantes rurales podr\u00edan marcar una diferencia cr\u00edtica en el resultado final.<\/p>\n<p>Cuestiones como el apoyo a la agricultura, los parques e\u00f3licos, las torres de alta tensi\u00f3n y los cambios en los servicios sanitarios rurales son pol\u00e9micos, pero forman parte de una cuesti\u00f3n m\u00e1s amplia sobre el futuro de las zonas rurales de Gales. Curiosamente, los dos partidos que se prev\u00e9 ganar\u00e1n esca\u00f1os en el Senedd mediante elecciones por primera vez \u2013Reform UK y el Partido Verde (Reform UK tiene dos esca\u00f1os en el Senedd saliente a trav\u00e9s de deserciones)\u2013 representan visiones contrastantes del campo gal\u00e9s.<\/p>\n<h2 class=\"wp-block-heading\">La visi\u00f3n rural de la reforma<\/h2>\n<p>Reform UK se ha dirigido directamente a los votantes rurales descontentos. Con una imagen de portada que muestra colinas verdes cubiertas de narcisos, el manifiesto de Reform dice que \u201crespaldar\u00e1 a los agricultores galeses\u201d. Promete que \u201cla agricultura ser\u00e1 tratada como un activo nacional estrat\u00e9gico\u201d.<\/p>\n<p>Las pol\u00edticas espec\u00edficas incluyen: reformar el nuevo Plan de Agricultura Sostenible posterior al Brexit para enfatizar la producci\u00f3n de alimentos, financiar clubes de j\u00f3venes agricultores, eliminar los objetivos netos cero y prohibir nuevos parques e\u00f3licos terrestres y paneles solares, reducir las regulaciones ambientales y proteger la liberaci\u00f3n legal de aves de caza. Tambi\u00e9n planea \u201csimplificar las regulaciones de planificaci\u00f3n\u201d y reducir la \u201cburocracia\u201d.<\/p>\n<p>Reform est\u00e1 compitiendo con los conservadores por los votantes a los que atrae esta versi\u00f3n del Gales rural. Aunque el manifiesto conservador tiene un tono menos dram\u00e1tico, especialmente en lo que respecta a las emisiones netas cero, tambi\u00e9n planea eliminar el Plan de Agricultura Sostenible e introducir una moratoria sobre las centrales de energ\u00eda e\u00f3lica y solar a escala industrial.<\/p>\n<h2 class=\"wp-block-heading\">Una visi\u00f3n verde<\/h2>\n<p>Las perspectivas m\u00e1s s\u00f3lidas para el Partido Verde se encuentran en los distritos urbanos. Sin embargo, su plataforma contiene pol\u00edticas que tendr\u00edan implicaciones significativas para las zonas rurales de Gales. Incluyen una Ley de Reforma Agraria, que facilita a las comunidades la compra de tierras, un \u201cderecho gal\u00e9s a deambular\u201d que ofrece \u201cacceso responsable al campo\u201d, una estrategia nacional de reconstrucci\u00f3n y compromisos con un Plan de Agricultura Sostenible que premia la \u201cagricultura respetuosa con la naturaleza\u201d y objetivos de energ\u00eda renovable.<\/p>\n<p>Estos representan una visi\u00f3n muy diferente de la reforma del campo gal\u00e9s. Pero tambi\u00e9n reflejan una corriente alternativa, casi contracultural, de la sociedad rural galesa que ha acogido a personas que se trasladaron a zonas rurales en busca de una nueva forma de vida desde la d\u00e9cada de 1960 y que fue pionera en la agricultura org\u00e1nica y el desarrollo de bajo impacto.<\/p>\n<p>Actualmente hay concejales verdes en las zonas rurales de Monmouthshire y Powys. Algunas proyecciones sugieren que el partido podr\u00eda ganar dos o tres esca\u00f1os en Senedd en distritos electorales significativamente rurales. https:\/\/www.youtube.com\/embed\/IYFqnX1z7Eo?wmode=transparent&#038;start=0 Los agricultores galeses protestan contra los planes del gobierno de conectar los subsidios a la agricultura con la plantaci\u00f3n de \u00e1rboles.<\/p>\n<p>Si los Verdes logran m\u00e1s del 10% de los votos a nivel nacional, es probable que lo consigan quit\u00e1ndole votos a Plaid Cymru, incluso en las zonas rurales.<\/p>\n<p>Plaid Cymru necesita esca\u00f1os tanto rurales como urbanos para convertirse en el partido m\u00e1s grande. Su manifiesto contiene una secci\u00f3n importante sobre pol\u00edticas rurales, pero con menos prominencia que la de Reform UK. Las pol\u00edticas rurales de Plaid comparten en t\u00e9rminos generales el enfoque proambiental de los Verdes, pero la influencia de los votantes rurales conservadores en sus zonas centrales es evidente en un posicionamiento cuidadoso sobre la agricultura, los parques e\u00f3licos y las torres de alta tensi\u00f3n, as\u00ed como en la ausencia de menciones a la reconstrucci\u00f3n.<\/p>\n<p>En cuestiones rurales y medioambientales, los Verdes est\u00e1n m\u00e1s alineados con los laboristas, mientras que Plaid Cymru est\u00e1 m\u00e1s cerca de los dem\u00f3cratas liberales.<\/p>\n<h2 class=\"wp-block-heading\">Pol\u00edtica en la zona rural de Gales<\/h2>\n<p>A veces se describe a Gales como predominantemente rural, pero si bien el 80% de la tierra es campo, la mayor\u00eda de la gente vive en pueblos y ciudades. Sin embargo, alrededor de un tercio de la poblaci\u00f3n de Gales vive cerca del campo, en autoridades locales mayoritariamente rurales.<\/p>\n<p>Durante los \u00faltimos 25 a\u00f1os, las zonas rurales de Gales han experimentado una reestructuraci\u00f3n social y econ\u00f3mica sustancial, incluida una disminuci\u00f3n del trabajo en la agricultura y la manufactura, junto con muchos j\u00f3venes que se marcharon para buscar trabajo. Estas \u00e1reas enfrentan desaf\u00edos derivados de salarios bajos, infraestructura escasa, servicios p\u00fablicos precarios y visiones contrapuestas sobre el uso de la tierra.<\/p>\n<p>Tres cuestiones en particular han llamado la atenci\u00f3n. En primer lugar, los planes para el Plan de Agricultura Sostenible (el gobierno gal\u00e9s planea otorgar subsidios agr\u00edcolas para reemplazar la financiaci\u00f3n de la UE) provocaron protestas de los agricultores galeses en 2024, especialmente por los requisitos propuestos para que el 10% de las tierras agr\u00edcolas se planten con \u00e1rboles. Posteriormente, este \u00faltimo fue retirado.<\/p>\n<p>En segundo lugar, ha habido oposici\u00f3n al desarrollo de nuevos parques e\u00f3licos y l\u00edneas de postes. Los proyectos de reconstrucci\u00f3n tambi\u00e9n han sido controvertidos. En tercer lugar, la degradaci\u00f3n de los servicios en los hospitales que prestan servicios en zonas rurales y el cierre de escuelas de aldeas han desencadenado campa\u00f1as locales.<\/p>\n<p>La ira p\u00fablica por estas y otras cuestiones se ha dirigido a menudo al Partido Laborista Gal\u00e9s, el partido gobernante en Gales desde 1999, mientras que otros partidos han tratado de presentarlo como un partido urbano.<\/p>\n<p>Los laboristas ganaron distritos electorales rurales en las elecciones generales del Reino Unido de 2024, y la actual Primera Ministra, Eluned Morgan, tiene un inter\u00e9s de larga data en los asuntos rurales, y esboz\u00f3 un plan para las zonas rurales de Gales en 2017. El manifiesto laborista promete \u201caumentar las habilidades y la productividad de las zonas rurales de Gales\u201d y promover \u201cla alimentaci\u00f3n, la agricultura y la silvicultura\u201d.<\/p>\n<p>El basti\u00f3n tradicional del nacionalista Plaid Cymru se encuentra en las zonas rurales del norte y oeste de Gales. Mientras que el mayor apoyo de los conservadores se encuentra en los distritos rurales cercanos a la frontera inglesa y en partes del sur de Gales. Las zonas m\u00e1s duraderas de apoyo a los dem\u00f3cratas liberales galeses se encuentran en las zonas rurales del centro de Gales.<\/p>\n<h2 class=\"wp-block-heading\">Resultados a tener en cuenta<\/h2>\n<p>Algunos resultados clave proporcionar\u00e1n una indicaci\u00f3n de la temperatura pol\u00edtica en las zonas rurales de Gales:<\/p>\n<ul class=\"wp-block-list\">\n<li>Ya sea que Plaid Cymru o Reform UK obtengan la mayor\u00eda de los votos en Brycheiniog Tawe Nedd, Gwynedd Maldwyn y Sir Gaerfyrddin<\/li>\n<li>Si los Verdes obtienen un esca\u00f1o en Ceredigion Penfro, Gwynedd Maldwyn o Sir Fynwy Torfaen<\/li>\n<li>Si los conservadores obtienen esca\u00f1os en Bangor Conwy M\u00f4n, Brycheiniog Tawe Nedd y Ceredigion Penfro, y los dem\u00f3cratas liberales conservan su esca\u00f1o en Brychceiniog Tawe<\/li>\n<li>&#8220;Si Eluned Morgan, del Partido Laborista, podr\u00e1 conservar su esca\u00f1o en Ceredigion Penfro&#8221;.<\/li>\n<\/ul>\n<p>Si, como parece probable, ning\u00fan partido tiene mayor\u00eda, las cuestiones rurales desempe\u00f1ar\u00e1n un papel importante en las discusiones de la coalici\u00f3n. Una visi\u00f3n rural compartida podr\u00eda contribuir a un acuerdo entre Reform UK y los conservadores; mientras que las negociaciones entre Plaid Cymru, los Laboristas o los Verdes deber\u00e1n resolver diferencias en pol\u00edticas rurales y ambientales. Esto puede tener profundas consecuencias para el futuro del Gales rural.<\/p>\n<hr class=\"wp-block-separator has-alpha-channel-opacity\">\n<p>Michael Woods, profesor de Geograf\u00eda Humana, <em>Universidad de Aberystwyth<\/em><\/p>\n<p>Foto de Jake Willett en Unsplash<\/p>\n<\/p><\/div>\n","protected":false},"excerpt":{"rendered":"<p>En la \u00faltima parte de nuestra serie sobre cuestiones ambientales y la campa\u00f1a electoral de Gales, analizamos particularmente las pol\u00edticas rurales de dos partidos que<\/p>\n","protected":false},"author":1,"featured_media":9011,"comment_status":"closed","ping_status":"","sticky":false,"template":"","format":"standard","meta":{"footnotes":""},"categories":[68],"tags":[4158,139,62,8646,8645,1678],"class_list":["post-9010","post","type-post","status-publish","format-standard","has-post-thumbnail","hentry","category-fauna-y-flora","tag-campo","tag-gales","tag-los","tag-prometen","tag-reformistas","tag-verdes","generate-columns","tablet-grid-50","mobile-grid-100","grid-parent","grid-50"],"yoast_head":"<!-- This site is optimized with the Yoast SEO plugin v23.4 - https:\/\/yoast.com\/wordpress\/plugins\/seo\/ -->\n<title>El campo gal\u00e9s: lo que los Verdes y los Reformistas prometen... - Consejos - Santa Catarina<\/title>\n<meta name=\"robots\" content=\"index, follow, max-snippet:-1, max-image-preview:large, max-video-preview:-1\" \/>\n<link rel=\"canonical\" href=\"https:\/\/stacatarina.mx\/consejos\/el-campo-gales-lo-que-los-verdes-y-los-reformistas-prometen\/\" \/>\n<meta property=\"og:locale\" content=\"es_MX\" \/>\n<meta property=\"og:type\" content=\"article\" \/>\n<meta property=\"og:title\" content=\"El campo gal\u00e9s: lo que los Verdes y los Reformistas prometen... - Consejos - Santa Catarina\" \/>\n<meta property=\"og:description\" content=\"En la \u00faltima parte de nuestra serie sobre cuestiones ambientales y la campa\u00f1a electoral de Gales, analizamos particularmente las pol\u00edticas rurales de dos partidos que\" \/>\n<meta property=\"og:url\" content=\"https:\/\/stacatarina.mx\/consejos\/el-campo-gales-lo-que-los-verdes-y-los-reformistas-prometen\/\" \/>\n<meta property=\"og:site_name\" content=\"Santa Catarina\" \/>\n<meta property=\"article:publisher\" content=\"https:\/\/www.facebook.com\/stacatarinagob\/\" \/>\n<meta property=\"article:published_time\" content=\"2026-05-01T08:53:25+00:00\" \/>\n<meta property=\"article:modified_time\" content=\"2026-05-01T08:53:27+00:00\" \/>\n<meta property=\"og:image\" content=\"https:\/\/stacatarina.mx\/consejos\/wp-content\/uploads\/2026\/05\/El-campo-gales-lo-que-los-Verdes-y-los-Reformistas.jpg\" \/>\n\t<meta property=\"og:image:width\" content=\"900\" \/>\n\t<meta property=\"og:image:height\" content=\"601\" \/>\n\t<meta property=\"og:image:type\" content=\"image\/jpeg\" \/>\n<meta name=\"author\" content=\"Pedro Mart\u00ednez\" \/>\n<meta name=\"twitter:card\" content=\"summary_large_image\" \/>\n<meta name=\"twitter:creator\" content=\"@stacatarinagob\" \/>\n<meta name=\"twitter:site\" content=\"@stacatarinagob\" \/>\n<meta name=\"twitter:label1\" content=\"Escrito por\" \/>\n\t<meta name=\"twitter:data1\" content=\"Pedro Mart\u00ednez\" \/>\n\t<meta name=\"twitter:label2\" content=\"Tiempo de lectura\" \/>\n\t<meta name=\"twitter:data2\" content=\"7 minutos\" \/>\n<script type=\"application\/ld+json\" class=\"yoast-schema-graph\">{\"@context\":\"https:\/\/schema.org\",\"@graph\":[{\"@type\":\"Article\",\"@id\":\"https:\/\/stacatarina.mx\/consejos\/el-campo-gales-lo-que-los-verdes-y-los-reformistas-prometen\/#article\",\"isPartOf\":{\"@id\":\"https:\/\/stacatarina.mx\/consejos\/el-campo-gales-lo-que-los-verdes-y-los-reformistas-prometen\/\"},\"author\":{\"name\":\"Pedro Mart\u00ednez\",\"@id\":\"https:\/\/stacatarina.mx\/consejos\/#\/schema\/person\/0be60adffa8e4c4d0828fdf021450e8a\"},\"headline\":\"El campo gal\u00e9s: lo que los Verdes y los Reformistas prometen&#8230;\",\"datePublished\":\"2026-05-01T08:53:25+00:00\",\"dateModified\":\"2026-05-01T08:53:27+00:00\",\"mainEntityOfPage\":{\"@id\":\"https:\/\/stacatarina.mx\/consejos\/el-campo-gales-lo-que-los-verdes-y-los-reformistas-prometen\/\"},\"wordCount\":1387,\"publisher\":{\"@id\":\"https:\/\/stacatarina.mx\/consejos\/#organization\"},\"image\":{\"@id\":\"https:\/\/stacatarina.mx\/consejos\/el-campo-gales-lo-que-los-verdes-y-los-reformistas-prometen\/#primaryimage\"},\"thumbnailUrl\":\"https:\/\/stacatarina.mx\/consejos\/wp-content\/uploads\/2026\/05\/El-campo-gales-lo-que-los-Verdes-y-los-Reformistas.jpg\",\"keywords\":[\"campo\",\"Gales\",\"los\",\"prometen..\",\"Reformistas\",\"verdes\"],\"articleSection\":[\"Fauna y Flora\"],\"inLanguage\":\"es\"},{\"@type\":\"WebPage\",\"@id\":\"https:\/\/stacatarina.mx\/consejos\/el-campo-gales-lo-que-los-verdes-y-los-reformistas-prometen\/\",\"url\":\"https:\/\/stacatarina.mx\/consejos\/el-campo-gales-lo-que-los-verdes-y-los-reformistas-prometen\/\",\"name\":\"El campo gal\u00e9s: lo que los Verdes y los Reformistas prometen... - Consejos - Santa Catarina\",\"isPartOf\":{\"@id\":\"https:\/\/stacatarina.mx\/consejos\/#website\"},\"primaryImageOfPage\":{\"@id\":\"https:\/\/stacatarina.mx\/consejos\/el-campo-gales-lo-que-los-verdes-y-los-reformistas-prometen\/#primaryimage\"},\"image\":{\"@id\":\"https:\/\/stacatarina.mx\/consejos\/el-campo-gales-lo-que-los-verdes-y-los-reformistas-prometen\/#primaryimage\"},\"thumbnailUrl\":\"https:\/\/stacatarina.mx\/consejos\/wp-content\/uploads\/2026\/05\/El-campo-gales-lo-que-los-Verdes-y-los-Reformistas.jpg\",\"datePublished\":\"2026-05-01T08:53:25+00:00\",\"dateModified\":\"2026-05-01T08:53:27+00:00\",\"breadcrumb\":{\"@id\":\"https:\/\/stacatarina.mx\/consejos\/el-campo-gales-lo-que-los-verdes-y-los-reformistas-prometen\/#breadcrumb\"},\"inLanguage\":\"es\",\"potentialAction\":[{\"@type\":\"ReadAction\",\"target\":[\"https:\/\/stacatarina.mx\/consejos\/el-campo-gales-lo-que-los-verdes-y-los-reformistas-prometen\/\"]}]},{\"@type\":\"ImageObject\",\"inLanguage\":\"es\",\"@id\":\"https:\/\/stacatarina.mx\/consejos\/el-campo-gales-lo-que-los-verdes-y-los-reformistas-prometen\/#primaryimage\",\"url\":\"https:\/\/stacatarina.mx\/consejos\/wp-content\/uploads\/2026\/05\/El-campo-gales-lo-que-los-Verdes-y-los-Reformistas.jpg\",\"contentUrl\":\"https:\/\/stacatarina.mx\/consejos\/wp-content\/uploads\/2026\/05\/El-campo-gales-lo-que-los-Verdes-y-los-Reformistas.jpg\",\"width\":900,\"height\":601,\"caption\":\"Welsh countryside \u2013 what Greens and Reform are promising they would change after\u00a0election\"},{\"@type\":\"BreadcrumbList\",\"@id\":\"https:\/\/stacatarina.mx\/consejos\/el-campo-gales-lo-que-los-verdes-y-los-reformistas-prometen\/#breadcrumb\",\"itemListElement\":[{\"@type\":\"ListItem\",\"position\":1,\"name\":\"Inicio\",\"item\":\"https:\/\/stacatarina.mx\/consejos\/\"},{\"@type\":\"ListItem\",\"position\":2,\"name\":\"El campo gal\u00e9s: lo que los Verdes y los Reformistas prometen&#8230;\"}]},{\"@type\":\"WebSite\",\"@id\":\"https:\/\/stacatarina.mx\/consejos\/#website\",\"url\":\"https:\/\/stacatarina.mx\/consejos\/\",\"name\":\"Santa Catarina\",\"description\":\"\",\"publisher\":{\"@id\":\"https:\/\/stacatarina.mx\/consejos\/#organization\"},\"potentialAction\":[{\"@type\":\"SearchAction\",\"target\":{\"@type\":\"EntryPoint\",\"urlTemplate\":\"https:\/\/stacatarina.mx\/consejos\/?s={search_term_string}\"},\"query-input\":{\"@type\":\"PropertyValueSpecification\",\"valueRequired\":true,\"valueName\":\"search_term_string\"}}],\"inLanguage\":\"es\"},{\"@type\":\"Organization\",\"@id\":\"https:\/\/stacatarina.mx\/consejos\/#organization\",\"name\":\"Santa Catarina\",\"url\":\"https:\/\/stacatarina.mx\/consejos\/\",\"logo\":{\"@type\":\"ImageObject\",\"inLanguage\":\"es\",\"@id\":\"https:\/\/stacatarina.mx\/consejos\/#\/schema\/logo\/image\/\",\"url\":\"https:\/\/stacatarina.mx\/consejos\/wp-content\/uploads\/2024\/09\/cropped-favicon-1-1.png\",\"contentUrl\":\"https:\/\/stacatarina.mx\/consejos\/wp-content\/uploads\/2024\/09\/cropped-favicon-1-1.png\",\"width\":512,\"height\":512,\"caption\":\"Santa Catarina\"},\"image\":{\"@id\":\"https:\/\/stacatarina.mx\/consejos\/#\/schema\/logo\/image\/\"},\"sameAs\":[\"https:\/\/www.facebook.com\/stacatarinagob\/\",\"https:\/\/x.com\/stacatarinagob\",\"https:\/\/www.instagram.com\/stacatarinagob\/\",\"https:\/\/www.youtube.com\/channel\/UCK-6cQJL_904665N1_nLTWw\"]},{\"@type\":\"Person\",\"@id\":\"https:\/\/stacatarina.mx\/consejos\/#\/schema\/person\/0be60adffa8e4c4d0828fdf021450e8a\",\"name\":\"Pedro Mart\u00ednez\",\"image\":{\"@type\":\"ImageObject\",\"inLanguage\":\"es\",\"@id\":\"https:\/\/stacatarina.mx\/consejos\/#\/schema\/person\/image\/\",\"url\":\"https:\/\/stacatarina.mx\/consejos\/wp-content\/uploads\/2024\/09\/stacatarina.jpg\",\"contentUrl\":\"https:\/\/stacatarina.mx\/consejos\/wp-content\/uploads\/2024\/09\/stacatarina.jpg\",\"caption\":\"Pedro Mart\u00ednez\"},\"description\":\"Hola, soy Pedro Mart\u00ednez, redactor jefe del sitio oficial del ayuntamiento de Santa Catarina, en M\u00e9xico. Con m\u00e1s de diez a\u00f1os de experiencia en el periodismo local, tengo una pasi\u00f3n por la investigaci\u00f3n y la difusi\u00f3n de informaci\u00f3n que valoriza nuestra hermosa comunidad. Mi compromiso es hacer de Santa Catarina una referencia en materia de transparencia y comunicaci\u00f3n municipal.\",\"sameAs\":[\"https:\/\/stacatarina.mx\/\"]}]}<\/script>\n<!-- \/ Yoast SEO plugin. -->","yoast_head_json":{"title":"El campo gal\u00e9s: lo que los Verdes y los Reformistas prometen... - Consejos - Santa Catarina","robots":{"index":"index","follow":"follow","max-snippet":"max-snippet:-1","max-image-preview":"max-image-preview:large","max-video-preview":"max-video-preview:-1"},"canonical":"https:\/\/stacatarina.mx\/consejos\/el-campo-gales-lo-que-los-verdes-y-los-reformistas-prometen\/","og_locale":"es_MX","og_type":"article","og_title":"El campo gal\u00e9s: lo que los Verdes y los Reformistas prometen... - Consejos - Santa Catarina","og_description":"En la \u00faltima parte de nuestra serie sobre cuestiones ambientales y la campa\u00f1a electoral de Gales, analizamos particularmente las pol\u00edticas rurales de dos partidos que","og_url":"https:\/\/stacatarina.mx\/consejos\/el-campo-gales-lo-que-los-verdes-y-los-reformistas-prometen\/","og_site_name":"Santa Catarina","article_publisher":"https:\/\/www.facebook.com\/stacatarinagob\/","article_published_time":"2026-05-01T08:53:25+00:00","article_modified_time":"2026-05-01T08:53:27+00:00","og_image":[{"width":900,"height":601,"url":"https:\/\/stacatarina.mx\/consejos\/wp-content\/uploads\/2026\/05\/El-campo-gales-lo-que-los-Verdes-y-los-Reformistas.jpg","type":"image\/jpeg"}],"author":"Pedro Mart\u00ednez","twitter_card":"summary_large_image","twitter_creator":"@stacatarinagob","twitter_site":"@stacatarinagob","twitter_misc":{"Escrito por":"Pedro Mart\u00ednez","Tiempo de lectura":"7 minutos"},"schema":{"@context":"https:\/\/schema.org","@graph":[{"@type":"Article","@id":"https:\/\/stacatarina.mx\/consejos\/el-campo-gales-lo-que-los-verdes-y-los-reformistas-prometen\/#article","isPartOf":{"@id":"https:\/\/stacatarina.mx\/consejos\/el-campo-gales-lo-que-los-verdes-y-los-reformistas-prometen\/"},"author":{"name":"Pedro Mart\u00ednez","@id":"https:\/\/stacatarina.mx\/consejos\/#\/schema\/person\/0be60adffa8e4c4d0828fdf021450e8a"},"headline":"El campo gal\u00e9s: lo que los Verdes y los Reformistas prometen&#8230;","datePublished":"2026-05-01T08:53:25+00:00","dateModified":"2026-05-01T08:53:27+00:00","mainEntityOfPage":{"@id":"https:\/\/stacatarina.mx\/consejos\/el-campo-gales-lo-que-los-verdes-y-los-reformistas-prometen\/"},"wordCount":1387,"publisher":{"@id":"https:\/\/stacatarina.mx\/consejos\/#organization"},"image":{"@id":"https:\/\/stacatarina.mx\/consejos\/el-campo-gales-lo-que-los-verdes-y-los-reformistas-prometen\/#primaryimage"},"thumbnailUrl":"https:\/\/stacatarina.mx\/consejos\/wp-content\/uploads\/2026\/05\/El-campo-gales-lo-que-los-Verdes-y-los-Reformistas.jpg","keywords":["campo","Gales","los","prometen..","Reformistas","verdes"],"articleSection":["Fauna y Flora"],"inLanguage":"es"},{"@type":"WebPage","@id":"https:\/\/stacatarina.mx\/consejos\/el-campo-gales-lo-que-los-verdes-y-los-reformistas-prometen\/","url":"https:\/\/stacatarina.mx\/consejos\/el-campo-gales-lo-que-los-verdes-y-los-reformistas-prometen\/","name":"El campo gal\u00e9s: lo que los Verdes y los Reformistas prometen... - Consejos - Santa Catarina","isPartOf":{"@id":"https:\/\/stacatarina.mx\/consejos\/#website"},"primaryImageOfPage":{"@id":"https:\/\/stacatarina.mx\/consejos\/el-campo-gales-lo-que-los-verdes-y-los-reformistas-prometen\/#primaryimage"},"image":{"@id":"https:\/\/stacatarina.mx\/consejos\/el-campo-gales-lo-que-los-verdes-y-los-reformistas-prometen\/#primaryimage"},"thumbnailUrl":"https:\/\/stacatarina.mx\/consejos\/wp-content\/uploads\/2026\/05\/El-campo-gales-lo-que-los-Verdes-y-los-Reformistas.jpg","datePublished":"2026-05-01T08:53:25+00:00","dateModified":"2026-05-01T08:53:27+00:00","breadcrumb":{"@id":"https:\/\/stacatarina.mx\/consejos\/el-campo-gales-lo-que-los-verdes-y-los-reformistas-prometen\/#breadcrumb"},"inLanguage":"es","potentialAction":[{"@type":"ReadAction","target":["https:\/\/stacatarina.mx\/consejos\/el-campo-gales-lo-que-los-verdes-y-los-reformistas-prometen\/"]}]},{"@type":"ImageObject","inLanguage":"es","@id":"https:\/\/stacatarina.mx\/consejos\/el-campo-gales-lo-que-los-verdes-y-los-reformistas-prometen\/#primaryimage","url":"https:\/\/stacatarina.mx\/consejos\/wp-content\/uploads\/2026\/05\/El-campo-gales-lo-que-los-Verdes-y-los-Reformistas.jpg","contentUrl":"https:\/\/stacatarina.mx\/consejos\/wp-content\/uploads\/2026\/05\/El-campo-gales-lo-que-los-Verdes-y-los-Reformistas.jpg","width":900,"height":601,"caption":"Welsh countryside \u2013 what Greens and Reform are promising they would change after\u00a0election"},{"@type":"BreadcrumbList","@id":"https:\/\/stacatarina.mx\/consejos\/el-campo-gales-lo-que-los-verdes-y-los-reformistas-prometen\/#breadcrumb","itemListElement":[{"@type":"ListItem","position":1,"name":"Inicio","item":"https:\/\/stacatarina.mx\/consejos\/"},{"@type":"ListItem","position":2,"name":"El campo gal\u00e9s: lo que los Verdes y los Reformistas prometen&#8230;"}]},{"@type":"WebSite","@id":"https:\/\/stacatarina.mx\/consejos\/#website","url":"https:\/\/stacatarina.mx\/consejos\/","name":"Santa Catarina","description":"","publisher":{"@id":"https:\/\/stacatarina.mx\/consejos\/#organization"},"potentialAction":[{"@type":"SearchAction","target":{"@type":"EntryPoint","urlTemplate":"https:\/\/stacatarina.mx\/consejos\/?s={search_term_string}"},"query-input":{"@type":"PropertyValueSpecification","valueRequired":true,"valueName":"search_term_string"}}],"inLanguage":"es"},{"@type":"Organization","@id":"https:\/\/stacatarina.mx\/consejos\/#organization","name":"Santa Catarina","url":"https:\/\/stacatarina.mx\/consejos\/","logo":{"@type":"ImageObject","inLanguage":"es","@id":"https:\/\/stacatarina.mx\/consejos\/#\/schema\/logo\/image\/","url":"https:\/\/stacatarina.mx\/consejos\/wp-content\/uploads\/2024\/09\/cropped-favicon-1-1.png","contentUrl":"https:\/\/stacatarina.mx\/consejos\/wp-content\/uploads\/2024\/09\/cropped-favicon-1-1.png","width":512,"height":512,"caption":"Santa Catarina"},"image":{"@id":"https:\/\/stacatarina.mx\/consejos\/#\/schema\/logo\/image\/"},"sameAs":["https:\/\/www.facebook.com\/stacatarinagob\/","https:\/\/x.com\/stacatarinagob","https:\/\/www.instagram.com\/stacatarinagob\/","https:\/\/www.youtube.com\/channel\/UCK-6cQJL_904665N1_nLTWw"]},{"@type":"Person","@id":"https:\/\/stacatarina.mx\/consejos\/#\/schema\/person\/0be60adffa8e4c4d0828fdf021450e8a","name":"Pedro Mart\u00ednez","image":{"@type":"ImageObject","inLanguage":"es","@id":"https:\/\/stacatarina.mx\/consejos\/#\/schema\/person\/image\/","url":"https:\/\/stacatarina.mx\/consejos\/wp-content\/uploads\/2024\/09\/stacatarina.jpg","contentUrl":"https:\/\/stacatarina.mx\/consejos\/wp-content\/uploads\/2024\/09\/stacatarina.jpg","caption":"Pedro Mart\u00ednez"},"description":"Hola, soy Pedro Mart\u00ednez, redactor jefe del sitio oficial del ayuntamiento de Santa Catarina, en M\u00e9xico. Con m\u00e1s de diez a\u00f1os de experiencia en el periodismo local, tengo una pasi\u00f3n por la investigaci\u00f3n y la difusi\u00f3n de informaci\u00f3n que valoriza nuestra hermosa comunidad. Mi compromiso es hacer de Santa Catarina una referencia en materia de transparencia y comunicaci\u00f3n municipal.","sameAs":["https:\/\/stacatarina.mx\/"]}]}},"_links":{"self":[{"href":"https:\/\/stacatarina.mx\/consejos\/wp-json\/wp\/v2\/posts\/9010"}],"collection":[{"href":"https:\/\/stacatarina.mx\/consejos\/wp-json\/wp\/v2\/posts"}],"about":[{"href":"https:\/\/stacatarina.mx\/consejos\/wp-json\/wp\/v2\/types\/post"}],"author":[{"embeddable":true,"href":"https:\/\/stacatarina.mx\/consejos\/wp-json\/wp\/v2\/users\/1"}],"replies":[{"embeddable":true,"href":"https:\/\/stacatarina.mx\/consejos\/wp-json\/wp\/v2\/comments?post=9010"}],"version-history":[{"count":1,"href":"https:\/\/stacatarina.mx\/consejos\/wp-json\/wp\/v2\/posts\/9010\/revisions"}],"predecessor-version":[{"id":9012,"href":"https:\/\/stacatarina.mx\/consejos\/wp-json\/wp\/v2\/posts\/9010\/revisions\/9012"}],"wp:featuredmedia":[{"embeddable":true,"href":"https:\/\/stacatarina.mx\/consejos\/wp-json\/wp\/v2\/media\/9011"}],"wp:attachment":[{"href":"https:\/\/stacatarina.mx\/consejos\/wp-json\/wp\/v2\/media?parent=9010"}],"wp:term":[{"taxonomy":"category","embeddable":true,"href":"https:\/\/stacatarina.mx\/consejos\/wp-json\/wp\/v2\/categories?post=9010"},{"taxonomy":"post_tag","embeddable":true,"href":"https:\/\/stacatarina.mx\/consejos\/wp-json\/wp\/v2\/tags?post=9010"}],"curies":[{"name":"wp","href":"https:\/\/api.w.org\/{rel}","templated":true}]}}