{"id":9016,"date":"2026-05-01T14:52:29","date_gmt":"2026-05-01T20:52:29","guid":{"rendered":"https:\/\/stacatarina.mx\/consejos\/por-que-tenemos-ciertos-suenos-un-estudio-totalmente-italiano-explica-de-donde-vienen-y-como-se-moldean\/"},"modified":"2026-05-01T14:52:32","modified_gmt":"2026-05-01T20:52:32","slug":"por-que-tenemos-ciertos-suenos-un-estudio-totalmente-italiano-explica-de-donde-vienen-y-como-se-moldean","status":"publish","type":"post","link":"https:\/\/stacatarina.mx\/consejos\/por-que-tenemos-ciertos-suenos-un-estudio-totalmente-italiano-explica-de-donde-vienen-y-como-se-moldean\/","title":{"rendered":"\u00bfPor qu\u00e9 tenemos ciertos sue\u00f1os? Un estudio totalmente italiano explica de d\u00f3nde vienen y c\u00f3mo se moldean"},"content":{"rendered":"<p><\/p>\n<p>Sucede que te despiertas con una escena que parece no tener modales. Una habitaci\u00f3n que nunca hab\u00eda visto, una persona de hace a\u00f1os, un peque\u00f1o miedo que se ha vuelto enorme, un detalle del d\u00eda anterior atrapado en medio de algo que parece una pel\u00edcula mal rodada pero extra\u00f1amente nuestra. Los sue\u00f1os hacen esto: llegan con pedazos de realidad, los mueven, los deforman, los pegan a emociones que tal vez hab\u00edan quedado quietas en un rinc\u00f3n durante el d\u00eda.<\/p>\n<p>La ciencia, en este terreno, est\u00e1 poniendo orden sin eliminar por completo el misterio. Un estudio publicado el 28 de abril de 2026 sobre <em>Psicolog\u00eda de las Comunicaciones<\/em> analiz\u00f3 sistem\u00e1ticamente el contenido de los sue\u00f1os, mostrando que esas im\u00e1genes nocturnas surgen del entrelazamiento de lo que experimentamos y la forma en que estamos hechos. El trabajo examin\u00f3 un gran conjunto de datos: 287 adultos entre 18 y 69 a\u00f1os, m\u00e1s de 3.700 informes generales de sue\u00f1os y experiencias de vigilia, con un grupo principal recopilado entre 2020 y 2024 y un segundo grupo que se refiere al primer bloqueo de 2020. Solo en el conjunto de datos principal, se recopilaron 1.687 informes de sue\u00f1os y 1.679 informes de experiencias de vigilia; En total, entre los dos grupos, los informes de sue\u00f1os analizados fueron 2.038.<\/p>\n<h2>No son im\u00e1genes aleatorias.<\/h2>\n<p>Los datos m\u00e1s interesantes se refieren precisamente a este tipo de talleres internos. Los sue\u00f1os recogen materiales de la vida cotidiana, pero los tratan a su manera. Un rostro encontrado, una conversaci\u00f3n, un lugar, una tensi\u00f3n abierta, pueden reaparecer por la noche bajo otra forma. A veces se convierten en im\u00e1genes claras, otras en una secuencia extra\u00f1a, llena de espacios extra\u00f1os, m\u00faltiples personajes, situaciones que en la vida de vigilia descartar\u00edamos por absurdas.<\/p>\n<p>El estudio habla de una continuidad entre la vigilia y el sue\u00f1o, junto a una transformaci\u00f3n muy clara. En comparaci\u00f3n con las historias de las experiencias de vigilia, los sue\u00f1os son m\u00e1s perceptivos, m\u00e1s visuales, m\u00e1s espaciales, poblados de detalles concretos, presencias y acontecimientos inusuales. La mente dormida parece tomar nuestras preocupaciones y nuestros recuerdos y luego construir una simulaci\u00f3n interna: menos noticias, m\u00e1s edici\u00f3n.<\/p>\n<p>En este montaje entran tambi\u00e9n caracter\u00edsticas bastante estables de la persona. Lo que cuenta es el inter\u00e9s por los sue\u00f1os, lo que cuenta es la tendencia a la divagaci\u00f3n, es decir, esa mente que se aleja sola durante el d\u00eda, lo que cuenta es la calidad subjetiva del sue\u00f1o. Quienes dan importancia a los sue\u00f1os tienden a producir experiencias nocturnas m\u00e1s atractivas e inmersivas; aquellos que tienen una mente inclinada a desprenderse de los est\u00edmulos externos y seguir pensamientos espont\u00e1neos aportan una estructura m\u00e1s fragmentada y discontinua a sus sue\u00f1os.<\/p>\n<p>Luego est\u00e1 el filtro personal, ese que explica por qu\u00e9 dos personas, despu\u00e9s de un d\u00eda similar, pueden despertarse con historias completamente diferentes. Un mismo acontecimiento pasa por la memoria, la sensibilidad, los h\u00e1bitos cognitivos, la calidad del descanso, los miedos, las expectativas. De ah\u00ed surge algo muy simple y nada trivial: nosotros tambi\u00e9n so\u00f1amos con el mundo, por supuesto, pero lo so\u00f1amos con nuestra voz interior.<\/p>\n<h2>El cerebro revuelve la realidad<\/h2>\n<p>Para llegar a estos resultados, los investigadores utilizaron herramientas de an\u00e1lisis del lenguaje natural y evaluaciones asistidas por modelos de lenguaje. En la pr\u00e1ctica, las historias de los participantes fueron le\u00eddas como textos: palabras, temas, conexiones, campos sem\u00e1nticos, referencias a espacios, emociones, personas, cuerpos, ambientes, l\u00edmites, miedo, im\u00e1genes visuales. El m\u00e9todo combin\u00f3 dos caminos: uno basado en dimensiones sem\u00e1nticas definidas al inicio y otro m\u00e1s exploratorio, construido sobre los dominios l\u00e9xicos que surgieron de las historias.<\/p>\n<p>El paso delicado era entender si una m\u00e1quina realmente pod\u00eda capturar algo tan esquivo como un sue\u00f1o contado por la ma\u00f1ana, tal vez con frases entrecortadas y detalles a\u00fan pegados a la almohada. Por este motivo, las evaluaciones autom\u00e1ticas se compararon con las de evaluadores humanos y con una muestra independiente de participantes a los que se les pidi\u00f3 que juzgaran sus sue\u00f1os. El acuerdo fue alto en las 16 dimensiones sem\u00e1nticas consideradas, con niveles comparables a los observados entre evaluadores humanos independientes.<\/p>\n<p>Esta parte diferencia el estudio de muchos trabajos anteriores. Durante d\u00e9cadas, los sue\u00f1os se han recopilado e interpretado a menudo en muestras peque\u00f1as, con cuadr\u00edculas manuales, categor\u00edas m\u00e1s r\u00edgidas y cuestionarios retrospectivos. Aqu\u00ed el material es m\u00e1s amplio, tiene m\u00e1s capas y se recoge d\u00eda tras d\u00eda. Los participantes siguieron un protocolo diario durante dos semanas, informando de sus experiencias tan pronto como se despertaban, para reducir al m\u00e1ximo las distorsiones de la memoria. Adem\u00e1s de las historias, tambi\u00e9n se recogieron datos sobre la personalidad, las funciones cognitivas, el sue\u00f1o y las caracter\u00edsticas psicol\u00f3gicas.<\/p>\n<p>El resultado parece un mapa, con todas las precauciones necesarias. Los sue\u00f1os siguen siendo experiencias subjetivas, privadas y a menudo inestables. Pero dentro de esta inestabilidad aparecen regularidades. Ciertos temas regresan, ciertos tonos emocionales cambian, ciertos detalles se mueven cuando cambia la vida diurna. En definitiva, la noche trabaja con materiales reconocibles.<\/p>\n<h2>Incluso el confinamiento ha cambiado los sue\u00f1os<\/h2>\n<p>La parte sobre el confinamiento de 2020 le da al estudio un peso a\u00fan m\u00e1s concreto. All\u00ed el mundo exterior hab\u00eda cambiado para todos, en el mismo per\u00edodo, con una fuerza rara: casas cerradas, viajes limitados, miedo al contagio, d\u00edas iguales, p\u00e9rdida de control. Los investigadores utilizaron un segundo conjunto de datos independiente de 80 participantes para observar el impacto de ese estr\u00e9s colectivo en los sue\u00f1os.<\/p>\n<p>Durante el primer confinamiento los sue\u00f1os mostraban m\u00e1s referencias a limitaciones y mayor intensidad emocional. Con el paso de los a\u00f1os, esas se\u00f1ales se fueron desvaneciendo gradualmente. La normalidad, o algo que se le pareciera, empez\u00f3 a entrar nuevamente en sue\u00f1o. Este detalle dice mucho: los sue\u00f1os registran presiones individuales, pero tambi\u00e9n absorben la atm\u00f3sfera com\u00fan. Una pandemia, un cierre forzoso, un miedo compartido pueden cambiar el panorama nocturno de muchas personas en un mismo per\u00edodo.<\/p>\n<p>Esto no convierte los sue\u00f1os en perfectos boletines psicol\u00f3gicos. Nadie puede tomar un sue\u00f1o y utilizarlo como informe del alma, con sello y diagn\u00f3stico. La investigaci\u00f3n se basa en datos agregados, en probabilidades, en estructuras sem\u00e1nticas. Sin embargo, ese movimiento se puede ver: cuando todo lo exterior se encoge, algo interior tambi\u00e9n cambia de forma. Las habitaciones se vuelven m\u00e1s estrechas, las emociones m\u00e1s densas, las im\u00e1genes m\u00e1s cargadas.<\/p>\n<p>Los sue\u00f1os, entonces, parecen funcionar como un laboratorio mal ordenado. El cerebro toma emociones, recuerdos, est\u00edmulos recientes, rasgos personales, calidad del sue\u00f1o y los recrea mientras estamos desconectados del mundo exterior. A veces lo hace para im\u00e1genes casi banales, a veces con una direcci\u00f3n completamente fuera de eje. El significado viene despu\u00e9s, si llega. Primero queda esa sensaci\u00f3n f\u00edsica del despertar: el eco de algo que vivimos sin movernos de la cama.<\/p>\n<p>La respuesta a la pregunta de d\u00f3nde vienen los sue\u00f1os es, por tanto, menos rom\u00e1ntica y m\u00e1s interesante. Provienen del d\u00eda, del car\u00e1cter, de los recuerdos, de los miedos, del cuerpo que duerme, del mundo que presiona incluso con los ojos cerrados. Vienen a nosotros, con todo el caos del caso.<\/p><\/p>\n","protected":false},"excerpt":{"rendered":"<p>Sucede que te despiertas con una escena que parece no tener modales. Una habitaci\u00f3n que nunca hab\u00eda visto, una persona de hace a\u00f1os, un peque\u00f1o<\/p>\n","protected":false},"author":1,"featured_media":9017,"comment_status":"closed","ping_status":"","sticky":false,"template":"","format":"standard","meta":{"footnotes":""},"categories":[762],"tags":[7136,15,287,219,919,1511,8649,112,247,6348,3955,1856,8648],"class_list":["post-9016","post","type-post","status-publish","format-standard","has-post-thumbnail","hentry","category-salud","tag-ciertos","tag-como","tag-donde","tag-estudio","tag-explica","tag-italiano","tag-moldean","tag-por","tag-que","tag-suenos","tag-tenemos","tag-totalmente","tag-vienen","generate-columns","tablet-grid-50","mobile-grid-100","grid-parent","grid-50"],"yoast_head":"<!-- This site is optimized with the Yoast SEO plugin v23.4 - https:\/\/yoast.com\/wordpress\/plugins\/seo\/ -->\n<title>\u00bfPor qu\u00e9 tenemos ciertos sue\u00f1os? Un estudio totalmente italiano explica de d\u00f3nde vienen y c\u00f3mo se moldean - Consejos - Santa Catarina<\/title>\n<meta name=\"robots\" content=\"index, follow, max-snippet:-1, max-image-preview:large, max-video-preview:-1\" \/>\n<link rel=\"canonical\" href=\"https:\/\/stacatarina.mx\/consejos\/por-que-tenemos-ciertos-suenos-un-estudio-totalmente-italiano-explica-de-donde-vienen-y-como-se-moldean\/\" \/>\n<meta property=\"og:locale\" content=\"es_MX\" \/>\n<meta property=\"og:type\" content=\"article\" \/>\n<meta property=\"og:title\" content=\"\u00bfPor qu\u00e9 tenemos ciertos sue\u00f1os? Un estudio totalmente italiano explica de d\u00f3nde vienen y c\u00f3mo se moldean - Consejos - Santa Catarina\" \/>\n<meta property=\"og:description\" content=\"Sucede que te despiertas con una escena que parece no tener modales. Una habitaci\u00f3n que nunca hab\u00eda visto, una persona de hace a\u00f1os, un peque\u00f1o\" \/>\n<meta property=\"og:url\" content=\"https:\/\/stacatarina.mx\/consejos\/por-que-tenemos-ciertos-suenos-un-estudio-totalmente-italiano-explica-de-donde-vienen-y-como-se-moldean\/\" \/>\n<meta property=\"og:site_name\" content=\"Santa Catarina\" \/>\n<meta property=\"article:publisher\" content=\"https:\/\/www.facebook.com\/stacatarinagob\/\" \/>\n<meta property=\"article:published_time\" content=\"2026-05-01T20:52:29+00:00\" \/>\n<meta property=\"article:modified_time\" content=\"2026-05-01T20:52:32+00:00\" \/>\n<meta property=\"og:image\" content=\"https:\/\/stacatarina.mx\/consejos\/wp-content\/uploads\/2026\/05\/\u00bfPor-que-tenemos-ciertos-suenos-Un-estudio-totalmente-italiano-explica.jpg\" \/>\n\t<meta property=\"og:image:width\" content=\"1500\" \/>\n\t<meta property=\"og:image:height\" content=\"1000\" \/>\n\t<meta property=\"og:image:type\" content=\"image\/jpeg\" \/>\n<meta name=\"author\" content=\"Pedro Mart\u00ednez\" \/>\n<meta name=\"twitter:card\" content=\"summary_large_image\" \/>\n<meta name=\"twitter:creator\" content=\"@stacatarinagob\" \/>\n<meta name=\"twitter:site\" content=\"@stacatarinagob\" \/>\n<meta name=\"twitter:label1\" content=\"Escrito por\" \/>\n\t<meta name=\"twitter:data1\" content=\"Pedro Mart\u00ednez\" \/>\n\t<meta name=\"twitter:label2\" content=\"Tiempo de lectura\" \/>\n\t<meta name=\"twitter:data2\" content=\"6 minutos\" \/>\n<script type=\"application\/ld+json\" class=\"yoast-schema-graph\">{\"@context\":\"https:\/\/schema.org\",\"@graph\":[{\"@type\":\"Article\",\"@id\":\"https:\/\/stacatarina.mx\/consejos\/por-que-tenemos-ciertos-suenos-un-estudio-totalmente-italiano-explica-de-donde-vienen-y-como-se-moldean\/#article\",\"isPartOf\":{\"@id\":\"https:\/\/stacatarina.mx\/consejos\/por-que-tenemos-ciertos-suenos-un-estudio-totalmente-italiano-explica-de-donde-vienen-y-como-se-moldean\/\"},\"author\":{\"name\":\"Pedro Mart\u00ednez\",\"@id\":\"https:\/\/stacatarina.mx\/consejos\/#\/schema\/person\/0be60adffa8e4c4d0828fdf021450e8a\"},\"headline\":\"\u00bfPor qu\u00e9 tenemos ciertos sue\u00f1os? Un estudio totalmente italiano explica de d\u00f3nde vienen y c\u00f3mo se moldean\",\"datePublished\":\"2026-05-01T20:52:29+00:00\",\"dateModified\":\"2026-05-01T20:52:32+00:00\",\"mainEntityOfPage\":{\"@id\":\"https:\/\/stacatarina.mx\/consejos\/por-que-tenemos-ciertos-suenos-un-estudio-totalmente-italiano-explica-de-donde-vienen-y-como-se-moldean\/\"},\"wordCount\":1308,\"publisher\":{\"@id\":\"https:\/\/stacatarina.mx\/consejos\/#organization\"},\"image\":{\"@id\":\"https:\/\/stacatarina.mx\/consejos\/por-que-tenemos-ciertos-suenos-un-estudio-totalmente-italiano-explica-de-donde-vienen-y-como-se-moldean\/#primaryimage\"},\"thumbnailUrl\":\"https:\/\/stacatarina.mx\/consejos\/wp-content\/uploads\/2026\/05\/\u00bfPor-que-tenemos-ciertos-suenos-Un-estudio-totalmente-italiano-explica.jpg\",\"keywords\":[\"ciertos\",\"c\u00f3mo\",\"D\u00f3nde\",\"estudio\",\"explica\",\"italiano\",\"moldean\",\"por\",\"qu\u00e9\",\"sue\u00f1os\",\"tenemos\",\"totalmente\",\"vienen\"],\"articleSection\":[\"Salud\"],\"inLanguage\":\"es\"},{\"@type\":\"WebPage\",\"@id\":\"https:\/\/stacatarina.mx\/consejos\/por-que-tenemos-ciertos-suenos-un-estudio-totalmente-italiano-explica-de-donde-vienen-y-como-se-moldean\/\",\"url\":\"https:\/\/stacatarina.mx\/consejos\/por-que-tenemos-ciertos-suenos-un-estudio-totalmente-italiano-explica-de-donde-vienen-y-como-se-moldean\/\",\"name\":\"\u00bfPor qu\u00e9 tenemos ciertos sue\u00f1os? Un estudio totalmente italiano explica de d\u00f3nde vienen y c\u00f3mo se moldean - Consejos - Santa Catarina\",\"isPartOf\":{\"@id\":\"https:\/\/stacatarina.mx\/consejos\/#website\"},\"primaryImageOfPage\":{\"@id\":\"https:\/\/stacatarina.mx\/consejos\/por-que-tenemos-ciertos-suenos-un-estudio-totalmente-italiano-explica-de-donde-vienen-y-como-se-moldean\/#primaryimage\"},\"image\":{\"@id\":\"https:\/\/stacatarina.mx\/consejos\/por-que-tenemos-ciertos-suenos-un-estudio-totalmente-italiano-explica-de-donde-vienen-y-como-se-moldean\/#primaryimage\"},\"thumbnailUrl\":\"https:\/\/stacatarina.mx\/consejos\/wp-content\/uploads\/2026\/05\/\u00bfPor-que-tenemos-ciertos-suenos-Un-estudio-totalmente-italiano-explica.jpg\",\"datePublished\":\"2026-05-01T20:52:29+00:00\",\"dateModified\":\"2026-05-01T20:52:32+00:00\",\"breadcrumb\":{\"@id\":\"https:\/\/stacatarina.mx\/consejos\/por-que-tenemos-ciertos-suenos-un-estudio-totalmente-italiano-explica-de-donde-vienen-y-como-se-moldean\/#breadcrumb\"},\"inLanguage\":\"es\",\"potentialAction\":[{\"@type\":\"ReadAction\",\"target\":[\"https:\/\/stacatarina.mx\/consejos\/por-que-tenemos-ciertos-suenos-un-estudio-totalmente-italiano-explica-de-donde-vienen-y-como-se-moldean\/\"]}]},{\"@type\":\"ImageObject\",\"inLanguage\":\"es\",\"@id\":\"https:\/\/stacatarina.mx\/consejos\/por-que-tenemos-ciertos-suenos-un-estudio-totalmente-italiano-explica-de-donde-vienen-y-como-se-moldean\/#primaryimage\",\"url\":\"https:\/\/stacatarina.mx\/consejos\/wp-content\/uploads\/2026\/05\/\u00bfPor-que-tenemos-ciertos-suenos-Un-estudio-totalmente-italiano-explica.jpg\",\"contentUrl\":\"https:\/\/stacatarina.mx\/consejos\/wp-content\/uploads\/2026\/05\/\u00bfPor-que-tenemos-ciertos-suenos-Un-estudio-totalmente-italiano-explica.jpg\",\"width\":1500,\"height\":1000,\"caption\":\"sogni\"},{\"@type\":\"BreadcrumbList\",\"@id\":\"https:\/\/stacatarina.mx\/consejos\/por-que-tenemos-ciertos-suenos-un-estudio-totalmente-italiano-explica-de-donde-vienen-y-como-se-moldean\/#breadcrumb\",\"itemListElement\":[{\"@type\":\"ListItem\",\"position\":1,\"name\":\"Inicio\",\"item\":\"https:\/\/stacatarina.mx\/consejos\/\"},{\"@type\":\"ListItem\",\"position\":2,\"name\":\"\u00bfPor qu\u00e9 tenemos ciertos sue\u00f1os? Un estudio totalmente italiano explica de d\u00f3nde vienen y c\u00f3mo se moldean\"}]},{\"@type\":\"WebSite\",\"@id\":\"https:\/\/stacatarina.mx\/consejos\/#website\",\"url\":\"https:\/\/stacatarina.mx\/consejos\/\",\"name\":\"Santa Catarina\",\"description\":\"\",\"publisher\":{\"@id\":\"https:\/\/stacatarina.mx\/consejos\/#organization\"},\"potentialAction\":[{\"@type\":\"SearchAction\",\"target\":{\"@type\":\"EntryPoint\",\"urlTemplate\":\"https:\/\/stacatarina.mx\/consejos\/?s={search_term_string}\"},\"query-input\":{\"@type\":\"PropertyValueSpecification\",\"valueRequired\":true,\"valueName\":\"search_term_string\"}}],\"inLanguage\":\"es\"},{\"@type\":\"Organization\",\"@id\":\"https:\/\/stacatarina.mx\/consejos\/#organization\",\"name\":\"Santa Catarina\",\"url\":\"https:\/\/stacatarina.mx\/consejos\/\",\"logo\":{\"@type\":\"ImageObject\",\"inLanguage\":\"es\",\"@id\":\"https:\/\/stacatarina.mx\/consejos\/#\/schema\/logo\/image\/\",\"url\":\"https:\/\/stacatarina.mx\/consejos\/wp-content\/uploads\/2024\/09\/cropped-favicon-1-1.png\",\"contentUrl\":\"https:\/\/stacatarina.mx\/consejos\/wp-content\/uploads\/2024\/09\/cropped-favicon-1-1.png\",\"width\":512,\"height\":512,\"caption\":\"Santa Catarina\"},\"image\":{\"@id\":\"https:\/\/stacatarina.mx\/consejos\/#\/schema\/logo\/image\/\"},\"sameAs\":[\"https:\/\/www.facebook.com\/stacatarinagob\/\",\"https:\/\/x.com\/stacatarinagob\",\"https:\/\/www.instagram.com\/stacatarinagob\/\",\"https:\/\/www.youtube.com\/channel\/UCK-6cQJL_904665N1_nLTWw\"]},{\"@type\":\"Person\",\"@id\":\"https:\/\/stacatarina.mx\/consejos\/#\/schema\/person\/0be60adffa8e4c4d0828fdf021450e8a\",\"name\":\"Pedro Mart\u00ednez\",\"image\":{\"@type\":\"ImageObject\",\"inLanguage\":\"es\",\"@id\":\"https:\/\/stacatarina.mx\/consejos\/#\/schema\/person\/image\/\",\"url\":\"https:\/\/stacatarina.mx\/consejos\/wp-content\/uploads\/2024\/09\/stacatarina.jpg\",\"contentUrl\":\"https:\/\/stacatarina.mx\/consejos\/wp-content\/uploads\/2024\/09\/stacatarina.jpg\",\"caption\":\"Pedro Mart\u00ednez\"},\"description\":\"Hola, soy Pedro Mart\u00ednez, redactor jefe del sitio oficial del ayuntamiento de Santa Catarina, en M\u00e9xico. Con m\u00e1s de diez a\u00f1os de experiencia en el periodismo local, tengo una pasi\u00f3n por la investigaci\u00f3n y la difusi\u00f3n de informaci\u00f3n que valoriza nuestra hermosa comunidad. Mi compromiso es hacer de Santa Catarina una referencia en materia de transparencia y comunicaci\u00f3n municipal.\",\"sameAs\":[\"https:\/\/stacatarina.mx\/\"]}]}<\/script>\n<!-- \/ Yoast SEO plugin. -->","yoast_head_json":{"title":"\u00bfPor qu\u00e9 tenemos ciertos sue\u00f1os? Un estudio totalmente italiano explica de d\u00f3nde vienen y c\u00f3mo se moldean - Consejos - Santa Catarina","robots":{"index":"index","follow":"follow","max-snippet":"max-snippet:-1","max-image-preview":"max-image-preview:large","max-video-preview":"max-video-preview:-1"},"canonical":"https:\/\/stacatarina.mx\/consejos\/por-que-tenemos-ciertos-suenos-un-estudio-totalmente-italiano-explica-de-donde-vienen-y-como-se-moldean\/","og_locale":"es_MX","og_type":"article","og_title":"\u00bfPor qu\u00e9 tenemos ciertos sue\u00f1os? Un estudio totalmente italiano explica de d\u00f3nde vienen y c\u00f3mo se moldean - Consejos - Santa Catarina","og_description":"Sucede que te despiertas con una escena que parece no tener modales. Una habitaci\u00f3n que nunca hab\u00eda visto, una persona de hace a\u00f1os, un peque\u00f1o","og_url":"https:\/\/stacatarina.mx\/consejos\/por-que-tenemos-ciertos-suenos-un-estudio-totalmente-italiano-explica-de-donde-vienen-y-como-se-moldean\/","og_site_name":"Santa Catarina","article_publisher":"https:\/\/www.facebook.com\/stacatarinagob\/","article_published_time":"2026-05-01T20:52:29+00:00","article_modified_time":"2026-05-01T20:52:32+00:00","og_image":[{"width":1500,"height":1000,"url":"https:\/\/stacatarina.mx\/consejos\/wp-content\/uploads\/2026\/05\/\u00bfPor-que-tenemos-ciertos-suenos-Un-estudio-totalmente-italiano-explica.jpg","type":"image\/jpeg"}],"author":"Pedro Mart\u00ednez","twitter_card":"summary_large_image","twitter_creator":"@stacatarinagob","twitter_site":"@stacatarinagob","twitter_misc":{"Escrito por":"Pedro Mart\u00ednez","Tiempo de lectura":"6 minutos"},"schema":{"@context":"https:\/\/schema.org","@graph":[{"@type":"Article","@id":"https:\/\/stacatarina.mx\/consejos\/por-que-tenemos-ciertos-suenos-un-estudio-totalmente-italiano-explica-de-donde-vienen-y-como-se-moldean\/#article","isPartOf":{"@id":"https:\/\/stacatarina.mx\/consejos\/por-que-tenemos-ciertos-suenos-un-estudio-totalmente-italiano-explica-de-donde-vienen-y-como-se-moldean\/"},"author":{"name":"Pedro Mart\u00ednez","@id":"https:\/\/stacatarina.mx\/consejos\/#\/schema\/person\/0be60adffa8e4c4d0828fdf021450e8a"},"headline":"\u00bfPor qu\u00e9 tenemos ciertos sue\u00f1os? Un estudio totalmente italiano explica de d\u00f3nde vienen y c\u00f3mo se moldean","datePublished":"2026-05-01T20:52:29+00:00","dateModified":"2026-05-01T20:52:32+00:00","mainEntityOfPage":{"@id":"https:\/\/stacatarina.mx\/consejos\/por-que-tenemos-ciertos-suenos-un-estudio-totalmente-italiano-explica-de-donde-vienen-y-como-se-moldean\/"},"wordCount":1308,"publisher":{"@id":"https:\/\/stacatarina.mx\/consejos\/#organization"},"image":{"@id":"https:\/\/stacatarina.mx\/consejos\/por-que-tenemos-ciertos-suenos-un-estudio-totalmente-italiano-explica-de-donde-vienen-y-como-se-moldean\/#primaryimage"},"thumbnailUrl":"https:\/\/stacatarina.mx\/consejos\/wp-content\/uploads\/2026\/05\/\u00bfPor-que-tenemos-ciertos-suenos-Un-estudio-totalmente-italiano-explica.jpg","keywords":["ciertos","c\u00f3mo","D\u00f3nde","estudio","explica","italiano","moldean","por","qu\u00e9","sue\u00f1os","tenemos","totalmente","vienen"],"articleSection":["Salud"],"inLanguage":"es"},{"@type":"WebPage","@id":"https:\/\/stacatarina.mx\/consejos\/por-que-tenemos-ciertos-suenos-un-estudio-totalmente-italiano-explica-de-donde-vienen-y-como-se-moldean\/","url":"https:\/\/stacatarina.mx\/consejos\/por-que-tenemos-ciertos-suenos-un-estudio-totalmente-italiano-explica-de-donde-vienen-y-como-se-moldean\/","name":"\u00bfPor qu\u00e9 tenemos ciertos sue\u00f1os? Un estudio totalmente italiano explica de d\u00f3nde vienen y c\u00f3mo se moldean - Consejos - Santa Catarina","isPartOf":{"@id":"https:\/\/stacatarina.mx\/consejos\/#website"},"primaryImageOfPage":{"@id":"https:\/\/stacatarina.mx\/consejos\/por-que-tenemos-ciertos-suenos-un-estudio-totalmente-italiano-explica-de-donde-vienen-y-como-se-moldean\/#primaryimage"},"image":{"@id":"https:\/\/stacatarina.mx\/consejos\/por-que-tenemos-ciertos-suenos-un-estudio-totalmente-italiano-explica-de-donde-vienen-y-como-se-moldean\/#primaryimage"},"thumbnailUrl":"https:\/\/stacatarina.mx\/consejos\/wp-content\/uploads\/2026\/05\/\u00bfPor-que-tenemos-ciertos-suenos-Un-estudio-totalmente-italiano-explica.jpg","datePublished":"2026-05-01T20:52:29+00:00","dateModified":"2026-05-01T20:52:32+00:00","breadcrumb":{"@id":"https:\/\/stacatarina.mx\/consejos\/por-que-tenemos-ciertos-suenos-un-estudio-totalmente-italiano-explica-de-donde-vienen-y-como-se-moldean\/#breadcrumb"},"inLanguage":"es","potentialAction":[{"@type":"ReadAction","target":["https:\/\/stacatarina.mx\/consejos\/por-que-tenemos-ciertos-suenos-un-estudio-totalmente-italiano-explica-de-donde-vienen-y-como-se-moldean\/"]}]},{"@type":"ImageObject","inLanguage":"es","@id":"https:\/\/stacatarina.mx\/consejos\/por-que-tenemos-ciertos-suenos-un-estudio-totalmente-italiano-explica-de-donde-vienen-y-como-se-moldean\/#primaryimage","url":"https:\/\/stacatarina.mx\/consejos\/wp-content\/uploads\/2026\/05\/\u00bfPor-que-tenemos-ciertos-suenos-Un-estudio-totalmente-italiano-explica.jpg","contentUrl":"https:\/\/stacatarina.mx\/consejos\/wp-content\/uploads\/2026\/05\/\u00bfPor-que-tenemos-ciertos-suenos-Un-estudio-totalmente-italiano-explica.jpg","width":1500,"height":1000,"caption":"sogni"},{"@type":"BreadcrumbList","@id":"https:\/\/stacatarina.mx\/consejos\/por-que-tenemos-ciertos-suenos-un-estudio-totalmente-italiano-explica-de-donde-vienen-y-como-se-moldean\/#breadcrumb","itemListElement":[{"@type":"ListItem","position":1,"name":"Inicio","item":"https:\/\/stacatarina.mx\/consejos\/"},{"@type":"ListItem","position":2,"name":"\u00bfPor qu\u00e9 tenemos ciertos sue\u00f1os? Un estudio totalmente italiano explica de d\u00f3nde vienen y c\u00f3mo se moldean"}]},{"@type":"WebSite","@id":"https:\/\/stacatarina.mx\/consejos\/#website","url":"https:\/\/stacatarina.mx\/consejos\/","name":"Santa Catarina","description":"","publisher":{"@id":"https:\/\/stacatarina.mx\/consejos\/#organization"},"potentialAction":[{"@type":"SearchAction","target":{"@type":"EntryPoint","urlTemplate":"https:\/\/stacatarina.mx\/consejos\/?s={search_term_string}"},"query-input":{"@type":"PropertyValueSpecification","valueRequired":true,"valueName":"search_term_string"}}],"inLanguage":"es"},{"@type":"Organization","@id":"https:\/\/stacatarina.mx\/consejos\/#organization","name":"Santa Catarina","url":"https:\/\/stacatarina.mx\/consejos\/","logo":{"@type":"ImageObject","inLanguage":"es","@id":"https:\/\/stacatarina.mx\/consejos\/#\/schema\/logo\/image\/","url":"https:\/\/stacatarina.mx\/consejos\/wp-content\/uploads\/2024\/09\/cropped-favicon-1-1.png","contentUrl":"https:\/\/stacatarina.mx\/consejos\/wp-content\/uploads\/2024\/09\/cropped-favicon-1-1.png","width":512,"height":512,"caption":"Santa Catarina"},"image":{"@id":"https:\/\/stacatarina.mx\/consejos\/#\/schema\/logo\/image\/"},"sameAs":["https:\/\/www.facebook.com\/stacatarinagob\/","https:\/\/x.com\/stacatarinagob","https:\/\/www.instagram.com\/stacatarinagob\/","https:\/\/www.youtube.com\/channel\/UCK-6cQJL_904665N1_nLTWw"]},{"@type":"Person","@id":"https:\/\/stacatarina.mx\/consejos\/#\/schema\/person\/0be60adffa8e4c4d0828fdf021450e8a","name":"Pedro Mart\u00ednez","image":{"@type":"ImageObject","inLanguage":"es","@id":"https:\/\/stacatarina.mx\/consejos\/#\/schema\/person\/image\/","url":"https:\/\/stacatarina.mx\/consejos\/wp-content\/uploads\/2024\/09\/stacatarina.jpg","contentUrl":"https:\/\/stacatarina.mx\/consejos\/wp-content\/uploads\/2024\/09\/stacatarina.jpg","caption":"Pedro Mart\u00ednez"},"description":"Hola, soy Pedro Mart\u00ednez, redactor jefe del sitio oficial del ayuntamiento de Santa Catarina, en M\u00e9xico. Con m\u00e1s de diez a\u00f1os de experiencia en el periodismo local, tengo una pasi\u00f3n por la investigaci\u00f3n y la difusi\u00f3n de informaci\u00f3n que valoriza nuestra hermosa comunidad. Mi compromiso es hacer de Santa Catarina una referencia en materia de transparencia y comunicaci\u00f3n municipal.","sameAs":["https:\/\/stacatarina.mx\/"]}]}},"_links":{"self":[{"href":"https:\/\/stacatarina.mx\/consejos\/wp-json\/wp\/v2\/posts\/9016"}],"collection":[{"href":"https:\/\/stacatarina.mx\/consejos\/wp-json\/wp\/v2\/posts"}],"about":[{"href":"https:\/\/stacatarina.mx\/consejos\/wp-json\/wp\/v2\/types\/post"}],"author":[{"embeddable":true,"href":"https:\/\/stacatarina.mx\/consejos\/wp-json\/wp\/v2\/users\/1"}],"replies":[{"embeddable":true,"href":"https:\/\/stacatarina.mx\/consejos\/wp-json\/wp\/v2\/comments?post=9016"}],"version-history":[{"count":1,"href":"https:\/\/stacatarina.mx\/consejos\/wp-json\/wp\/v2\/posts\/9016\/revisions"}],"predecessor-version":[{"id":9018,"href":"https:\/\/stacatarina.mx\/consejos\/wp-json\/wp\/v2\/posts\/9016\/revisions\/9018"}],"wp:featuredmedia":[{"embeddable":true,"href":"https:\/\/stacatarina.mx\/consejos\/wp-json\/wp\/v2\/media\/9017"}],"wp:attachment":[{"href":"https:\/\/stacatarina.mx\/consejos\/wp-json\/wp\/v2\/media?parent=9016"}],"wp:term":[{"taxonomy":"category","embeddable":true,"href":"https:\/\/stacatarina.mx\/consejos\/wp-json\/wp\/v2\/categories?post=9016"},{"taxonomy":"post_tag","embeddable":true,"href":"https:\/\/stacatarina.mx\/consejos\/wp-json\/wp\/v2\/tags?post=9016"}],"curies":[{"name":"wp","href":"https:\/\/api.w.org\/{rel}","templated":true}]}}