{"id":915,"date":"2024-10-21T11:25:26","date_gmt":"2024-10-21T17:25:26","guid":{"rendered":"https:\/\/stacatarina.mx\/consejos\/badger-trust-pide-al-ministro-de-naturaleza-que-proteja-la-naturaleza\/"},"modified":"2024-10-21T11:25:26","modified_gmt":"2024-10-21T17:25:26","slug":"badger-trust-pide-al-ministro-de-naturaleza-que-proteja-la-naturaleza","status":"publish","type":"post","link":"https:\/\/stacatarina.mx\/consejos\/badger-trust-pide-al-ministro-de-naturaleza-que-proteja-la-naturaleza\/","title":{"rendered":"Badger Trust pide al Ministro de Naturaleza que proteja la naturaleza"},"content":{"rendered":"<div class=\"entry-content\">\n<p><strong>Las cifras suplementarias de sacrificio publicadas muestran casi 28.000 tejones m\u00e1s marcados para el sacrificio, lo que eleva el total de muertes a m\u00e1s de 250.000.<\/strong><strong> <\/strong><\/p>\n<p>Las nuevas cifras vistas hoy a trav\u00e9s de solicitudes de Libertad de Informaci\u00f3n compartidas con Badger Trust muestran que casi 28.000 tejones han sido marcados para su matanza en licencias emitidas bajo el controvertido sacrificio suplementario que comenz\u00f3 el 1 de junio de 2024. El 16 de mayo de 2024, Natural England reautoriz\u00f3 y concedi\u00f3 17 tejones existentes. Licencias suplementarias de control de tejones y nueve nuevas.<\/p>\n<p>Sumar esta cifra a las cifras de matanza esperadas para el sacrificio intensivo de tejones planificado para este oto\u00f1o significa que en 2024 se alcanzar\u00e1 la horrible cifra de un cuarto de mill\u00f3n de tejones sacrificados desde que comenz\u00f3 el sacrificio de tejones en 2013.<\/p>\n<p>Badger Trust ha escrito a la reci\u00e9n nombrada Ministra de Naturaleza, Mary Creagh CBE MP, para proteger la naturaleza y detener este sacrificio de inmediato. Creagh es ministro de Defra, el departamento gubernamental responsable del sacrificio.<\/p>\n<p>Peter Hambly, director ejecutivo de Badger Trust, dijo:<\/p>\n<p>\u201cUn cuarto de mill\u00f3n de tejones asesinados por una enfermedad que se transmite principalmente de ganado a ganado \u2013la tuberculosis bovina\u2013 es el mayor ataque a la naturaleza en Gran Breta\u00f1a en nuestras vidas. A diferencia de Escocia y Gales, Inglaterra se centra injustamente en el tej\u00f3n y lleva a cabo un sacrificio poco \u00e9tico e ineficaz.  <\/p>\n<p>El nuevo gobierno admiti\u00f3 en su programa electoral que el sacrificio es ineficaz, por lo que pedimos al Ministro de Naturaleza que detenga la matanza que est\u00e1 ocurriendo ahora mismo. Esta matanza no deber\u00eda continuar bajo su mandato. <\/p>\n<p>Decenas de miles de tejones est\u00e1n siendo asesinados cuando el gobierno laborista sabe que no funciona. Esta pol\u00edtica no tiene sentido y esta especie nativa ic\u00f3nica y popular debe protegerse ahora\u201d.<\/p>\n<p>Actualmente se est\u00e1n produciendo eventos de extinci\u00f3n local en partes del suroeste de Inglaterra a medida que contin\u00faa la destrucci\u00f3n de la poblaci\u00f3n local de tejones. Esta matanza masiva es una amenaza a la existencia de estos animales nativos protegidos en nuestras \u00e1reas locales. El sacrificio de tejones no s\u00f3lo amenaza la supervivencia de la poblaci\u00f3n de tejones, sino que altera el delicado equilibrio de nuestros ecosistemas, lo que tiene consecuencias devastadoras a largo plazo para los tejones y la naturaleza.  <\/p>\n<p>Badger Trust ha convocado un D\u00eda Nacional de Acci\u00f3n contra el Sacrificio frente al Parlamento el martes 3 de septiembre. Si no puede asistir, le pedimos que programe una cita para ver a su parlamentario reci\u00e9n elegido en su \u00e1rea local esa semana para mostrar su oposici\u00f3n al impopular sacrificio de tejones.<\/p>\n<p><strong>\u00c1reas de control suplementarias autorizadas en 2024 (cifras de Natural England)<\/strong><\/p>\n<figure class=\"wp-block-table\">\n<table class=\"has-fixed-layout\">\n<tbody>\n<tr>\n<td>N\u00famero de \u00e1rea y condado<\/td>\n<td>N\u00famero m\u00ednimo<\/td>\n<td>N\u00famero m\u00e1ximo<\/td>\n<td>A\u00f1o de operaciones<\/td>\n<\/tr>\n<tr>\n<td>\u00c1rea 4 \u2013 Cornualles<\/td>\n<td>131<\/td>\n<td>380<\/td>\n<td>A\u00f1o 5<\/td>\n<\/tr>\n<tr>\n<td>\u00c1rea 5 \u2013 Cornualles<\/td>\n<td>152<\/td>\n<td>461<\/td>\n<td>A\u00f1o 5<\/td>\n<\/tr>\n<tr>\n<td>\u00c1rea 6 \u2013 Devon<\/td>\n<td>294<\/td>\n<td>1173<\/td>\n<td>A\u00f1o 5<\/td>\n<\/tr>\n<tr>\n<td>\u00c1rea 7 \u2013 Devon<\/td>\n<td>145<\/td>\n<td>455<\/td>\n<td>A\u00f1o 5<\/td>\n<\/tr>\n<tr>\n<td>\u00c1rea 8 \u2013 Dorset<\/td>\n<td>475<\/td>\n<td>1685<\/td>\n<td>A\u00f1o 5<\/td>\n<\/tr>\n<tr>\n<td>\u00c1rea 9 \u2013 Glos<\/td>\n<td>219<\/td>\n<td>1118<\/td>\n<td>A\u00f1o 5<\/td>\n<\/tr>\n<tr>\n<td>\u00c1rea 33 \u2013 Avon<\/td>\n<td>74<\/td>\n<td>707<\/td>\n<td>A\u00f1o 2<\/td>\n<\/tr>\n<tr>\n<td>\u00c1rea 34 \u2013 Cheshire<\/td>\n<td>117<\/td>\n<td>1124<\/td>\n<td>A\u00f1o 2<\/td>\n<\/tr>\n<tr>\n<td>\u00c1rea 35 \u2013 Cornualles<\/td>\n<td>263<\/td>\n<td>1897<\/td>\n<td>A\u00f1o 2<\/td>\n<\/tr>\n<tr>\n<td>\u00c1rea 36 \u2013 Staffordshire<\/td>\n<td>100<\/td>\n<td>648<\/td>\n<td>A\u00f1o 2<\/td>\n<\/tr>\n<tr>\n<td>\u00c1rea 37 \u2013 Devon<\/td>\n<td>193<\/td>\n<td>985<\/td>\n<td>A\u00f1o 2<\/td>\n<\/tr>\n<tr>\n<td>\u00c1rea 38 \u2013 Devon<\/td>\n<td>173<\/td>\n<td>1316<\/td>\n<td>A\u00f1o 2<\/td>\n<\/tr>\n<tr>\n<td>\u00c1rea 39 \u2013 Dorset<\/td>\n<td>51<\/td>\n<td>484<\/td>\n<td>A\u00f1o 2<\/td>\n<\/tr>\n<tr>\n<td>\u00c1rea 40 &#8211; Herefordshire<\/td>\n<td>281<\/td>\n<td>1253<\/td>\n<td>A\u00f1o 2<\/td>\n<\/tr>\n<tr>\n<td>\u00c1rea 41 \u2013 Staffordshire<\/td>\n<td>351<\/td>\n<td>809<\/td>\n<td>A\u00f1o 2<\/td>\n<\/tr>\n<tr>\n<td>\u00c1rea 42 \u2013 Wiltshire<\/td>\n<td>19<\/td>\n<td>2550<\/td>\n<td>A\u00f1o 2<\/td>\n<\/tr>\n<tr>\n<td>\u00c1rea 43 \u2013 Wiltshire<\/td>\n<td>64<\/td>\n<td>1005<\/td>\n<td>A\u00f1o 2<\/td>\n<\/tr>\n<tr>\n<td>\u00c1rea 45 &#8211; Derbyshire<\/td>\n<td>425<\/td>\n<td>1675<\/td>\n<td>A\u00f1o 1<\/td>\n<\/tr>\n<tr>\n<td>\u00c1rea 46 \u2013 Glos<\/td>\n<td>54<\/td>\n<td>284<\/td>\n<td>A\u00f1o 1<\/td>\n<\/tr>\n<tr>\n<td>\u00c1rea 47 \u2013 Herefordshire<\/td>\n<td>284<\/td>\n<td>1236<\/td>\n<td>A\u00f1o 1<\/td>\n<\/tr>\n<tr>\n<td>\u00c1rea 48 &#8211; Leicestershire<\/td>\n<td>82<\/td>\n<td>432<\/td>\n<td>A\u00f1o 1<\/td>\n<\/tr>\n<tr>\n<td>\u00c1rea 49 &#8211; Oxfordshire<\/td>\n<td>128<\/td>\n<td>621<\/td>\n<td>A\u00f1o 1<\/td>\n<\/tr>\n<tr>\n<td>\u00c1rea 50 &#8211; Shropshire<\/td>\n<td>256<\/td>\n<td>2382<\/td>\n<td>A\u00f1o 1<\/td>\n<\/tr>\n<tr>\n<td>\u00c1rea 51 \u2013 Voltereta<\/td>\n<td>56<\/td>\n<td>1746<\/td>\n<td>A\u00f1o 1<\/td>\n<\/tr>\n<tr>\n<td>\u00c1rea 52 \u2013 Warwickshire<\/td>\n<td>200<\/td>\n<td>1044<\/td>\n<td>A\u00f1o 1<\/td>\n<\/tr>\n<tr>\n<td>\u00c1rea 53 \u2013 Wiltshire<\/td>\n<td>64<\/td>\n<td>329<\/td>\n<td>A\u00f1o 1<\/td>\n<\/tr>\n<tr>\n<td>Total<\/td>\n<td>4651<\/td>\n<td>27799<\/td>\n<td><\/td>\n<\/tr>\n<\/tbody>\n<\/table>\n<\/figure><\/div>\n","protected":false},"excerpt":{"rendered":"<p>Las cifras suplementarias de sacrificio publicadas muestran casi 28.000 tejones m\u00e1s marcados para el sacrificio, lo que eleva el total de muertes a m\u00e1s de<\/p>\n","protected":false},"author":1,"featured_media":398,"comment_status":"closed","ping_status":"","sticky":false,"template":"","format":"standard","meta":{"footnotes":""},"categories":[68],"tags":[239,1171,245,1170,1172,240],"class_list":["post-915","post","type-post","status-publish","format-standard","has-post-thumbnail","hentry","category-fauna-y-flora","tag-badger","tag-ministro","tag-naturaleza","tag-pide","tag-proteja","tag-trust","generate-columns","tablet-grid-50","mobile-grid-100","grid-parent","grid-50"],"yoast_head":"<!-- This site is optimized with the Yoast SEO plugin v23.4 - https:\/\/yoast.com\/wordpress\/plugins\/seo\/ -->\n<title>Badger Trust pide al Ministro de Naturaleza que proteja la naturaleza - Consejos - Santa Catarina<\/title>\n<meta name=\"robots\" content=\"index, follow, max-snippet:-1, max-image-preview:large, max-video-preview:-1\" \/>\n<link rel=\"canonical\" href=\"https:\/\/stacatarina.mx\/consejos\/badger-trust-pide-al-ministro-de-naturaleza-que-proteja-la-naturaleza\/\" \/>\n<meta property=\"og:locale\" content=\"es_MX\" \/>\n<meta property=\"og:type\" content=\"article\" \/>\n<meta property=\"og:title\" content=\"Badger Trust pide al Ministro de Naturaleza que proteja la naturaleza - Consejos - Santa Catarina\" \/>\n<meta property=\"og:description\" content=\"Las cifras suplementarias de sacrificio publicadas muestran casi 28.000 tejones m\u00e1s marcados para el sacrificio, lo que eleva el total de muertes a m\u00e1s de\" \/>\n<meta property=\"og:url\" content=\"https:\/\/stacatarina.mx\/consejos\/badger-trust-pide-al-ministro-de-naturaleza-que-proteja-la-naturaleza\/\" \/>\n<meta property=\"og:site_name\" content=\"Santa Catarina\" \/>\n<meta property=\"article:publisher\" content=\"https:\/\/www.facebook.com\/stacatarinagob\/\" \/>\n<meta property=\"article:published_time\" content=\"2024-10-21T17:25:26+00:00\" \/>\n<meta property=\"og:image\" content=\"https:\/\/stacatarina.mx\/consejos\/wp-content\/uploads\/2024\/09\/Respuesta-inicial-a-la-declaracion-del-gobierno-sobre-el-plan.jpg\" \/>\n\t<meta property=\"og:image:width\" content=\"900\" \/>\n\t<meta property=\"og:image:height\" content=\"600\" \/>\n\t<meta property=\"og:image:type\" content=\"image\/jpeg\" \/>\n<meta name=\"author\" content=\"Pedro Mart\u00ednez\" \/>\n<meta name=\"twitter:card\" content=\"summary_large_image\" \/>\n<meta name=\"twitter:creator\" content=\"@stacatarinagob\" \/>\n<meta name=\"twitter:site\" content=\"@stacatarinagob\" \/>\n<meta name=\"twitter:label1\" content=\"Escrito por\" \/>\n\t<meta name=\"twitter:data1\" content=\"Pedro Mart\u00ednez\" \/>\n\t<meta name=\"twitter:label2\" content=\"Tiempo de lectura\" \/>\n\t<meta name=\"twitter:data2\" content=\"3 minutos\" \/>\n<script type=\"application\/ld+json\" class=\"yoast-schema-graph\">{\"@context\":\"https:\/\/schema.org\",\"@graph\":[{\"@type\":\"Article\",\"@id\":\"https:\/\/stacatarina.mx\/consejos\/badger-trust-pide-al-ministro-de-naturaleza-que-proteja-la-naturaleza\/#article\",\"isPartOf\":{\"@id\":\"https:\/\/stacatarina.mx\/consejos\/badger-trust-pide-al-ministro-de-naturaleza-que-proteja-la-naturaleza\/\"},\"author\":{\"name\":\"Pedro Mart\u00ednez\",\"@id\":\"https:\/\/stacatarina.mx\/consejos\/#\/schema\/person\/0be60adffa8e4c4d0828fdf021450e8a\"},\"headline\":\"Badger Trust pide al Ministro de Naturaleza que proteja la naturaleza\",\"datePublished\":\"2024-10-21T17:25:26+00:00\",\"dateModified\":\"2024-10-21T17:25:26+00:00\",\"mainEntityOfPage\":{\"@id\":\"https:\/\/stacatarina.mx\/consejos\/badger-trust-pide-al-ministro-de-naturaleza-que-proteja-la-naturaleza\/\"},\"wordCount\":604,\"publisher\":{\"@id\":\"https:\/\/stacatarina.mx\/consejos\/#organization\"},\"image\":{\"@id\":\"https:\/\/stacatarina.mx\/consejos\/badger-trust-pide-al-ministro-de-naturaleza-que-proteja-la-naturaleza\/#primaryimage\"},\"thumbnailUrl\":\"https:\/\/stacatarina.mx\/consejos\/wp-content\/uploads\/2024\/09\/Respuesta-inicial-a-la-declaracion-del-gobierno-sobre-el-plan.jpg\",\"keywords\":[\"Badger\",\"Ministro\",\"naturaleza\",\"pide\",\"proteja\",\"Trust\"],\"articleSection\":[\"Fauna y Flora\"],\"inLanguage\":\"es\"},{\"@type\":\"WebPage\",\"@id\":\"https:\/\/stacatarina.mx\/consejos\/badger-trust-pide-al-ministro-de-naturaleza-que-proteja-la-naturaleza\/\",\"url\":\"https:\/\/stacatarina.mx\/consejos\/badger-trust-pide-al-ministro-de-naturaleza-que-proteja-la-naturaleza\/\",\"name\":\"Badger Trust pide al Ministro de Naturaleza que proteja la naturaleza - Consejos - Santa Catarina\",\"isPartOf\":{\"@id\":\"https:\/\/stacatarina.mx\/consejos\/#website\"},\"primaryImageOfPage\":{\"@id\":\"https:\/\/stacatarina.mx\/consejos\/badger-trust-pide-al-ministro-de-naturaleza-que-proteja-la-naturaleza\/#primaryimage\"},\"image\":{\"@id\":\"https:\/\/stacatarina.mx\/consejos\/badger-trust-pide-al-ministro-de-naturaleza-que-proteja-la-naturaleza\/#primaryimage\"},\"thumbnailUrl\":\"https:\/\/stacatarina.mx\/consejos\/wp-content\/uploads\/2024\/09\/Respuesta-inicial-a-la-declaracion-del-gobierno-sobre-el-plan.jpg\",\"datePublished\":\"2024-10-21T17:25:26+00:00\",\"dateModified\":\"2024-10-21T17:25:26+00:00\",\"breadcrumb\":{\"@id\":\"https:\/\/stacatarina.mx\/consejos\/badger-trust-pide-al-ministro-de-naturaleza-que-proteja-la-naturaleza\/#breadcrumb\"},\"inLanguage\":\"es\",\"potentialAction\":[{\"@type\":\"ReadAction\",\"target\":[\"https:\/\/stacatarina.mx\/consejos\/badger-trust-pide-al-ministro-de-naturaleza-que-proteja-la-naturaleza\/\"]}]},{\"@type\":\"ImageObject\",\"inLanguage\":\"es\",\"@id\":\"https:\/\/stacatarina.mx\/consejos\/badger-trust-pide-al-ministro-de-naturaleza-que-proteja-la-naturaleza\/#primaryimage\",\"url\":\"https:\/\/stacatarina.mx\/consejos\/wp-content\/uploads\/2024\/09\/Respuesta-inicial-a-la-declaracion-del-gobierno-sobre-el-plan.jpg\",\"contentUrl\":\"https:\/\/stacatarina.mx\/consejos\/wp-content\/uploads\/2024\/09\/Respuesta-inicial-a-la-declaracion-del-gobierno-sobre-el-plan.jpg\",\"width\":900,\"height\":600,\"caption\":\"Initial Response to Government Statement on bTB eradication plan from Badger Trust\"},{\"@type\":\"BreadcrumbList\",\"@id\":\"https:\/\/stacatarina.mx\/consejos\/badger-trust-pide-al-ministro-de-naturaleza-que-proteja-la-naturaleza\/#breadcrumb\",\"itemListElement\":[{\"@type\":\"ListItem\",\"position\":1,\"name\":\"Inicio\",\"item\":\"https:\/\/stacatarina.mx\/consejos\/\"},{\"@type\":\"ListItem\",\"position\":2,\"name\":\"Badger Trust pide al Ministro de Naturaleza que proteja la naturaleza\"}]},{\"@type\":\"WebSite\",\"@id\":\"https:\/\/stacatarina.mx\/consejos\/#website\",\"url\":\"https:\/\/stacatarina.mx\/consejos\/\",\"name\":\"Santa Catarina\",\"description\":\"\",\"publisher\":{\"@id\":\"https:\/\/stacatarina.mx\/consejos\/#organization\"},\"potentialAction\":[{\"@type\":\"SearchAction\",\"target\":{\"@type\":\"EntryPoint\",\"urlTemplate\":\"https:\/\/stacatarina.mx\/consejos\/?s={search_term_string}\"},\"query-input\":{\"@type\":\"PropertyValueSpecification\",\"valueRequired\":true,\"valueName\":\"search_term_string\"}}],\"inLanguage\":\"es\"},{\"@type\":\"Organization\",\"@id\":\"https:\/\/stacatarina.mx\/consejos\/#organization\",\"name\":\"Santa Catarina\",\"url\":\"https:\/\/stacatarina.mx\/consejos\/\",\"logo\":{\"@type\":\"ImageObject\",\"inLanguage\":\"es\",\"@id\":\"https:\/\/stacatarina.mx\/consejos\/#\/schema\/logo\/image\/\",\"url\":\"https:\/\/stacatarina.mx\/consejos\/wp-content\/uploads\/2024\/09\/cropped-favicon-1-1.png\",\"contentUrl\":\"https:\/\/stacatarina.mx\/consejos\/wp-content\/uploads\/2024\/09\/cropped-favicon-1-1.png\",\"width\":512,\"height\":512,\"caption\":\"Santa Catarina\"},\"image\":{\"@id\":\"https:\/\/stacatarina.mx\/consejos\/#\/schema\/logo\/image\/\"},\"sameAs\":[\"https:\/\/www.facebook.com\/stacatarinagob\/\",\"https:\/\/x.com\/stacatarinagob\",\"https:\/\/www.instagram.com\/stacatarinagob\/\",\"https:\/\/www.youtube.com\/channel\/UCK-6cQJL_904665N1_nLTWw\"]},{\"@type\":\"Person\",\"@id\":\"https:\/\/stacatarina.mx\/consejos\/#\/schema\/person\/0be60adffa8e4c4d0828fdf021450e8a\",\"name\":\"Pedro Mart\u00ednez\",\"image\":{\"@type\":\"ImageObject\",\"inLanguage\":\"es\",\"@id\":\"https:\/\/stacatarina.mx\/consejos\/#\/schema\/person\/image\/\",\"url\":\"https:\/\/stacatarina.mx\/consejos\/wp-content\/uploads\/2024\/09\/stacatarina.jpg\",\"contentUrl\":\"https:\/\/stacatarina.mx\/consejos\/wp-content\/uploads\/2024\/09\/stacatarina.jpg\",\"caption\":\"Pedro Mart\u00ednez\"},\"description\":\"Hola, soy Pedro Mart\u00ednez, redactor jefe del sitio oficial del ayuntamiento de Santa Catarina, en M\u00e9xico. Con m\u00e1s de diez a\u00f1os de experiencia en el periodismo local, tengo una pasi\u00f3n por la investigaci\u00f3n y la difusi\u00f3n de informaci\u00f3n que valoriza nuestra hermosa comunidad. Mi compromiso es hacer de Santa Catarina una referencia en materia de transparencia y comunicaci\u00f3n municipal.\",\"sameAs\":[\"https:\/\/stacatarina.mx\/\"]}]}<\/script>\n<!-- \/ Yoast SEO plugin. -->","yoast_head_json":{"title":"Badger Trust pide al Ministro de Naturaleza que proteja la naturaleza - Consejos - Santa Catarina","robots":{"index":"index","follow":"follow","max-snippet":"max-snippet:-1","max-image-preview":"max-image-preview:large","max-video-preview":"max-video-preview:-1"},"canonical":"https:\/\/stacatarina.mx\/consejos\/badger-trust-pide-al-ministro-de-naturaleza-que-proteja-la-naturaleza\/","og_locale":"es_MX","og_type":"article","og_title":"Badger Trust pide al Ministro de Naturaleza que proteja la naturaleza - Consejos - Santa Catarina","og_description":"Las cifras suplementarias de sacrificio publicadas muestran casi 28.000 tejones m\u00e1s marcados para el sacrificio, lo que eleva el total de muertes a m\u00e1s de","og_url":"https:\/\/stacatarina.mx\/consejos\/badger-trust-pide-al-ministro-de-naturaleza-que-proteja-la-naturaleza\/","og_site_name":"Santa Catarina","article_publisher":"https:\/\/www.facebook.com\/stacatarinagob\/","article_published_time":"2024-10-21T17:25:26+00:00","og_image":[{"width":900,"height":600,"url":"https:\/\/stacatarina.mx\/consejos\/wp-content\/uploads\/2024\/09\/Respuesta-inicial-a-la-declaracion-del-gobierno-sobre-el-plan.jpg","type":"image\/jpeg"}],"author":"Pedro Mart\u00ednez","twitter_card":"summary_large_image","twitter_creator":"@stacatarinagob","twitter_site":"@stacatarinagob","twitter_misc":{"Escrito por":"Pedro Mart\u00ednez","Tiempo de lectura":"3 minutos"},"schema":{"@context":"https:\/\/schema.org","@graph":[{"@type":"Article","@id":"https:\/\/stacatarina.mx\/consejos\/badger-trust-pide-al-ministro-de-naturaleza-que-proteja-la-naturaleza\/#article","isPartOf":{"@id":"https:\/\/stacatarina.mx\/consejos\/badger-trust-pide-al-ministro-de-naturaleza-que-proteja-la-naturaleza\/"},"author":{"name":"Pedro Mart\u00ednez","@id":"https:\/\/stacatarina.mx\/consejos\/#\/schema\/person\/0be60adffa8e4c4d0828fdf021450e8a"},"headline":"Badger Trust pide al Ministro de Naturaleza que proteja la naturaleza","datePublished":"2024-10-21T17:25:26+00:00","dateModified":"2024-10-21T17:25:26+00:00","mainEntityOfPage":{"@id":"https:\/\/stacatarina.mx\/consejos\/badger-trust-pide-al-ministro-de-naturaleza-que-proteja-la-naturaleza\/"},"wordCount":604,"publisher":{"@id":"https:\/\/stacatarina.mx\/consejos\/#organization"},"image":{"@id":"https:\/\/stacatarina.mx\/consejos\/badger-trust-pide-al-ministro-de-naturaleza-que-proteja-la-naturaleza\/#primaryimage"},"thumbnailUrl":"https:\/\/stacatarina.mx\/consejos\/wp-content\/uploads\/2024\/09\/Respuesta-inicial-a-la-declaracion-del-gobierno-sobre-el-plan.jpg","keywords":["Badger","Ministro","naturaleza","pide","proteja","Trust"],"articleSection":["Fauna y Flora"],"inLanguage":"es"},{"@type":"WebPage","@id":"https:\/\/stacatarina.mx\/consejos\/badger-trust-pide-al-ministro-de-naturaleza-que-proteja-la-naturaleza\/","url":"https:\/\/stacatarina.mx\/consejos\/badger-trust-pide-al-ministro-de-naturaleza-que-proteja-la-naturaleza\/","name":"Badger Trust pide al Ministro de Naturaleza que proteja la naturaleza - Consejos - Santa Catarina","isPartOf":{"@id":"https:\/\/stacatarina.mx\/consejos\/#website"},"primaryImageOfPage":{"@id":"https:\/\/stacatarina.mx\/consejos\/badger-trust-pide-al-ministro-de-naturaleza-que-proteja-la-naturaleza\/#primaryimage"},"image":{"@id":"https:\/\/stacatarina.mx\/consejos\/badger-trust-pide-al-ministro-de-naturaleza-que-proteja-la-naturaleza\/#primaryimage"},"thumbnailUrl":"https:\/\/stacatarina.mx\/consejos\/wp-content\/uploads\/2024\/09\/Respuesta-inicial-a-la-declaracion-del-gobierno-sobre-el-plan.jpg","datePublished":"2024-10-21T17:25:26+00:00","dateModified":"2024-10-21T17:25:26+00:00","breadcrumb":{"@id":"https:\/\/stacatarina.mx\/consejos\/badger-trust-pide-al-ministro-de-naturaleza-que-proteja-la-naturaleza\/#breadcrumb"},"inLanguage":"es","potentialAction":[{"@type":"ReadAction","target":["https:\/\/stacatarina.mx\/consejos\/badger-trust-pide-al-ministro-de-naturaleza-que-proteja-la-naturaleza\/"]}]},{"@type":"ImageObject","inLanguage":"es","@id":"https:\/\/stacatarina.mx\/consejos\/badger-trust-pide-al-ministro-de-naturaleza-que-proteja-la-naturaleza\/#primaryimage","url":"https:\/\/stacatarina.mx\/consejos\/wp-content\/uploads\/2024\/09\/Respuesta-inicial-a-la-declaracion-del-gobierno-sobre-el-plan.jpg","contentUrl":"https:\/\/stacatarina.mx\/consejos\/wp-content\/uploads\/2024\/09\/Respuesta-inicial-a-la-declaracion-del-gobierno-sobre-el-plan.jpg","width":900,"height":600,"caption":"Initial Response to Government Statement on bTB eradication plan from Badger Trust"},{"@type":"BreadcrumbList","@id":"https:\/\/stacatarina.mx\/consejos\/badger-trust-pide-al-ministro-de-naturaleza-que-proteja-la-naturaleza\/#breadcrumb","itemListElement":[{"@type":"ListItem","position":1,"name":"Inicio","item":"https:\/\/stacatarina.mx\/consejos\/"},{"@type":"ListItem","position":2,"name":"Badger Trust pide al Ministro de Naturaleza que proteja la naturaleza"}]},{"@type":"WebSite","@id":"https:\/\/stacatarina.mx\/consejos\/#website","url":"https:\/\/stacatarina.mx\/consejos\/","name":"Santa Catarina","description":"","publisher":{"@id":"https:\/\/stacatarina.mx\/consejos\/#organization"},"potentialAction":[{"@type":"SearchAction","target":{"@type":"EntryPoint","urlTemplate":"https:\/\/stacatarina.mx\/consejos\/?s={search_term_string}"},"query-input":{"@type":"PropertyValueSpecification","valueRequired":true,"valueName":"search_term_string"}}],"inLanguage":"es"},{"@type":"Organization","@id":"https:\/\/stacatarina.mx\/consejos\/#organization","name":"Santa Catarina","url":"https:\/\/stacatarina.mx\/consejos\/","logo":{"@type":"ImageObject","inLanguage":"es","@id":"https:\/\/stacatarina.mx\/consejos\/#\/schema\/logo\/image\/","url":"https:\/\/stacatarina.mx\/consejos\/wp-content\/uploads\/2024\/09\/cropped-favicon-1-1.png","contentUrl":"https:\/\/stacatarina.mx\/consejos\/wp-content\/uploads\/2024\/09\/cropped-favicon-1-1.png","width":512,"height":512,"caption":"Santa Catarina"},"image":{"@id":"https:\/\/stacatarina.mx\/consejos\/#\/schema\/logo\/image\/"},"sameAs":["https:\/\/www.facebook.com\/stacatarinagob\/","https:\/\/x.com\/stacatarinagob","https:\/\/www.instagram.com\/stacatarinagob\/","https:\/\/www.youtube.com\/channel\/UCK-6cQJL_904665N1_nLTWw"]},{"@type":"Person","@id":"https:\/\/stacatarina.mx\/consejos\/#\/schema\/person\/0be60adffa8e4c4d0828fdf021450e8a","name":"Pedro Mart\u00ednez","image":{"@type":"ImageObject","inLanguage":"es","@id":"https:\/\/stacatarina.mx\/consejos\/#\/schema\/person\/image\/","url":"https:\/\/stacatarina.mx\/consejos\/wp-content\/uploads\/2024\/09\/stacatarina.jpg","contentUrl":"https:\/\/stacatarina.mx\/consejos\/wp-content\/uploads\/2024\/09\/stacatarina.jpg","caption":"Pedro Mart\u00ednez"},"description":"Hola, soy Pedro Mart\u00ednez, redactor jefe del sitio oficial del ayuntamiento de Santa Catarina, en M\u00e9xico. Con m\u00e1s de diez a\u00f1os de experiencia en el periodismo local, tengo una pasi\u00f3n por la investigaci\u00f3n y la difusi\u00f3n de informaci\u00f3n que valoriza nuestra hermosa comunidad. Mi compromiso es hacer de Santa Catarina una referencia en materia de transparencia y comunicaci\u00f3n municipal.","sameAs":["https:\/\/stacatarina.mx\/"]}]}},"_links":{"self":[{"href":"https:\/\/stacatarina.mx\/consejos\/wp-json\/wp\/v2\/posts\/915"}],"collection":[{"href":"https:\/\/stacatarina.mx\/consejos\/wp-json\/wp\/v2\/posts"}],"about":[{"href":"https:\/\/stacatarina.mx\/consejos\/wp-json\/wp\/v2\/types\/post"}],"author":[{"embeddable":true,"href":"https:\/\/stacatarina.mx\/consejos\/wp-json\/wp\/v2\/users\/1"}],"replies":[{"embeddable":true,"href":"https:\/\/stacatarina.mx\/consejos\/wp-json\/wp\/v2\/comments?post=915"}],"version-history":[{"count":1,"href":"https:\/\/stacatarina.mx\/consejos\/wp-json\/wp\/v2\/posts\/915\/revisions"}],"predecessor-version":[{"id":916,"href":"https:\/\/stacatarina.mx\/consejos\/wp-json\/wp\/v2\/posts\/915\/revisions\/916"}],"wp:featuredmedia":[{"embeddable":true,"href":"https:\/\/stacatarina.mx\/consejos\/wp-json\/wp\/v2\/media\/398"}],"wp:attachment":[{"href":"https:\/\/stacatarina.mx\/consejos\/wp-json\/wp\/v2\/media?parent=915"}],"wp:term":[{"taxonomy":"category","embeddable":true,"href":"https:\/\/stacatarina.mx\/consejos\/wp-json\/wp\/v2\/categories?post=915"},{"taxonomy":"post_tag","embeddable":true,"href":"https:\/\/stacatarina.mx\/consejos\/wp-json\/wp\/v2\/tags?post=915"}],"curies":[{"name":"wp","href":"https:\/\/api.w.org\/{rel}","templated":true}]}}