{"id":931,"date":"2024-10-22T07:29:36","date_gmt":"2024-10-22T13:29:36","guid":{"rendered":"https:\/\/stacatarina.mx\/consejos\/badger-trust-esta-listo-para-ayudar-al-nuevo-secretario-de-estado-de-defra-steve-reed\/"},"modified":"2024-10-22T07:29:37","modified_gmt":"2024-10-22T13:29:37","slug":"badger-trust-esta-listo-para-ayudar-al-nuevo-secretario-de-estado-de-defra-steve-reed","status":"publish","type":"post","link":"https:\/\/stacatarina.mx\/consejos\/badger-trust-esta-listo-para-ayudar-al-nuevo-secretario-de-estado-de-defra-steve-reed\/","title":{"rendered":"Badger Trust est\u00e1 listo para ayudar al nuevo Secretario de Estado de DEFRA, Steve Reed"},"content":{"rendered":"<div class=\"entry-content\">\n<p><strong>La organizaci\u00f3n ben\u00e9fica nacional de tejones ofrece asistencia y apoyo para cumplir el manifiesto de compromiso laborista de &#8220;poner fin al ineficaz sacrificio de tejones&#8221;.<\/strong><\/p>\n<p>Badger Trust ha escrito al diputado Steve Reed, el nuevo Secretario de Estado de Medio Ambiente, Alimentaci\u00f3n y Asuntos Rurales, ofreci\u00e9ndole trabajar con el Gobierno para poner fin de inmediato al sacrificio de tejones. El Manifiesto Laborista calific\u00f3 el sacrificio de tejones como \u201cineficaz\u201d. Estamos de acuerdo. La tuberculosis bovina es una enfermedad que se transmite principalmente por el ganado, y los tejones son el chivo expiatorio por razones pol\u00edticas. Los tejones no son sacrificados en Gales y Escocia, pero Inglaterra sigue desperdiciando dinero y vidas de tejones en lugar de centrarse en la gesti\u00f3n del reba\u00f1o de ganado.<\/p>\n<h2 class=\"wp-block-heading\">El sacrificio suplementario, el sacrificio intensivo y la consulta de los &#8216;sacrificios interminables&#8217;<\/h2>\n<p>El sacrificio suplementario, ordenado por el \u00faltimo gobierno, comenz\u00f3 el 1 de junio de 2024 y se prolongar\u00e1 hasta enero de 2025. Miles de tejones morir\u00e1n en este sacrificio, aunque Defra a\u00fan no ha revelado cu\u00e1ntas ni qu\u00e9 \u00e1reas exactas se est\u00e1n sacrificando. Esta matanza se lleva a cabo a pesar de que el propio liderazgo cient\u00edfico de Natural England (autoridad de concesi\u00f3n de licencias) aconseja que se detenga, ya que no afectar\u00eda las tasas de tuberculosis bovina en el ganado. Badger Trust y Wild Justice tambi\u00e9n tienen actualmente una carta de acci\u00f3n previa con Defra sobre el sacrificio suplementario y esperamos una respuesta antes del 19 de julio de 2024 antes de decidir los pr\u00f3ximos pasos. <\/p>\n<p>El sacrificio intensivo comenzar\u00e1 a finales de agosto de 2024 y tambi\u00e9n se extender\u00e1 hasta enero de 2025. Una vez m\u00e1s, esto provocar\u00e1 la muerte de miles de tejones. Adem\u00e1s, esperamos el resultado de una reciente consulta sobre el sacrificio de tejones (dirigida por el \u00faltimo gobierno) que ped\u00eda sacrificios interminables de tejones.  <\/p>\n<p>Sin embargo, el gobierno laborista ha admitido que sacrificar tejones es \u201cineficaz\u201d. Estamos de acuerdo y es por eso que le hemos escrito a Steve Reed para detener el sacrificio de inmediato. Se debe poner fin al asesinato y rechazarlo, ya que va en contra de la nueva pol\u00edtica del gobierno.<\/p>\n<h2 class=\"wp-block-heading\">Enfrentando juntos la tuberculosis bovina<\/h2>\n<p>Describimos formas de avanzar en nuestra innovadora publicaci\u00f3n, \u201cTackling bTB Together\u201d, publicada a principios de este a\u00f1o. El futuro est\u00e1 en abordar la enfermedad en el reba\u00f1o. Cient\u00edficos independientes y varios estudios han respaldado este enfoque desde la prueba original de Randomized Badger Cull en 2008-2010.  <\/p>\n<p>Peter Hambly, director ejecutivo de Badger Trust, coment\u00f3: <\/p>\n<p>\u201cEs hora de arreglar las cosas. El manifiesto laborista calific\u00f3 con raz\u00f3n de ineficaz el sacrificio de tejones. Estamos de acuerdo y ahora es el momento de ponerle fin antes de que maten m\u00e1s tejones. Queremos trabajar con este gobierno para que esto suceda de inmediato.  <\/p>\n<p>Nadie deber\u00eda sacrificar a\u00fan m\u00e1s tejones y sus cachorros, que no son m\u00e1s que chivos expiatorios en la implacable propagaci\u00f3n de la tuberculosis bovina de ganado a ganado. El gobierno debe poner fin a la matanza de tejones ahora mismo. Necesitamos dejar de desperdiciar el dinero de los contribuyentes y de los agricultores en este ataque poco \u00e9tico, ineficaz e inhumano a la naturaleza\u201d.<\/p>\n<h2 class=\"wp-block-heading\">\u00bfQu\u00e9 sigue para los tejones y el sacrificio?<\/h2>\n<p>Badger Trust ha planeado una <strong>Poner fin al d\u00eda de acci\u00f3n del sacrificio de tejones <\/strong>para<strong> 3 de septiembre de 2024 en Londres<\/strong>. Nos uniremos a otros para presentar decenas de miles de firmas contra el sacrificio de tejones en DEFRA. Tambi\u00e9n tendr\u00e1 lugar un lobby masivo de nuevos diputados y una manifestaci\u00f3n pac\u00edfica frente al Parlamento. <\/p>\n<p>Badger Trust espera que este d\u00eda no sea necesario y que el sacrificio finalice para esa fecha. La organizaci\u00f3n ben\u00e9fica est\u00e1 dispuesta a ayudar al gobierno en todo lo que pueda para alcanzar este objetivo compartido.<\/p>\n<\/p><\/div>\n","protected":false},"excerpt":{"rendered":"<p>La organizaci\u00f3n ben\u00e9fica nacional de tejones ofrece asistencia y apoyo para cumplir el manifiesto de compromiso laborista de &#8220;poner fin al ineficaz sacrificio de tejones&#8221;.<\/p>\n","protected":false},"author":1,"featured_media":416,"comment_status":"closed","ping_status":"","sticky":false,"template":"","format":"standard","meta":{"footnotes":""},"categories":[68],"tags":[956,239,1201,110,1200,221,218,29,1203,1199,1202,240],"class_list":["post-931","post","type-post","status-publish","format-standard","has-post-thumbnail","hentry","category-fauna-y-flora","tag-ayudar","tag-badger","tag-defra","tag-esta","tag-estado","tag-listo","tag-nuevo","tag-para","tag-reed","tag-secretario","tag-steve","tag-trust","generate-columns","tablet-grid-50","mobile-grid-100","grid-parent","grid-50"],"yoast_head":"<!-- This site is optimized with the Yoast SEO plugin v23.4 - https:\/\/yoast.com\/wordpress\/plugins\/seo\/ -->\n<title>Badger Trust est\u00e1 listo para ayudar al nuevo Secretario de Estado de DEFRA, Steve Reed - Consejos - Santa Catarina<\/title>\n<meta name=\"robots\" content=\"index, follow, max-snippet:-1, max-image-preview:large, max-video-preview:-1\" \/>\n<link rel=\"canonical\" href=\"https:\/\/stacatarina.mx\/consejos\/badger-trust-esta-listo-para-ayudar-al-nuevo-secretario-de-estado-de-defra-steve-reed\/\" \/>\n<meta property=\"og:locale\" content=\"es_MX\" \/>\n<meta property=\"og:type\" content=\"article\" \/>\n<meta property=\"og:title\" content=\"Badger Trust est\u00e1 listo para ayudar al nuevo Secretario de Estado de DEFRA, Steve Reed - Consejos - Santa Catarina\" \/>\n<meta property=\"og:description\" content=\"La organizaci\u00f3n ben\u00e9fica nacional de tejones ofrece asistencia y apoyo para cumplir el manifiesto de compromiso laborista de &#8220;poner fin al ineficaz sacrificio de tejones&#8221;.\" \/>\n<meta property=\"og:url\" content=\"https:\/\/stacatarina.mx\/consejos\/badger-trust-esta-listo-para-ayudar-al-nuevo-secretario-de-estado-de-defra-steve-reed\/\" \/>\n<meta property=\"og:site_name\" content=\"Santa Catarina\" \/>\n<meta property=\"article:publisher\" content=\"https:\/\/www.facebook.com\/stacatarinagob\/\" \/>\n<meta property=\"article:published_time\" content=\"2024-10-22T13:29:36+00:00\" \/>\n<meta property=\"article:modified_time\" content=\"2024-10-22T13:29:37+00:00\" \/>\n<meta property=\"og:image\" content=\"https:\/\/stacatarina.mx\/consejos\/wp-content\/uploads\/2024\/09\/INFORMACION-SOBRE-LA-MANIFESTACION-PARA-PONER-FIN-A-LA-MATANZA.jpg\" \/>\n\t<meta property=\"og:image:width\" content=\"900\" \/>\n\t<meta property=\"og:image:height\" content=\"600\" \/>\n\t<meta property=\"og:image:type\" content=\"image\/jpeg\" \/>\n<meta name=\"author\" content=\"Pedro Mart\u00ednez\" \/>\n<meta name=\"twitter:card\" content=\"summary_large_image\" \/>\n<meta name=\"twitter:creator\" content=\"@stacatarinagob\" \/>\n<meta name=\"twitter:site\" content=\"@stacatarinagob\" \/>\n<meta name=\"twitter:label1\" content=\"Escrito por\" \/>\n\t<meta name=\"twitter:data1\" content=\"Pedro Mart\u00ednez\" \/>\n\t<meta name=\"twitter:label2\" content=\"Tiempo de lectura\" \/>\n\t<meta name=\"twitter:data2\" content=\"3 minutos\" \/>\n<script type=\"application\/ld+json\" class=\"yoast-schema-graph\">{\"@context\":\"https:\/\/schema.org\",\"@graph\":[{\"@type\":\"Article\",\"@id\":\"https:\/\/stacatarina.mx\/consejos\/badger-trust-esta-listo-para-ayudar-al-nuevo-secretario-de-estado-de-defra-steve-reed\/#article\",\"isPartOf\":{\"@id\":\"https:\/\/stacatarina.mx\/consejos\/badger-trust-esta-listo-para-ayudar-al-nuevo-secretario-de-estado-de-defra-steve-reed\/\"},\"author\":{\"name\":\"Pedro Mart\u00ednez\",\"@id\":\"https:\/\/stacatarina.mx\/consejos\/#\/schema\/person\/0be60adffa8e4c4d0828fdf021450e8a\"},\"headline\":\"Badger Trust est\u00e1 listo para ayudar al nuevo Secretario de Estado de DEFRA, Steve Reed\",\"datePublished\":\"2024-10-22T13:29:36+00:00\",\"dateModified\":\"2024-10-22T13:29:37+00:00\",\"mainEntityOfPage\":{\"@id\":\"https:\/\/stacatarina.mx\/consejos\/badger-trust-esta-listo-para-ayudar-al-nuevo-secretario-de-estado-de-defra-steve-reed\/\"},\"wordCount\":675,\"publisher\":{\"@id\":\"https:\/\/stacatarina.mx\/consejos\/#organization\"},\"image\":{\"@id\":\"https:\/\/stacatarina.mx\/consejos\/badger-trust-esta-listo-para-ayudar-al-nuevo-secretario-de-estado-de-defra-steve-reed\/#primaryimage\"},\"thumbnailUrl\":\"https:\/\/stacatarina.mx\/consejos\/wp-content\/uploads\/2024\/09\/INFORMACION-SOBRE-LA-MANIFESTACION-PARA-PONER-FIN-A-LA-MATANZA.jpg\",\"keywords\":[\"ayudar\",\"Badger\",\"DEFRA\",\"esta\",\"Estado\",\"listo\",\"nuevo\",\"para\",\"Reed\",\"Secretario\",\"Steve\",\"Trust\"],\"articleSection\":[\"Fauna y Flora\"],\"inLanguage\":\"es\"},{\"@type\":\"WebPage\",\"@id\":\"https:\/\/stacatarina.mx\/consejos\/badger-trust-esta-listo-para-ayudar-al-nuevo-secretario-de-estado-de-defra-steve-reed\/\",\"url\":\"https:\/\/stacatarina.mx\/consejos\/badger-trust-esta-listo-para-ayudar-al-nuevo-secretario-de-estado-de-defra-steve-reed\/\",\"name\":\"Badger Trust est\u00e1 listo para ayudar al nuevo Secretario de Estado de DEFRA, Steve Reed - Consejos - Santa Catarina\",\"isPartOf\":{\"@id\":\"https:\/\/stacatarina.mx\/consejos\/#website\"},\"primaryImageOfPage\":{\"@id\":\"https:\/\/stacatarina.mx\/consejos\/badger-trust-esta-listo-para-ayudar-al-nuevo-secretario-de-estado-de-defra-steve-reed\/#primaryimage\"},\"image\":{\"@id\":\"https:\/\/stacatarina.mx\/consejos\/badger-trust-esta-listo-para-ayudar-al-nuevo-secretario-de-estado-de-defra-steve-reed\/#primaryimage\"},\"thumbnailUrl\":\"https:\/\/stacatarina.mx\/consejos\/wp-content\/uploads\/2024\/09\/INFORMACION-SOBRE-LA-MANIFESTACION-PARA-PONER-FIN-A-LA-MATANZA.jpg\",\"datePublished\":\"2024-10-22T13:29:36+00:00\",\"dateModified\":\"2024-10-22T13:29:37+00:00\",\"breadcrumb\":{\"@id\":\"https:\/\/stacatarina.mx\/consejos\/badger-trust-esta-listo-para-ayudar-al-nuevo-secretario-de-estado-de-defra-steve-reed\/#breadcrumb\"},\"inLanguage\":\"es\",\"potentialAction\":[{\"@type\":\"ReadAction\",\"target\":[\"https:\/\/stacatarina.mx\/consejos\/badger-trust-esta-listo-para-ayudar-al-nuevo-secretario-de-estado-de-defra-steve-reed\/\"]}]},{\"@type\":\"ImageObject\",\"inLanguage\":\"es\",\"@id\":\"https:\/\/stacatarina.mx\/consejos\/badger-trust-esta-listo-para-ayudar-al-nuevo-secretario-de-estado-de-defra-steve-reed\/#primaryimage\",\"url\":\"https:\/\/stacatarina.mx\/consejos\/wp-content\/uploads\/2024\/09\/INFORMACION-SOBRE-LA-MANIFESTACION-PARA-PONER-FIN-A-LA-MATANZA.jpg\",\"contentUrl\":\"https:\/\/stacatarina.mx\/consejos\/wp-content\/uploads\/2024\/09\/INFORMACION-SOBRE-LA-MANIFESTACION-PARA-PONER-FIN-A-LA-MATANZA.jpg\",\"width\":900,\"height\":600,\"caption\":\"National Day of Action Against the Badger Cull called for Tuesday, 3 September 2024\"},{\"@type\":\"BreadcrumbList\",\"@id\":\"https:\/\/stacatarina.mx\/consejos\/badger-trust-esta-listo-para-ayudar-al-nuevo-secretario-de-estado-de-defra-steve-reed\/#breadcrumb\",\"itemListElement\":[{\"@type\":\"ListItem\",\"position\":1,\"name\":\"Inicio\",\"item\":\"https:\/\/stacatarina.mx\/consejos\/\"},{\"@type\":\"ListItem\",\"position\":2,\"name\":\"Badger Trust est\u00e1 listo para ayudar al nuevo Secretario de Estado de DEFRA, Steve Reed\"}]},{\"@type\":\"WebSite\",\"@id\":\"https:\/\/stacatarina.mx\/consejos\/#website\",\"url\":\"https:\/\/stacatarina.mx\/consejos\/\",\"name\":\"Santa Catarina\",\"description\":\"\",\"publisher\":{\"@id\":\"https:\/\/stacatarina.mx\/consejos\/#organization\"},\"potentialAction\":[{\"@type\":\"SearchAction\",\"target\":{\"@type\":\"EntryPoint\",\"urlTemplate\":\"https:\/\/stacatarina.mx\/consejos\/?s={search_term_string}\"},\"query-input\":{\"@type\":\"PropertyValueSpecification\",\"valueRequired\":true,\"valueName\":\"search_term_string\"}}],\"inLanguage\":\"es\"},{\"@type\":\"Organization\",\"@id\":\"https:\/\/stacatarina.mx\/consejos\/#organization\",\"name\":\"Santa Catarina\",\"url\":\"https:\/\/stacatarina.mx\/consejos\/\",\"logo\":{\"@type\":\"ImageObject\",\"inLanguage\":\"es\",\"@id\":\"https:\/\/stacatarina.mx\/consejos\/#\/schema\/logo\/image\/\",\"url\":\"https:\/\/stacatarina.mx\/consejos\/wp-content\/uploads\/2024\/09\/cropped-favicon-1-1.png\",\"contentUrl\":\"https:\/\/stacatarina.mx\/consejos\/wp-content\/uploads\/2024\/09\/cropped-favicon-1-1.png\",\"width\":512,\"height\":512,\"caption\":\"Santa Catarina\"},\"image\":{\"@id\":\"https:\/\/stacatarina.mx\/consejos\/#\/schema\/logo\/image\/\"},\"sameAs\":[\"https:\/\/www.facebook.com\/stacatarinagob\/\",\"https:\/\/x.com\/stacatarinagob\",\"https:\/\/www.instagram.com\/stacatarinagob\/\",\"https:\/\/www.youtube.com\/channel\/UCK-6cQJL_904665N1_nLTWw\"]},{\"@type\":\"Person\",\"@id\":\"https:\/\/stacatarina.mx\/consejos\/#\/schema\/person\/0be60adffa8e4c4d0828fdf021450e8a\",\"name\":\"Pedro Mart\u00ednez\",\"image\":{\"@type\":\"ImageObject\",\"inLanguage\":\"es\",\"@id\":\"https:\/\/stacatarina.mx\/consejos\/#\/schema\/person\/image\/\",\"url\":\"https:\/\/stacatarina.mx\/consejos\/wp-content\/uploads\/2024\/09\/stacatarina.jpg\",\"contentUrl\":\"https:\/\/stacatarina.mx\/consejos\/wp-content\/uploads\/2024\/09\/stacatarina.jpg\",\"caption\":\"Pedro Mart\u00ednez\"},\"description\":\"Hola, soy Pedro Mart\u00ednez, redactor jefe del sitio oficial del ayuntamiento de Santa Catarina, en M\u00e9xico. Con m\u00e1s de diez a\u00f1os de experiencia en el periodismo local, tengo una pasi\u00f3n por la investigaci\u00f3n y la difusi\u00f3n de informaci\u00f3n que valoriza nuestra hermosa comunidad. Mi compromiso es hacer de Santa Catarina una referencia en materia de transparencia y comunicaci\u00f3n municipal.\",\"sameAs\":[\"https:\/\/stacatarina.mx\/\"]}]}<\/script>\n<!-- \/ Yoast SEO plugin. -->","yoast_head_json":{"title":"Badger Trust est\u00e1 listo para ayudar al nuevo Secretario de Estado de DEFRA, Steve Reed - Consejos - Santa Catarina","robots":{"index":"index","follow":"follow","max-snippet":"max-snippet:-1","max-image-preview":"max-image-preview:large","max-video-preview":"max-video-preview:-1"},"canonical":"https:\/\/stacatarina.mx\/consejos\/badger-trust-esta-listo-para-ayudar-al-nuevo-secretario-de-estado-de-defra-steve-reed\/","og_locale":"es_MX","og_type":"article","og_title":"Badger Trust est\u00e1 listo para ayudar al nuevo Secretario de Estado de DEFRA, Steve Reed - Consejos - Santa Catarina","og_description":"La organizaci\u00f3n ben\u00e9fica nacional de tejones ofrece asistencia y apoyo para cumplir el manifiesto de compromiso laborista de &#8220;poner fin al ineficaz sacrificio de tejones&#8221;.","og_url":"https:\/\/stacatarina.mx\/consejos\/badger-trust-esta-listo-para-ayudar-al-nuevo-secretario-de-estado-de-defra-steve-reed\/","og_site_name":"Santa Catarina","article_publisher":"https:\/\/www.facebook.com\/stacatarinagob\/","article_published_time":"2024-10-22T13:29:36+00:00","article_modified_time":"2024-10-22T13:29:37+00:00","og_image":[{"width":900,"height":600,"url":"https:\/\/stacatarina.mx\/consejos\/wp-content\/uploads\/2024\/09\/INFORMACION-SOBRE-LA-MANIFESTACION-PARA-PONER-FIN-A-LA-MATANZA.jpg","type":"image\/jpeg"}],"author":"Pedro Mart\u00ednez","twitter_card":"summary_large_image","twitter_creator":"@stacatarinagob","twitter_site":"@stacatarinagob","twitter_misc":{"Escrito por":"Pedro Mart\u00ednez","Tiempo de lectura":"3 minutos"},"schema":{"@context":"https:\/\/schema.org","@graph":[{"@type":"Article","@id":"https:\/\/stacatarina.mx\/consejos\/badger-trust-esta-listo-para-ayudar-al-nuevo-secretario-de-estado-de-defra-steve-reed\/#article","isPartOf":{"@id":"https:\/\/stacatarina.mx\/consejos\/badger-trust-esta-listo-para-ayudar-al-nuevo-secretario-de-estado-de-defra-steve-reed\/"},"author":{"name":"Pedro Mart\u00ednez","@id":"https:\/\/stacatarina.mx\/consejos\/#\/schema\/person\/0be60adffa8e4c4d0828fdf021450e8a"},"headline":"Badger Trust est\u00e1 listo para ayudar al nuevo Secretario de Estado de DEFRA, Steve Reed","datePublished":"2024-10-22T13:29:36+00:00","dateModified":"2024-10-22T13:29:37+00:00","mainEntityOfPage":{"@id":"https:\/\/stacatarina.mx\/consejos\/badger-trust-esta-listo-para-ayudar-al-nuevo-secretario-de-estado-de-defra-steve-reed\/"},"wordCount":675,"publisher":{"@id":"https:\/\/stacatarina.mx\/consejos\/#organization"},"image":{"@id":"https:\/\/stacatarina.mx\/consejos\/badger-trust-esta-listo-para-ayudar-al-nuevo-secretario-de-estado-de-defra-steve-reed\/#primaryimage"},"thumbnailUrl":"https:\/\/stacatarina.mx\/consejos\/wp-content\/uploads\/2024\/09\/INFORMACION-SOBRE-LA-MANIFESTACION-PARA-PONER-FIN-A-LA-MATANZA.jpg","keywords":["ayudar","Badger","DEFRA","esta","Estado","listo","nuevo","para","Reed","Secretario","Steve","Trust"],"articleSection":["Fauna y Flora"],"inLanguage":"es"},{"@type":"WebPage","@id":"https:\/\/stacatarina.mx\/consejos\/badger-trust-esta-listo-para-ayudar-al-nuevo-secretario-de-estado-de-defra-steve-reed\/","url":"https:\/\/stacatarina.mx\/consejos\/badger-trust-esta-listo-para-ayudar-al-nuevo-secretario-de-estado-de-defra-steve-reed\/","name":"Badger Trust est\u00e1 listo para ayudar al nuevo Secretario de Estado de DEFRA, Steve Reed - Consejos - Santa Catarina","isPartOf":{"@id":"https:\/\/stacatarina.mx\/consejos\/#website"},"primaryImageOfPage":{"@id":"https:\/\/stacatarina.mx\/consejos\/badger-trust-esta-listo-para-ayudar-al-nuevo-secretario-de-estado-de-defra-steve-reed\/#primaryimage"},"image":{"@id":"https:\/\/stacatarina.mx\/consejos\/badger-trust-esta-listo-para-ayudar-al-nuevo-secretario-de-estado-de-defra-steve-reed\/#primaryimage"},"thumbnailUrl":"https:\/\/stacatarina.mx\/consejos\/wp-content\/uploads\/2024\/09\/INFORMACION-SOBRE-LA-MANIFESTACION-PARA-PONER-FIN-A-LA-MATANZA.jpg","datePublished":"2024-10-22T13:29:36+00:00","dateModified":"2024-10-22T13:29:37+00:00","breadcrumb":{"@id":"https:\/\/stacatarina.mx\/consejos\/badger-trust-esta-listo-para-ayudar-al-nuevo-secretario-de-estado-de-defra-steve-reed\/#breadcrumb"},"inLanguage":"es","potentialAction":[{"@type":"ReadAction","target":["https:\/\/stacatarina.mx\/consejos\/badger-trust-esta-listo-para-ayudar-al-nuevo-secretario-de-estado-de-defra-steve-reed\/"]}]},{"@type":"ImageObject","inLanguage":"es","@id":"https:\/\/stacatarina.mx\/consejos\/badger-trust-esta-listo-para-ayudar-al-nuevo-secretario-de-estado-de-defra-steve-reed\/#primaryimage","url":"https:\/\/stacatarina.mx\/consejos\/wp-content\/uploads\/2024\/09\/INFORMACION-SOBRE-LA-MANIFESTACION-PARA-PONER-FIN-A-LA-MATANZA.jpg","contentUrl":"https:\/\/stacatarina.mx\/consejos\/wp-content\/uploads\/2024\/09\/INFORMACION-SOBRE-LA-MANIFESTACION-PARA-PONER-FIN-A-LA-MATANZA.jpg","width":900,"height":600,"caption":"National Day of Action Against the Badger Cull called for Tuesday, 3 September 2024"},{"@type":"BreadcrumbList","@id":"https:\/\/stacatarina.mx\/consejos\/badger-trust-esta-listo-para-ayudar-al-nuevo-secretario-de-estado-de-defra-steve-reed\/#breadcrumb","itemListElement":[{"@type":"ListItem","position":1,"name":"Inicio","item":"https:\/\/stacatarina.mx\/consejos\/"},{"@type":"ListItem","position":2,"name":"Badger Trust est\u00e1 listo para ayudar al nuevo Secretario de Estado de DEFRA, Steve Reed"}]},{"@type":"WebSite","@id":"https:\/\/stacatarina.mx\/consejos\/#website","url":"https:\/\/stacatarina.mx\/consejos\/","name":"Santa Catarina","description":"","publisher":{"@id":"https:\/\/stacatarina.mx\/consejos\/#organization"},"potentialAction":[{"@type":"SearchAction","target":{"@type":"EntryPoint","urlTemplate":"https:\/\/stacatarina.mx\/consejos\/?s={search_term_string}"},"query-input":{"@type":"PropertyValueSpecification","valueRequired":true,"valueName":"search_term_string"}}],"inLanguage":"es"},{"@type":"Organization","@id":"https:\/\/stacatarina.mx\/consejos\/#organization","name":"Santa Catarina","url":"https:\/\/stacatarina.mx\/consejos\/","logo":{"@type":"ImageObject","inLanguage":"es","@id":"https:\/\/stacatarina.mx\/consejos\/#\/schema\/logo\/image\/","url":"https:\/\/stacatarina.mx\/consejos\/wp-content\/uploads\/2024\/09\/cropped-favicon-1-1.png","contentUrl":"https:\/\/stacatarina.mx\/consejos\/wp-content\/uploads\/2024\/09\/cropped-favicon-1-1.png","width":512,"height":512,"caption":"Santa Catarina"},"image":{"@id":"https:\/\/stacatarina.mx\/consejos\/#\/schema\/logo\/image\/"},"sameAs":["https:\/\/www.facebook.com\/stacatarinagob\/","https:\/\/x.com\/stacatarinagob","https:\/\/www.instagram.com\/stacatarinagob\/","https:\/\/www.youtube.com\/channel\/UCK-6cQJL_904665N1_nLTWw"]},{"@type":"Person","@id":"https:\/\/stacatarina.mx\/consejos\/#\/schema\/person\/0be60adffa8e4c4d0828fdf021450e8a","name":"Pedro Mart\u00ednez","image":{"@type":"ImageObject","inLanguage":"es","@id":"https:\/\/stacatarina.mx\/consejos\/#\/schema\/person\/image\/","url":"https:\/\/stacatarina.mx\/consejos\/wp-content\/uploads\/2024\/09\/stacatarina.jpg","contentUrl":"https:\/\/stacatarina.mx\/consejos\/wp-content\/uploads\/2024\/09\/stacatarina.jpg","caption":"Pedro Mart\u00ednez"},"description":"Hola, soy Pedro Mart\u00ednez, redactor jefe del sitio oficial del ayuntamiento de Santa Catarina, en M\u00e9xico. Con m\u00e1s de diez a\u00f1os de experiencia en el periodismo local, tengo una pasi\u00f3n por la investigaci\u00f3n y la difusi\u00f3n de informaci\u00f3n que valoriza nuestra hermosa comunidad. Mi compromiso es hacer de Santa Catarina una referencia en materia de transparencia y comunicaci\u00f3n municipal.","sameAs":["https:\/\/stacatarina.mx\/"]}]}},"_links":{"self":[{"href":"https:\/\/stacatarina.mx\/consejos\/wp-json\/wp\/v2\/posts\/931"}],"collection":[{"href":"https:\/\/stacatarina.mx\/consejos\/wp-json\/wp\/v2\/posts"}],"about":[{"href":"https:\/\/stacatarina.mx\/consejos\/wp-json\/wp\/v2\/types\/post"}],"author":[{"embeddable":true,"href":"https:\/\/stacatarina.mx\/consejos\/wp-json\/wp\/v2\/users\/1"}],"replies":[{"embeddable":true,"href":"https:\/\/stacatarina.mx\/consejos\/wp-json\/wp\/v2\/comments?post=931"}],"version-history":[{"count":1,"href":"https:\/\/stacatarina.mx\/consejos\/wp-json\/wp\/v2\/posts\/931\/revisions"}],"predecessor-version":[{"id":932,"href":"https:\/\/stacatarina.mx\/consejos\/wp-json\/wp\/v2\/posts\/931\/revisions\/932"}],"wp:featuredmedia":[{"embeddable":true,"href":"https:\/\/stacatarina.mx\/consejos\/wp-json\/wp\/v2\/media\/416"}],"wp:attachment":[{"href":"https:\/\/stacatarina.mx\/consejos\/wp-json\/wp\/v2\/media?parent=931"}],"wp:term":[{"taxonomy":"category","embeddable":true,"href":"https:\/\/stacatarina.mx\/consejos\/wp-json\/wp\/v2\/categories?post=931"},{"taxonomy":"post_tag","embeddable":true,"href":"https:\/\/stacatarina.mx\/consejos\/wp-json\/wp\/v2\/tags?post=931"}],"curies":[{"name":"wp","href":"https:\/\/api.w.org\/{rel}","templated":true}]}}