{"id":958,"date":"2024-10-23T03:28:46","date_gmt":"2024-10-23T09:28:46","guid":{"rendered":"https:\/\/stacatarina.mx\/consejos\/apoyando-al-fondo-de-conservacion-de-galapagos-en-la-proteccion-de-los-albatros-resultados-un-ano-despues\/"},"modified":"2024-10-23T03:28:47","modified_gmt":"2024-10-23T09:28:47","slug":"apoyando-al-fondo-de-conservacion-de-galapagos-en-la-proteccion-de-los-albatros-resultados-un-ano-despues","status":"publish","type":"post","link":"https:\/\/stacatarina.mx\/consejos\/apoyando-al-fondo-de-conservacion-de-galapagos-en-la-proteccion-de-los-albatros-resultados-un-ano-despues\/","title":{"rendered":"Apoyando al Fondo de Conservaci\u00f3n de Gal\u00e1pagos en la protecci\u00f3n de los albatros: resultados, un a\u00f1o despu\u00e9s."},"content":{"rendered":"<div class=\"entry-content\">\n<p>Imag\u00ednese un para\u00edso soleado en el Oc\u00e9ano Pac\u00edfico llamado Islas Gal\u00e1pagos, donde animales frescos como los albatros deambulan libremente. Pero hay un problema no tan interesante al acecho: la contaminaci\u00f3n pl\u00e1stica.<\/p>\n<p>En el \u00e1mbito de la conservaci\u00f3n de Gal\u00e1pagos, <strong>Fundaci\u00f3n Mundial para la Sostenibilidad (FSM)<\/strong> ofrecido <strong>Fideicomiso para la Conservaci\u00f3n de Gal\u00e1pagos (GCT<\/strong>) su apoyo a la acuciante cuesti\u00f3n de la contaminaci\u00f3n por pl\u00e1sticos, en particular en lo que respecta a la protecci\u00f3n del albatros ondulado y otras especies end\u00e9micas. Este esfuerzo colaborativo, desde 2022, ha producido avances en la batalla en curso para salvaguardar la diversidad ecol\u00f3gica de Gal\u00e1pagos.<\/p>\n<p>El <strong>albatros<\/strong>con su impresionante envergadura de hasta dos metros y medio, se erige como una piedra angular del ecosistema de Gal\u00e1pagos. Sin embargo, la supervivencia de estas majestuosas aves se ve amenazada por diversas actividades humanas, incluidas pr\u00e1cticas pesqueras perjudiciales como el palangre, incluso dentro de los l\u00edmites del <strong>Reserva Marina de Gal\u00e1pagos<\/strong>. Adem\u00e1s, los albatros enfrentan amenazas de contaminaci\u00f3n marina, derrames de petr\u00f3leo y capturas selectivas para consumo y plumaje.<\/p>\n<p>En respuesta a estos complejos desaf\u00edos, Galapagos Conservation Trust ha liderado varias iniciativas de conservaci\u00f3n, colaborando con comunidades locales, cient\u00edficos y organizaciones de todo el archipi\u00e9lago. La contribuci\u00f3n del FSM apoy\u00f3 la iniciativa, particularmente en la realizaci\u00f3n de an\u00e1lisis para comprender el impacto de la contaminaci\u00f3n pl\u00e1stica.<\/p>\n<p>A trav\u00e9s de la asociaci\u00f3n entre el FSM y el GCT, <strong>Se han canalizado recursos y fondos para el examen de los desechos pl\u00e1sticos recuperados de las playas de Gal\u00e1pagos.<\/strong>. Esta investigaci\u00f3n tiene como objetivo identificar las fuentes de contaminaci\u00f3n y evaluar los riesgos que representan para los albatros y otras especies marinas. Los conocimientos adquiridos a partir de este an\u00e1lisis, consolidados en una base de datos integral, se han compartido con la administraci\u00f3n del Parque Nacional Gal\u00e1pagos, contribuyendo a la iniciativa Gal\u00e1pagos Libres de Contaminaci\u00f3n Pl\u00e1stica liderada por GCT.<\/p>\n<p>La meticulosa clasificaci\u00f3n de <strong>M\u00e1s de 2.000 art\u00edculos de pl\u00e1stico recogidos.<\/strong> de las playas de Gal\u00e1pagos ha mejorado significativamente nuestra comprensi\u00f3n de las fuentes primarias de contaminaci\u00f3n y las principales amenazas a los albatros y otras especies marinas. El apoyo del FSM tambi\u00e9n permiti\u00f3 el empleo de Jen Guy en Gal\u00e1pagos Conservation Trust como pasante de investigaci\u00f3n, cuyo an\u00e1lisis de pl\u00e1sticos a partir de estudios con drones proporcion\u00f3 datos invaluables sobre la distribuci\u00f3n de desechos pl\u00e1sticos en las playas de Gal\u00e1pagos que antes no hab\u00edan sido examinados para determinar su contaminaci\u00f3n.<\/p>\n<p>Estos hallazgos, junto con una investigaci\u00f3n m\u00e1s amplia realizada bajo <strong>Gal\u00e1pagos libres de contaminaci\u00f3n pl\u00e1stica de GCT<\/strong> programa, se incorporar\u00e1 en un pr\u00f3ximo informe cuya publicaci\u00f3n est\u00e1 prevista para 2024. Entre los hallazgos preliminares destacados en este informe se encuentran casos de enredos o <strong>la ingesti\u00f3n de pl\u00e1stico por parte de 52 especies, incluidas 20 end\u00e9micas de Gal\u00e1pagos, y la detecci\u00f3n de m\u00e1s de 2.500 micropl\u00e1sticos por metro cuadrado<\/strong> en las playas m\u00e1s contaminadas;   <strong>El 69% de los art\u00edculos de pl\u00e1stico que se encuentran en las costas de Gal\u00e1pagos son art\u00edculos de un solo uso<\/strong>y un tercio de esos art\u00edculos est\u00e1n vinculados a bebidas. Un tercio de las botellas que se encuentran en las playas son botellas de agua; Es probable que m\u00e1s del 95% del pl\u00e1stico que se encuentra en las costas de Gal\u00e1pagos provenga de fuera de la Reserva Marina de Gal\u00e1pagos.  <\/p>\n<p>Mientras enfrentamos la creciente amenaza de la contaminaci\u00f3n pl\u00e1stica, la dedicaci\u00f3n del FSM a la conservaci\u00f3n sirve como inspiraci\u00f3n. A trav\u00e9s de esfuerzos colaborativos, podemos proteger a los albatros y defender la integridad ecol\u00f3gica de las Islas Gal\u00e1pagos para las generaciones venideras. <\/p>\n<p>Te invitamos a unirte a nosotros en nuestra misi\u00f3n de <strong>preservar y salvaguardar este tesoro natural<\/strong> en beneficio de todos.<\/p>\n<\/p><\/div>\n","protected":false},"excerpt":{"rendered":"<p>Imag\u00ednese un para\u00edso soleado en el Oc\u00e9ano Pac\u00edfico llamado Islas Gal\u00e1pagos, donde animales frescos como los albatros deambulan libremente. Pero hay un problema no tan<\/p>\n","protected":false},"author":1,"featured_media":959,"comment_status":"closed","ping_status":"","sticky":false,"template":"","format":"standard","meta":{"footnotes":""},"categories":[68],"tags":[1256,421,1252,543,420,1253,1254,62,1255,1006],"class_list":["post-958","post","type-post","status-publish","format-standard","has-post-thumbnail","hentry","category-fauna-y-flora","tag-albatros","tag-ano","tag-apoyando","tag-conservacion","tag-despues","tag-fondo","tag-galapagos","tag-los","tag-proteccion","tag-resultados","generate-columns","tablet-grid-50","mobile-grid-100","grid-parent","grid-50"],"yoast_head":"<!-- This site is optimized with the Yoast SEO plugin v23.4 - https:\/\/yoast.com\/wordpress\/plugins\/seo\/ -->\n<title>Apoyando al Fondo de Conservaci\u00f3n de Gal\u00e1pagos en la protecci\u00f3n de los albatros: resultados, un a\u00f1o despu\u00e9s. - Consejos - Santa Catarina<\/title>\n<meta name=\"robots\" content=\"index, follow, max-snippet:-1, max-image-preview:large, max-video-preview:-1\" \/>\n<link rel=\"canonical\" href=\"https:\/\/stacatarina.mx\/consejos\/apoyando-al-fondo-de-conservacion-de-galapagos-en-la-proteccion-de-los-albatros-resultados-un-ano-despues\/\" \/>\n<meta property=\"og:locale\" content=\"es_MX\" \/>\n<meta property=\"og:type\" content=\"article\" \/>\n<meta property=\"og:title\" content=\"Apoyando al Fondo de Conservaci\u00f3n de Gal\u00e1pagos en la protecci\u00f3n de los albatros: resultados, un a\u00f1o despu\u00e9s. - Consejos - Santa Catarina\" \/>\n<meta property=\"og:description\" content=\"Imag\u00ednese un para\u00edso soleado en el Oc\u00e9ano Pac\u00edfico llamado Islas Gal\u00e1pagos, donde animales frescos como los albatros deambulan libremente. Pero hay un problema no tan\" \/>\n<meta property=\"og:url\" content=\"https:\/\/stacatarina.mx\/consejos\/apoyando-al-fondo-de-conservacion-de-galapagos-en-la-proteccion-de-los-albatros-resultados-un-ano-despues\/\" \/>\n<meta property=\"og:site_name\" content=\"Santa Catarina\" \/>\n<meta property=\"article:publisher\" content=\"https:\/\/www.facebook.com\/stacatarinagob\/\" \/>\n<meta property=\"article:published_time\" content=\"2024-10-23T09:28:46+00:00\" \/>\n<meta property=\"article:modified_time\" content=\"2024-10-23T09:28:47+00:00\" \/>\n<meta property=\"og:image\" content=\"https:\/\/stacatarina.mx\/consejos\/wp-content\/uploads\/2024\/10\/Apoyando-al-Fondo-de-Conservacion-de-Galapagos-en-la-proteccion.jpg\" \/>\n\t<meta property=\"og:image:width\" content=\"900\" \/>\n\t<meta property=\"og:image:height\" content=\"640\" \/>\n\t<meta property=\"og:image:type\" content=\"image\/jpeg\" \/>\n<meta name=\"author\" content=\"Pedro Mart\u00ednez\" \/>\n<meta name=\"twitter:card\" content=\"summary_large_image\" \/>\n<meta name=\"twitter:creator\" content=\"@stacatarinagob\" \/>\n<meta name=\"twitter:site\" content=\"@stacatarinagob\" \/>\n<meta name=\"twitter:label1\" content=\"Escrito por\" \/>\n\t<meta name=\"twitter:data1\" content=\"Pedro Mart\u00ednez\" \/>\n\t<meta name=\"twitter:label2\" content=\"Tiempo de lectura\" \/>\n\t<meta name=\"twitter:data2\" content=\"3 minutos\" \/>\n<script type=\"application\/ld+json\" class=\"yoast-schema-graph\">{\"@context\":\"https:\/\/schema.org\",\"@graph\":[{\"@type\":\"Article\",\"@id\":\"https:\/\/stacatarina.mx\/consejos\/apoyando-al-fondo-de-conservacion-de-galapagos-en-la-proteccion-de-los-albatros-resultados-un-ano-despues\/#article\",\"isPartOf\":{\"@id\":\"https:\/\/stacatarina.mx\/consejos\/apoyando-al-fondo-de-conservacion-de-galapagos-en-la-proteccion-de-los-albatros-resultados-un-ano-despues\/\"},\"author\":{\"name\":\"Pedro Mart\u00ednez\",\"@id\":\"https:\/\/stacatarina.mx\/consejos\/#\/schema\/person\/0be60adffa8e4c4d0828fdf021450e8a\"},\"headline\":\"Apoyando al Fondo de Conservaci\u00f3n de Gal\u00e1pagos en la protecci\u00f3n de los albatros: resultados, un a\u00f1o despu\u00e9s.\",\"datePublished\":\"2024-10-23T09:28:46+00:00\",\"dateModified\":\"2024-10-23T09:28:47+00:00\",\"mainEntityOfPage\":{\"@id\":\"https:\/\/stacatarina.mx\/consejos\/apoyando-al-fondo-de-conservacion-de-galapagos-en-la-proteccion-de-los-albatros-resultados-un-ano-despues\/\"},\"wordCount\":717,\"publisher\":{\"@id\":\"https:\/\/stacatarina.mx\/consejos\/#organization\"},\"image\":{\"@id\":\"https:\/\/stacatarina.mx\/consejos\/apoyando-al-fondo-de-conservacion-de-galapagos-en-la-proteccion-de-los-albatros-resultados-un-ano-despues\/#primaryimage\"},\"thumbnailUrl\":\"https:\/\/stacatarina.mx\/consejos\/wp-content\/uploads\/2024\/10\/Apoyando-al-Fondo-de-Conservacion-de-Galapagos-en-la-proteccion.jpg\",\"keywords\":[\"albatros\",\"a\u00f1o\",\"Apoyando\",\"conservaci\u00f3n\",\"despu\u00e9s\",\"Fondo\",\"Gal\u00e1pagos\",\"los\",\"protecci\u00f3n\",\"resultados\"],\"articleSection\":[\"Fauna y Flora\"],\"inLanguage\":\"es\"},{\"@type\":\"WebPage\",\"@id\":\"https:\/\/stacatarina.mx\/consejos\/apoyando-al-fondo-de-conservacion-de-galapagos-en-la-proteccion-de-los-albatros-resultados-un-ano-despues\/\",\"url\":\"https:\/\/stacatarina.mx\/consejos\/apoyando-al-fondo-de-conservacion-de-galapagos-en-la-proteccion-de-los-albatros-resultados-un-ano-despues\/\",\"name\":\"Apoyando al Fondo de Conservaci\u00f3n de Gal\u00e1pagos en la protecci\u00f3n de los albatros: resultados, un a\u00f1o despu\u00e9s. - Consejos - Santa Catarina\",\"isPartOf\":{\"@id\":\"https:\/\/stacatarina.mx\/consejos\/#website\"},\"primaryImageOfPage\":{\"@id\":\"https:\/\/stacatarina.mx\/consejos\/apoyando-al-fondo-de-conservacion-de-galapagos-en-la-proteccion-de-los-albatros-resultados-un-ano-despues\/#primaryimage\"},\"image\":{\"@id\":\"https:\/\/stacatarina.mx\/consejos\/apoyando-al-fondo-de-conservacion-de-galapagos-en-la-proteccion-de-los-albatros-resultados-un-ano-despues\/#primaryimage\"},\"thumbnailUrl\":\"https:\/\/stacatarina.mx\/consejos\/wp-content\/uploads\/2024\/10\/Apoyando-al-Fondo-de-Conservacion-de-Galapagos-en-la-proteccion.jpg\",\"datePublished\":\"2024-10-23T09:28:46+00:00\",\"dateModified\":\"2024-10-23T09:28:47+00:00\",\"breadcrumb\":{\"@id\":\"https:\/\/stacatarina.mx\/consejos\/apoyando-al-fondo-de-conservacion-de-galapagos-en-la-proteccion-de-los-albatros-resultados-un-ano-despues\/#breadcrumb\"},\"inLanguage\":\"es\",\"potentialAction\":[{\"@type\":\"ReadAction\",\"target\":[\"https:\/\/stacatarina.mx\/consejos\/apoyando-al-fondo-de-conservacion-de-galapagos-en-la-proteccion-de-los-albatros-resultados-un-ano-despues\/\"]}]},{\"@type\":\"ImageObject\",\"inLanguage\":\"es\",\"@id\":\"https:\/\/stacatarina.mx\/consejos\/apoyando-al-fondo-de-conservacion-de-galapagos-en-la-proteccion-de-los-albatros-resultados-un-ano-despues\/#primaryimage\",\"url\":\"https:\/\/stacatarina.mx\/consejos\/wp-content\/uploads\/2024\/10\/Apoyando-al-Fondo-de-Conservacion-de-Galapagos-en-la-proteccion.jpg\",\"contentUrl\":\"https:\/\/stacatarina.mx\/consejos\/wp-content\/uploads\/2024\/10\/Apoyando-al-Fondo-de-Conservacion-de-Galapagos-en-la-proteccion.jpg\",\"width\":900,\"height\":640,\"caption\":\"Supporting Galapagos Conservation Trust in Protecting the Albatrosses: Results, one year on\"},{\"@type\":\"BreadcrumbList\",\"@id\":\"https:\/\/stacatarina.mx\/consejos\/apoyando-al-fondo-de-conservacion-de-galapagos-en-la-proteccion-de-los-albatros-resultados-un-ano-despues\/#breadcrumb\",\"itemListElement\":[{\"@type\":\"ListItem\",\"position\":1,\"name\":\"Inicio\",\"item\":\"https:\/\/stacatarina.mx\/consejos\/\"},{\"@type\":\"ListItem\",\"position\":2,\"name\":\"Apoyando al Fondo de Conservaci\u00f3n de Gal\u00e1pagos en la protecci\u00f3n de los albatros: resultados, un a\u00f1o despu\u00e9s.\"}]},{\"@type\":\"WebSite\",\"@id\":\"https:\/\/stacatarina.mx\/consejos\/#website\",\"url\":\"https:\/\/stacatarina.mx\/consejos\/\",\"name\":\"Santa Catarina\",\"description\":\"\",\"publisher\":{\"@id\":\"https:\/\/stacatarina.mx\/consejos\/#organization\"},\"potentialAction\":[{\"@type\":\"SearchAction\",\"target\":{\"@type\":\"EntryPoint\",\"urlTemplate\":\"https:\/\/stacatarina.mx\/consejos\/?s={search_term_string}\"},\"query-input\":{\"@type\":\"PropertyValueSpecification\",\"valueRequired\":true,\"valueName\":\"search_term_string\"}}],\"inLanguage\":\"es\"},{\"@type\":\"Organization\",\"@id\":\"https:\/\/stacatarina.mx\/consejos\/#organization\",\"name\":\"Santa Catarina\",\"url\":\"https:\/\/stacatarina.mx\/consejos\/\",\"logo\":{\"@type\":\"ImageObject\",\"inLanguage\":\"es\",\"@id\":\"https:\/\/stacatarina.mx\/consejos\/#\/schema\/logo\/image\/\",\"url\":\"https:\/\/stacatarina.mx\/consejos\/wp-content\/uploads\/2024\/09\/cropped-favicon-1-1.png\",\"contentUrl\":\"https:\/\/stacatarina.mx\/consejos\/wp-content\/uploads\/2024\/09\/cropped-favicon-1-1.png\",\"width\":512,\"height\":512,\"caption\":\"Santa Catarina\"},\"image\":{\"@id\":\"https:\/\/stacatarina.mx\/consejos\/#\/schema\/logo\/image\/\"},\"sameAs\":[\"https:\/\/www.facebook.com\/stacatarinagob\/\",\"https:\/\/x.com\/stacatarinagob\",\"https:\/\/www.instagram.com\/stacatarinagob\/\",\"https:\/\/www.youtube.com\/channel\/UCK-6cQJL_904665N1_nLTWw\"]},{\"@type\":\"Person\",\"@id\":\"https:\/\/stacatarina.mx\/consejos\/#\/schema\/person\/0be60adffa8e4c4d0828fdf021450e8a\",\"name\":\"Pedro Mart\u00ednez\",\"image\":{\"@type\":\"ImageObject\",\"inLanguage\":\"es\",\"@id\":\"https:\/\/stacatarina.mx\/consejos\/#\/schema\/person\/image\/\",\"url\":\"https:\/\/stacatarina.mx\/consejos\/wp-content\/uploads\/2024\/09\/stacatarina.jpg\",\"contentUrl\":\"https:\/\/stacatarina.mx\/consejos\/wp-content\/uploads\/2024\/09\/stacatarina.jpg\",\"caption\":\"Pedro Mart\u00ednez\"},\"description\":\"Hola, soy Pedro Mart\u00ednez, redactor jefe del sitio oficial del ayuntamiento de Santa Catarina, en M\u00e9xico. Con m\u00e1s de diez a\u00f1os de experiencia en el periodismo local, tengo una pasi\u00f3n por la investigaci\u00f3n y la difusi\u00f3n de informaci\u00f3n que valoriza nuestra hermosa comunidad. Mi compromiso es hacer de Santa Catarina una referencia en materia de transparencia y comunicaci\u00f3n municipal.\",\"sameAs\":[\"https:\/\/stacatarina.mx\/\"]}]}<\/script>\n<!-- \/ Yoast SEO plugin. -->","yoast_head_json":{"title":"Apoyando al Fondo de Conservaci\u00f3n de Gal\u00e1pagos en la protecci\u00f3n de los albatros: resultados, un a\u00f1o despu\u00e9s. - Consejos - Santa Catarina","robots":{"index":"index","follow":"follow","max-snippet":"max-snippet:-1","max-image-preview":"max-image-preview:large","max-video-preview":"max-video-preview:-1"},"canonical":"https:\/\/stacatarina.mx\/consejos\/apoyando-al-fondo-de-conservacion-de-galapagos-en-la-proteccion-de-los-albatros-resultados-un-ano-despues\/","og_locale":"es_MX","og_type":"article","og_title":"Apoyando al Fondo de Conservaci\u00f3n de Gal\u00e1pagos en la protecci\u00f3n de los albatros: resultados, un a\u00f1o despu\u00e9s. - Consejos - Santa Catarina","og_description":"Imag\u00ednese un para\u00edso soleado en el Oc\u00e9ano Pac\u00edfico llamado Islas Gal\u00e1pagos, donde animales frescos como los albatros deambulan libremente. Pero hay un problema no tan","og_url":"https:\/\/stacatarina.mx\/consejos\/apoyando-al-fondo-de-conservacion-de-galapagos-en-la-proteccion-de-los-albatros-resultados-un-ano-despues\/","og_site_name":"Santa Catarina","article_publisher":"https:\/\/www.facebook.com\/stacatarinagob\/","article_published_time":"2024-10-23T09:28:46+00:00","article_modified_time":"2024-10-23T09:28:47+00:00","og_image":[{"width":900,"height":640,"url":"https:\/\/stacatarina.mx\/consejos\/wp-content\/uploads\/2024\/10\/Apoyando-al-Fondo-de-Conservacion-de-Galapagos-en-la-proteccion.jpg","type":"image\/jpeg"}],"author":"Pedro Mart\u00ednez","twitter_card":"summary_large_image","twitter_creator":"@stacatarinagob","twitter_site":"@stacatarinagob","twitter_misc":{"Escrito por":"Pedro Mart\u00ednez","Tiempo de lectura":"3 minutos"},"schema":{"@context":"https:\/\/schema.org","@graph":[{"@type":"Article","@id":"https:\/\/stacatarina.mx\/consejos\/apoyando-al-fondo-de-conservacion-de-galapagos-en-la-proteccion-de-los-albatros-resultados-un-ano-despues\/#article","isPartOf":{"@id":"https:\/\/stacatarina.mx\/consejos\/apoyando-al-fondo-de-conservacion-de-galapagos-en-la-proteccion-de-los-albatros-resultados-un-ano-despues\/"},"author":{"name":"Pedro Mart\u00ednez","@id":"https:\/\/stacatarina.mx\/consejos\/#\/schema\/person\/0be60adffa8e4c4d0828fdf021450e8a"},"headline":"Apoyando al Fondo de Conservaci\u00f3n de Gal\u00e1pagos en la protecci\u00f3n de los albatros: resultados, un a\u00f1o despu\u00e9s.","datePublished":"2024-10-23T09:28:46+00:00","dateModified":"2024-10-23T09:28:47+00:00","mainEntityOfPage":{"@id":"https:\/\/stacatarina.mx\/consejos\/apoyando-al-fondo-de-conservacion-de-galapagos-en-la-proteccion-de-los-albatros-resultados-un-ano-despues\/"},"wordCount":717,"publisher":{"@id":"https:\/\/stacatarina.mx\/consejos\/#organization"},"image":{"@id":"https:\/\/stacatarina.mx\/consejos\/apoyando-al-fondo-de-conservacion-de-galapagos-en-la-proteccion-de-los-albatros-resultados-un-ano-despues\/#primaryimage"},"thumbnailUrl":"https:\/\/stacatarina.mx\/consejos\/wp-content\/uploads\/2024\/10\/Apoyando-al-Fondo-de-Conservacion-de-Galapagos-en-la-proteccion.jpg","keywords":["albatros","a\u00f1o","Apoyando","conservaci\u00f3n","despu\u00e9s","Fondo","Gal\u00e1pagos","los","protecci\u00f3n","resultados"],"articleSection":["Fauna y Flora"],"inLanguage":"es"},{"@type":"WebPage","@id":"https:\/\/stacatarina.mx\/consejos\/apoyando-al-fondo-de-conservacion-de-galapagos-en-la-proteccion-de-los-albatros-resultados-un-ano-despues\/","url":"https:\/\/stacatarina.mx\/consejos\/apoyando-al-fondo-de-conservacion-de-galapagos-en-la-proteccion-de-los-albatros-resultados-un-ano-despues\/","name":"Apoyando al Fondo de Conservaci\u00f3n de Gal\u00e1pagos en la protecci\u00f3n de los albatros: resultados, un a\u00f1o despu\u00e9s. - Consejos - Santa Catarina","isPartOf":{"@id":"https:\/\/stacatarina.mx\/consejos\/#website"},"primaryImageOfPage":{"@id":"https:\/\/stacatarina.mx\/consejos\/apoyando-al-fondo-de-conservacion-de-galapagos-en-la-proteccion-de-los-albatros-resultados-un-ano-despues\/#primaryimage"},"image":{"@id":"https:\/\/stacatarina.mx\/consejos\/apoyando-al-fondo-de-conservacion-de-galapagos-en-la-proteccion-de-los-albatros-resultados-un-ano-despues\/#primaryimage"},"thumbnailUrl":"https:\/\/stacatarina.mx\/consejos\/wp-content\/uploads\/2024\/10\/Apoyando-al-Fondo-de-Conservacion-de-Galapagos-en-la-proteccion.jpg","datePublished":"2024-10-23T09:28:46+00:00","dateModified":"2024-10-23T09:28:47+00:00","breadcrumb":{"@id":"https:\/\/stacatarina.mx\/consejos\/apoyando-al-fondo-de-conservacion-de-galapagos-en-la-proteccion-de-los-albatros-resultados-un-ano-despues\/#breadcrumb"},"inLanguage":"es","potentialAction":[{"@type":"ReadAction","target":["https:\/\/stacatarina.mx\/consejos\/apoyando-al-fondo-de-conservacion-de-galapagos-en-la-proteccion-de-los-albatros-resultados-un-ano-despues\/"]}]},{"@type":"ImageObject","inLanguage":"es","@id":"https:\/\/stacatarina.mx\/consejos\/apoyando-al-fondo-de-conservacion-de-galapagos-en-la-proteccion-de-los-albatros-resultados-un-ano-despues\/#primaryimage","url":"https:\/\/stacatarina.mx\/consejos\/wp-content\/uploads\/2024\/10\/Apoyando-al-Fondo-de-Conservacion-de-Galapagos-en-la-proteccion.jpg","contentUrl":"https:\/\/stacatarina.mx\/consejos\/wp-content\/uploads\/2024\/10\/Apoyando-al-Fondo-de-Conservacion-de-Galapagos-en-la-proteccion.jpg","width":900,"height":640,"caption":"Supporting Galapagos Conservation Trust in Protecting the Albatrosses: Results, one year on"},{"@type":"BreadcrumbList","@id":"https:\/\/stacatarina.mx\/consejos\/apoyando-al-fondo-de-conservacion-de-galapagos-en-la-proteccion-de-los-albatros-resultados-un-ano-despues\/#breadcrumb","itemListElement":[{"@type":"ListItem","position":1,"name":"Inicio","item":"https:\/\/stacatarina.mx\/consejos\/"},{"@type":"ListItem","position":2,"name":"Apoyando al Fondo de Conservaci\u00f3n de Gal\u00e1pagos en la protecci\u00f3n de los albatros: resultados, un a\u00f1o despu\u00e9s."}]},{"@type":"WebSite","@id":"https:\/\/stacatarina.mx\/consejos\/#website","url":"https:\/\/stacatarina.mx\/consejos\/","name":"Santa Catarina","description":"","publisher":{"@id":"https:\/\/stacatarina.mx\/consejos\/#organization"},"potentialAction":[{"@type":"SearchAction","target":{"@type":"EntryPoint","urlTemplate":"https:\/\/stacatarina.mx\/consejos\/?s={search_term_string}"},"query-input":{"@type":"PropertyValueSpecification","valueRequired":true,"valueName":"search_term_string"}}],"inLanguage":"es"},{"@type":"Organization","@id":"https:\/\/stacatarina.mx\/consejos\/#organization","name":"Santa Catarina","url":"https:\/\/stacatarina.mx\/consejos\/","logo":{"@type":"ImageObject","inLanguage":"es","@id":"https:\/\/stacatarina.mx\/consejos\/#\/schema\/logo\/image\/","url":"https:\/\/stacatarina.mx\/consejos\/wp-content\/uploads\/2024\/09\/cropped-favicon-1-1.png","contentUrl":"https:\/\/stacatarina.mx\/consejos\/wp-content\/uploads\/2024\/09\/cropped-favicon-1-1.png","width":512,"height":512,"caption":"Santa Catarina"},"image":{"@id":"https:\/\/stacatarina.mx\/consejos\/#\/schema\/logo\/image\/"},"sameAs":["https:\/\/www.facebook.com\/stacatarinagob\/","https:\/\/x.com\/stacatarinagob","https:\/\/www.instagram.com\/stacatarinagob\/","https:\/\/www.youtube.com\/channel\/UCK-6cQJL_904665N1_nLTWw"]},{"@type":"Person","@id":"https:\/\/stacatarina.mx\/consejos\/#\/schema\/person\/0be60adffa8e4c4d0828fdf021450e8a","name":"Pedro Mart\u00ednez","image":{"@type":"ImageObject","inLanguage":"es","@id":"https:\/\/stacatarina.mx\/consejos\/#\/schema\/person\/image\/","url":"https:\/\/stacatarina.mx\/consejos\/wp-content\/uploads\/2024\/09\/stacatarina.jpg","contentUrl":"https:\/\/stacatarina.mx\/consejos\/wp-content\/uploads\/2024\/09\/stacatarina.jpg","caption":"Pedro Mart\u00ednez"},"description":"Hola, soy Pedro Mart\u00ednez, redactor jefe del sitio oficial del ayuntamiento de Santa Catarina, en M\u00e9xico. Con m\u00e1s de diez a\u00f1os de experiencia en el periodismo local, tengo una pasi\u00f3n por la investigaci\u00f3n y la difusi\u00f3n de informaci\u00f3n que valoriza nuestra hermosa comunidad. Mi compromiso es hacer de Santa Catarina una referencia en materia de transparencia y comunicaci\u00f3n municipal.","sameAs":["https:\/\/stacatarina.mx\/"]}]}},"_links":{"self":[{"href":"https:\/\/stacatarina.mx\/consejos\/wp-json\/wp\/v2\/posts\/958"}],"collection":[{"href":"https:\/\/stacatarina.mx\/consejos\/wp-json\/wp\/v2\/posts"}],"about":[{"href":"https:\/\/stacatarina.mx\/consejos\/wp-json\/wp\/v2\/types\/post"}],"author":[{"embeddable":true,"href":"https:\/\/stacatarina.mx\/consejos\/wp-json\/wp\/v2\/users\/1"}],"replies":[{"embeddable":true,"href":"https:\/\/stacatarina.mx\/consejos\/wp-json\/wp\/v2\/comments?post=958"}],"version-history":[{"count":1,"href":"https:\/\/stacatarina.mx\/consejos\/wp-json\/wp\/v2\/posts\/958\/revisions"}],"predecessor-version":[{"id":960,"href":"https:\/\/stacatarina.mx\/consejos\/wp-json\/wp\/v2\/posts\/958\/revisions\/960"}],"wp:featuredmedia":[{"embeddable":true,"href":"https:\/\/stacatarina.mx\/consejos\/wp-json\/wp\/v2\/media\/959"}],"wp:attachment":[{"href":"https:\/\/stacatarina.mx\/consejos\/wp-json\/wp\/v2\/media?parent=958"}],"wp:term":[{"taxonomy":"category","embeddable":true,"href":"https:\/\/stacatarina.mx\/consejos\/wp-json\/wp\/v2\/categories?post=958"},{"taxonomy":"post_tag","embeddable":true,"href":"https:\/\/stacatarina.mx\/consejos\/wp-json\/wp\/v2\/tags?post=958"}],"curies":[{"name":"wp","href":"https:\/\/api.w.org\/{rel}","templated":true}]}}